{"id":511521,"date":"2024-02-29T15:57:15","date_gmt":"2024-02-29T19:57:15","guid":{"rendered":"https:\/\/diariodominicano.com\/?p=511521"},"modified":"2024-02-29T15:57:15","modified_gmt":"2024-02-29T19:57:15","slug":"durante-discurso-de-rendicion-de-cuentas-presidente-de-la-republica-califica-como-un-hito-historico-servicio-de-los-comedores-economicos-del-estado-en-el-2023","status":"publish","type":"post","link":"https:\/\/diariodominicano.com\/?p=511521","title":{"rendered":"Durante discurso de Rendici\u00f3n de Cuentas presidente de la Rep\u00fablica califica como un \u201chito hist\u00f3rico\u201d servicio de los Comedores Econ\u00f3micos del Estado en el 2023"},"content":{"rendered":"\n<p><em>Al hacer la rese\u00f1a sobre la pol\u00edtica social del gobierno, el primer mandatario de la naci\u00f3n Luis Abinader Corona, mostr\u00f3 los avances que en materia de seguridad alimentaria se han alcanzados a trav\u00e9s del servicio que brindan los Comedores Econ\u00f3micos del Estado en la presente gesti\u00f3n de su director Edgar Augusto F\u00e9liz M\u00e9ndez.<\/em><\/p>\n\n\n\n<p><strong>SANTO DOMINGO. &#8211;<\/strong>&nbsp;El presidente de la Rep\u00fablica Luis Abinader Corona, destac\u00f3 la labor social que realizan los Comedores Econ\u00f3micos del Estado, garantizando una alimentaci\u00f3n con los nutrientes necesarios a trav\u00e9s del&nbsp;servicio que ofrecen diariamente, para resguardar la salud y vida de la poblaci\u00f3n m\u00e1s vulnerable&nbsp;del pa\u00eds, en la presente gesti\u00f3n del director de la instituci\u00f3n, Edgar Augusto F\u00e9liz M\u00e9ndez.<\/p>\n\n\n\n<p>El presidente Abinader en su \u00faltima Rendici\u00f3n de Cuentas de este per\u00edodo de gobierno en la Asamblea Nacional, explic\u00f3 que en el pasado a\u00f1o 2023 la producci\u00f3n fue de 45.0 millones de raciones cocidas beneficiando alrededor de 2 millones de dominicanos y dominicanas, constituyendo esto un hito en la historia de los Comedores Econ\u00f3micos.&nbsp;<\/p>\n\n\n\n<p>\u201cQuiero destacar las labores de los Comedores Econ\u00f3micos. En el 2023 se dejaron habilitados 61 nuevo comedores y expendios. Esta ampliaci\u00f3n ha tenido como resultado que durante este gobierno se pas\u00f3 de 36 comedores existentes en agosto del 2020 a un total de 116 comedores en la actualidad, y la producci\u00f3n fue 45 millones de raciones cocidas, beneficiando alrededor de 2 millones de dominicanos y que lo necesitaban, constituyendo esto un hito en la historia de los Comedores Econ\u00f3micos\u201d, resalt\u00f3 el presidente Abinader.<\/p>\n\n\n\n<p>\u201cQuiero destacar las labores de los Comedores Econ\u00f3micos. En el 2023 se dejaron habilitados 61 nuevo comedores y expendios. Esta ampliaci\u00f3n ha tenido como resultado que durante este gobierno se pas\u00f3 de 36 comedores existentes en agosto del 2020 a un total de 116 comedores en la actualidad, y la producci\u00f3n fue 45 millones de raciones cocidas, beneficiando alrededor de 2 millones de dominicanos y que lo necesitaban, constituyendo esto un hito en la historia de los Comedores Econ\u00f3micos\u201d, resalt\u00f3 el presidente Abinader.<\/p>\n\n\n\n<p>Continuando en consonancia con las directrices del jefe del Estado dominicano de instalar nuevos comedores en las provincias, municipios, distritos municipales y sectores que carecen de ellos, en el a\u00f1o 2023 se habilitaron 61 nuevos comedores y expendios en diferentes comunidades y sectores del Gran Santo Domingo.<\/p>\n\n\n\n<p>Entre los que se encuentran: Cabral; Cien Fuegos; Cotu\u00ed; CEA (Distrito Nacional); Duverg\u00e9; El Pino; Herrera); Jaquimeye; Jima Abajo; La Victoria; Las Charcas de Mar\u00eda Novas; Las Yayas de Azua; Loma de Cabrera; Mena, Nizao; Padre Las Casas; Pe\u00f1on (Barahona); Polo (Barahona); Tamayo (Bahoruco); Vicente Noble (Barahona); Yamas\u00e1 Monte Plata; Escuela Polic\u00eda (Rio San Juan); UASD Bonao; UASD Nagua; UASD San Francisco de Macor\u00eds; UASD Uteco (S\u00e1nchez Ram\u00edrez)<\/p>\n\n\n\n<p>Adem\u00e1s, Arroyo Dulce Barahona; Batey 5 (Barahona); Guayabal (Azua); Juancho (Pedernales); Los Patos (Barahona); Palo Alto (Barahona); Quita Coraza (Barahona); Ban\u00ed (Peravia); Batey 8 (Bahoruco); Boca Chica; Cevicos (S\u00e1nchez Ram\u00edrez); El Rosario (Azua); Esteban\u00eda (Azua); Fundaci\u00f3n (Barahona); Hostos (San Francisco de Macor\u00eds); Jiman\u00ed (Independencia).<\/p>\n\n\n\n<p>Tambi\u00e9n, La Ci\u00e9nega (Barahona); La Descubierta (Bahoruco); Los Frailes; (Los R\u00edos (Bahoruco); Palo Alto (Bahoruco); Postre R\u00edo (Bahoruco); Pueblo Viejo (Azua); Sabana de la Mar (Hato Mayor); Salina (Barahona); San Jos\u00e9 de los Llanos (San Pedro de Macor\u00eds); Tabara Arriba (Azua); Villa Central (Barahona); Villa Jaragua (Bahoruco); Capotillo; El Dique; Hospital Robert R. Cabral; La Barquita; La Virgen; Oviedo (Pedernales) y Pedro Brand.<\/p>\n\n\n\n<p>Esta extraordinaria ampliaci\u00f3n de la capacidad productiva de la instituci\u00f3n ha permitido que, de entregar 621 mil 790 raciones cocidas en el mes de septiembre del 2020, en la actualidad se producen en un mes 3 millones 536 mil 165 como fue el caso del mes noviembre 2023.<\/p>\n\n\n\n<p>Los Comedores Econ\u00f3micos ha ampliado en m\u00e1s del 600% su capacidad diaria de producci\u00f3n de alimentos cocidos, con una inversi\u00f3n en el a\u00f1o 2023 de RD$2,294,189,455.62 en la adquisici\u00f3n de insumos para la elaboraci\u00f3n de raciones cocidas y crudas en comedores fijos, cocinas m\u00f3viles, expendios y centros penitenciarios regulados por el acuerdo con la Procuradur\u00eda General de la Rep\u00fablica.<\/p>\n\n\n\n<p>&nbsp;<strong>PROGRAMAS DE ASISTENCIA SOCIAL<\/strong><\/p>\n\n\n\n<p>A trav\u00e9s de los diferentes programas sociales se entregan raciones cocidas en comedores fijos y cocinas m\u00f3viles, al igual que combos de raciones crudas como&nbsp;&nbsp; donaci\u00f3n a diferentes organizaciones sin fines de lucro, juntas de vecinos, iglesias y operativos especiales.<\/p>\n\n\n\n<p><strong>SUMINISTRO DE ALIMENTOS A LOS PRIVADOS DE LIBERTAD<\/strong><\/p>\n\n\n\n<p>Durante el 2023 fueron entregadas 45,307,781 raciones cocidas y 26,339,022 a m\u00e1s de 30 mil privados de libertad en 54 centros cancelarios, con una inversi\u00f3n de alrededor de RD$860 millones de pesos. En comparaci\u00f3n con la pasada gesti\u00f3n que con un presupuesto de m\u00e1s de RD$900 millones atend\u00edan a 15 mil privados de libertad en 27 centros carcelarios, lo que demuestra la eficiencia y transparencia de los recursos en esta gesti\u00f3n.<\/p>\n\n\n\n<p><strong>&nbsp;<\/strong><strong>NAVIDAD DEL CAMBIO 2023<\/strong><\/p>\n\n\n\n<p>Dando continuidad por tercer a\u00f1o consecutivo al programa \u201cLa Navidad del Cambio\u201d, se entregaron 1.6 millones de raciones tipo buffet navide\u00f1o, equivalentes a 11 millones 714 mil 245 de raciones ordinarias de las servidas diariamente.&nbsp; Adem\u00e1s, entre los meses diciembre 2023-enero 2024 se entregaron m\u00e1s de 200,000 combos de alimentos crudos; la inversi\u00f3n total del programa fue de RD$800,699,786.94.<\/p>\n\n\n\n<p><strong>Divisi\u00f3n de Comunicaci\u00f3n<\/strong><\/p>\n","protected":false},"excerpt":{"rendered":"<p>Al hacer la rese\u00f1a sobre la pol\u00edtica social del gobierno, el primer mandatario de la naci\u00f3n Luis Abinader Corona, mostr\u00f3 los avances que en materia de seguridad alimentaria se han alcanzados a trav\u00e9s del servicio que brindan los Comedores Econ\u00f3micos del Estado en la presente gesti\u00f3n de su director Edgar Augusto F\u00e9liz M\u00e9ndez. SANTO DOMINGO. [&hellip;]<\/p>\n","protected":false},"author":7,"featured_media":0,"comment_status":"closed","ping_status":"","sticky":false,"template":"","format":"standard","meta":{"footnotes":""},"categories":[20],"tags":[],"class_list":["post-511521","post","type-post","status-publish","format-standard","hentry","category-dominicana-hoy"],"_links":{"self":[{"href":"https:\/\/diariodominicano.com\/index.php?rest_route=\/wp\/v2\/posts\/511521","targetHints":{"allow":["GET"]}}],"collection":[{"href":"https:\/\/diariodominicano.com\/index.php?rest_route=\/wp\/v2\/posts"}],"about":[{"href":"https:\/\/diariodominicano.com\/index.php?rest_route=\/wp\/v2\/types\/post"}],"author":[{"embeddable":true,"href":"https:\/\/diariodominicano.com\/index.php?rest_route=\/wp\/v2\/users\/7"}],"replies":[{"embeddable":true,"href":"https:\/\/diariodominicano.com\/index.php?rest_route=%2Fwp%2Fv2%2Fcomments&post=511521"}],"version-history":[{"count":1,"href":"https:\/\/diariodominicano.com\/index.php?rest_route=\/wp\/v2\/posts\/511521\/revisions"}],"predecessor-version":[{"id":511536,"href":"https:\/\/diariodominicano.com\/index.php?rest_route=\/wp\/v2\/posts\/511521\/revisions\/511536"}],"wp:attachment":[{"href":"https:\/\/diariodominicano.com\/index.php?rest_route=%2Fwp%2Fv2%2Fmedia&parent=511521"}],"wp:term":[{"taxonomy":"category","embeddable":true,"href":"https:\/\/diariodominicano.com\/index.php?rest_route=%2Fwp%2Fv2%2Fcategories&post=511521"},{"taxonomy":"post_tag","embeddable":true,"href":"https:\/\/diariodominicano.com\/index.php?rest_route=%2Fwp%2Fv2%2Ftags&post=511521"}],"curies":[{"name":"wp","href":"https:\/\/api.w.org\/{rel}","templated":true}]}}