{"id":51151,"date":"2020-07-30T01:40:49","date_gmt":"2020-07-30T01:40:49","guid":{"rendered":"http:\/\/diariodominicano.ddns.net\/?p=51151"},"modified":"2020-07-30T01:40:49","modified_gmt":"2020-07-30T01:40:49","slug":"duarte-va-al-exilio-para-impedir-ser-detenido-por-el-gobierno-de-haiti","status":"publish","type":"post","link":"https:\/\/diariodominicano.com\/?p=51151","title":{"rendered":"Duarte  va al exilio para impedir ser detenido por el Gobierno de Hait\u00ed"},"content":{"rendered":"<p><body><\/p>\n<p><img decoding=\"async\" src=\"img3\/duarte21.jpg\" \/>  <\/p>\n<p><strong>Duarte  va al exilio para impedir ser detenido por el Gobierno haitiano<\/strong><\/p>\n<p> El 30 de julio de 1843, Juan Pablo Duarte,  Pedro Alejandrino Pina y Juan Isidro P\u00e9rez se trasladaron a Pajarito, (hoy Villa Duarte) en la zona oriental y se refugiaron en la residencia del ciudadano espa\u00f1ol  Pascual C. L\u00f3pez.<\/p>\n<p><strong>Por H\u00e9ctor Tineo Nolasco<\/strong><\/p>\n<p><strong>Diariodominicano.com<\/strong><\/p>\n<p><strong>SANTO DOMINGO, el  30 de julio de 1843,<\/strong> el l\u00edder de la Trinitaria, Juan Pablo Duarte tom\u00f3 la decisi\u00f3n de salir de la ciudad de Santo Domingo  para evitar ser detenido por el cuerpo represivo del  Gobierno haitiano.<\/p>\n<\/p>\n<p>   El 30 de julio de 1843, Juan Pablo Duarte,  Pedro Alejandrino Pina y Juan Isidro P\u00e9rez se trasladaron a Pajarito, (hoy Villa Duarte) en la zona oriental y se refugiaron en la residencia del ciudadano espa\u00f1ol  Pascual C. L\u00f3pez.<\/p>\n<\/p>\n<p>    Antes, el mismo d\u00eda 30 de julio de 1843, Juan Pablo Duarte y Pedro Alejandrino Pina visitaron la residencia de Juan Alejandro Acosta y trataron sobre la forma en que saldr\u00edan al exilio para escapar a la persecuci\u00f3n del Gobierno haitiano.<\/p>\n<\/p>\n<p>    Rosa Duarte, en  \u00abApuntes para la Historia de la Isla de Santo Domingo\u00bb, anota que Duarte y sus amigos salieron de la residencia  a las 10 de la noche y cruzaron el r\u00edo en un bote para volver a la zona oriental donde se refugiaron en la residencia de  Pedro Cote, hasta el momento de la salida al extranjero.<\/p>\n<\/p>\n<p>     Duarte hab\u00eda recibido la informaci\u00f3n de que su cabeza ten\u00eda precio y por ello se le sugiri\u00f3 que saliera del pa\u00eds.<\/p>\n<\/p>\n<p>   Seg\u00fan el informante, el Gobierno haitiano daba \u00abpor el jefe de la revoluci\u00f3n\u00bb,  3000 pesos y la charretera de coronel, pero muchos cre\u00edan que era poco el monto de la oferta.<\/p>\n<\/p>\n<p>   El d\u00eda anterior, el 29 de julio de 1843, Juan Pablo Duarte y Pedro Alejandrino Pina, se refugiaron en la residencia del  se\u00f1or Jos\u00e9 Botello, en la ciudad de Santo Domingo.<\/p>\n<\/p>\n<p>   Juan Pablo Duarte y los dem\u00e1s miembros de La Trinitaria,  eran perseguidos por el Gobierno haitiano, porque ten\u00eda informes de que realizaban actividades para separarse de Hait\u00ed y fundar una  naci\u00f3n libre y soberana.<\/p>\n<\/p>\n<p>   Rosa Duarte, en  \u00abApuntes para la Historia de la isla de Santo Domingo\u00bb, anota que el d\u00eda 29  de julio de 1843, Duarte y Pedro Alejandrino Pina lo pasaron en la residencia del se\u00f1or  Jos\u00e9 Botello, \u00abbastante amargamente\u00bb.<\/p>\n<\/p>\n<p>    El Gobierno haitiano inici\u00f3 la ocupaci\u00f3n de la parte  oriental de la Isla de Santo Domingo, el d\u00eda 8 de febrero de 1822, cuando el Presidente haitiano Jean Pierre Boyer,  recibi\u00f3 las llaves de la ciudad  de manos del licenciado Jos\u00e9 N\u00fa\u00f1ez de C\u00e1ceres.<\/p>\n<\/p>\n<p>   Durante el mes de julio de 1843, las fuerzas militares del Gobierno haitiano intensificaron la persecuci\u00f3n contra los trinitarios.<\/p>\n<\/p>\n<p>   El d\u00eda 24 de julio de 1843, la residencia de la familia de Juan Pablo Duarte y la de su t\u00edo Jos\u00e9 D\u00edez, fueron allanadas por militares haitianos que trataban de localizar al l\u00edder trinitario.<\/p>\n<\/p>\n<p>    La requisa fue dirigida por el comandante haitiano Hip\u00f3lito Franquil, quien de acuerdo con la versi\u00f3n de Rosa  Duarte, \u00able acompa\u00f1aba una numerosa tropa de la que una parte cerc\u00f3 la manzana y la otra se introdujo en la casa dividida en dos filas de dos en fondo; una fila de soldados armados entr\u00f3 por el dormitorio principal hasta las piezas interiores; y la otra se extendi\u00f3 desde la calle pasando  por la sala hasta los corrales\u00bb.<\/p>\n<\/p>\n<p>     Ese d\u00eda Duarte y varios de sus compa\u00f1eros lograron escapar al saltar por patios de residencias vecinas hasta llegar a la casa del se\u00f1or  Teodoro Ariza.<\/p>\n<\/p>\n<p>     La Trinitaria  se encontraba en plena actividad desde el d\u00eda 16 de julio de 1838,  cuando un grupo de j\u00f3venes liderados por Juan Pablo Duarte la fundaron en la ciudad de Santo Domingo, con el objetivo de fundar la Rep\u00fablica Dominicana.<\/p>\n<\/p>\n<p>    El l\u00edder trinitario  Duarte, hab\u00eda estudiado en Estados Unidos y Europa. Sus conocimientos los aprovech\u00f3 para organizar la entidad pol\u00edtica que constituy\u00f3 La Trinitaria.<\/p>\n<\/p>\n<p>       El entusiasmo de Juan Pablo Duarte estimul\u00f3 a los j\u00f3venes de su generaci\u00f3n, lo que le permiti\u00f3 fundar el 16 de julio de 1838, la Sociedad Secreta La Trinitaria, en una reuni\u00f3n que celebraron en la residencia de la se\u00f1ora Josefa P\u00e9rez.<\/p>\n<\/p>\n<p>     Junto a Duarte fundaron  La Trinitaria, Juan Isidro P\u00e9rez, Pedro Alejandrino Pina, Felix Mar\u00eda Ru\u00edz, Benito Gonz\u00e1lez, Juan Nepomuceno Ravelo, Felipe Alfau, Jos\u00e9 Mar\u00eda Serra y Jacinto de la Concha.<\/p>\n<\/p>\n<h6> 2020-07-30 01:40:49 <\/h6>\n<p><!--\n<link rel=\"stylesheet\" href=\"css\/bootstrap.min.css\">\n\n\n<ul class=\"pagination\">\n\t    \n\t\n\n<li >\n\t<a href='?page_no=361'>Previous<\/a>\n\t<\/li>\n\n\n       \n    \n\n<li><a href='?page_no=1'>1<\/a><\/li>\n\n\n\n<li><a href='?page_no=2'>2<\/a><\/li>\n\n\n\n<li><a>...<\/a><\/li>\n\n\n\n<li><a href='?page_no=360'>360<\/a><\/li>\n\n\n\n<li><a href='?page_no=361'>361<\/a><\/li>\n\n\n\n<li class='active'><a>362<\/a><\/li>\n\n\n\n<li><a href='?page_no=363'>363<\/a><\/li>\n\n\n\n<li><a href='?page_no=364'>364<\/a><\/li>\n\n\n\n<li><a>...<\/a><\/li>\n\n\n\n<li><a href='?page_no=22911'>22911<\/a><\/li>\n\n\n\n<li><a href='?page_no=22912'>22912<\/a><\/li>\n\n    \n\t\n\n<li >\n\t<a href='?page_no=363'>Next<\/a>\n\t<\/li>\n\n\n    \n\n<li><a href='?page_no=22912'>Last &rsaquo;&rsaquo;<\/a><\/li>\n\n<\/ul>\n\n\n--><br \/>\n<\/body><\/p>\n","protected":false},"excerpt":{"rendered":"<p>Duarte va al exilio para impedir ser detenido por el Gobierno haitiano El 30 de julio de 1843, Juan Pablo Duarte, Pedro Alejandrino Pina y Juan Isidro P\u00e9rez se trasladaron a Pajarito, (hoy Villa Duarte) en la zona oriental y se refugiaron en la residencia del ciudadano espa\u00f1ol Pascual C. L\u00f3pez. Por H\u00e9ctor Tineo Nolasco [&hellip;]<\/p>\n","protected":false},"author":3,"featured_media":0,"comment_status":"open","ping_status":"open","sticky":false,"template":"","format":"standard","meta":{"footnotes":""},"categories":[21],"tags":[],"class_list":["post-51151","post","type-post","status-publish","format-standard","hentry","category-cultura"],"_links":{"self":[{"href":"https:\/\/diariodominicano.com\/index.php?rest_route=\/wp\/v2\/posts\/51151","targetHints":{"allow":["GET"]}}],"collection":[{"href":"https:\/\/diariodominicano.com\/index.php?rest_route=\/wp\/v2\/posts"}],"about":[{"href":"https:\/\/diariodominicano.com\/index.php?rest_route=\/wp\/v2\/types\/post"}],"author":[{"embeddable":true,"href":"https:\/\/diariodominicano.com\/index.php?rest_route=\/wp\/v2\/users\/3"}],"replies":[{"embeddable":true,"href":"https:\/\/diariodominicano.com\/index.php?rest_route=%2Fwp%2Fv2%2Fcomments&post=51151"}],"version-history":[{"count":0,"href":"https:\/\/diariodominicano.com\/index.php?rest_route=\/wp\/v2\/posts\/51151\/revisions"}],"wp:attachment":[{"href":"https:\/\/diariodominicano.com\/index.php?rest_route=%2Fwp%2Fv2%2Fmedia&parent=51151"}],"wp:term":[{"taxonomy":"category","embeddable":true,"href":"https:\/\/diariodominicano.com\/index.php?rest_route=%2Fwp%2Fv2%2Fcategories&post=51151"},{"taxonomy":"post_tag","embeddable":true,"href":"https:\/\/diariodominicano.com\/index.php?rest_route=%2Fwp%2Fv2%2Ftags&post=51151"}],"curies":[{"name":"wp","href":"https:\/\/api.w.org\/{rel}","templated":true}]}}