{"id":511482,"date":"2024-02-29T18:45:13","date_gmt":"2024-02-29T22:45:13","guid":{"rendered":"https:\/\/diariodominicano.com\/?p=511482"},"modified":"2024-02-29T18:47:32","modified_gmt":"2024-02-29T22:47:32","slug":"maffio-marcando-un-momento-historico-en-la-alfombra-de-premios-lo-nuestro","status":"publish","type":"post","link":"https:\/\/diariodominicano.com\/?p=511482","title":{"rendered":"Maffio, marcando un momento hist\u00f3rico en la alfombra de Premios Lo Nuestro"},"content":{"rendered":"\n<p>Miami Florida.- El multi galardonado productor Maffio fue uno de los invitados especiales de Premios lo Nuestro. &nbsp;<\/p>\n\n\n\n<p>Como gran sorpresa lleg\u00f3 acompa\u00f1ado de la nueva revelaci\u00f3n de este a\u00f1o Diana Landa cantautora venezolana quien ya se encuentra trabajando de la mano y bajo la producci\u00f3n de Maffio. <\/p>\n\n\n\n<p>Cabe destacar que se &nbsp;marc\u00f3 un momento hist\u00f3rico esta gran noche ya que por primera junto a &nbsp;Maffio nos acompa\u00f1aron en la alfombra de Premios lo Nuestro Los &nbsp;hermanos Marley\u2019s , Rohan y Aston, quienes se encuentran en estos momentos promocionando \u201cONE LOVE\u201d, &nbsp;una pel\u00edcula dram\u00e1tica biogr\u00e1fica estadounidense sobre la vida de su padre el legendario, cantante y compositor Bob Marley la cual est\u00e1 en tendencia globalmente y fue dirigida por Reinaldo Marcus Green y escrita por Zach Baylin, Frank E. Flowers y Terence Winter, la pel\u00edcula est\u00e1 protagonizada por Kingsley Ben-Adir como Marley, junto a Lashana Lynch como Rita Marley. Fue estrenada recientemente y rompiendo r\u00e9cords en taquillas internacionalmente, producida por Paramount Pictures el 14 de febrero de 2024. &nbsp;<\/p>\n\n\n\n<p>Todas estas estrellas fueron bien recibidas con algarab\u00eda de sus fan\u00e1ticos y todos los medios y colegas presentes.<\/p>\n\n\n\n<p>\u201cDefinitivamente fue una gran noche.<br>Gracias Premios lo nuestro y la cadena de &nbsp;Univisi\u00f3n por esta gran noche de celebraci\u00f3n de la 36 edici\u00f3n de esta gala para los artistas de la industria m\u00fasical latina\u201d &nbsp;Maffio<\/p>\n\n\n\n<p>Photografo: @miamimediaproject &nbsp;Gustavo Reategi&nbsp;<\/p>\n","protected":false},"excerpt":{"rendered":"<p>Miami Florida.- El multi galardonado productor Maffio fue uno de los invitados especiales de Premios lo Nuestro. &nbsp; Como gran sorpresa lleg\u00f3 acompa\u00f1ado de la nueva revelaci\u00f3n de este a\u00f1o Diana Landa cantautora venezolana quien ya se encuentra trabajando de la mano y bajo la producci\u00f3n de Maffio. Cabe destacar que se &nbsp;marc\u00f3 un momento [&hellip;]<\/p>\n","protected":false},"author":7,"featured_media":511658,"comment_status":"closed","ping_status":"","sticky":true,"template":"","format":"standard","meta":{"footnotes":""},"categories":[25,27],"tags":[160,159],"class_list":["post-511482","post","type-post","status-publish","format-standard","has-post-thumbnail","hentry","category-gente","category-portada","tag-maffio","tag-premios-lo-nuestro"],"_links":{"self":[{"href":"https:\/\/diariodominicano.com\/index.php?rest_route=\/wp\/v2\/posts\/511482","targetHints":{"allow":["GET"]}}],"collection":[{"href":"https:\/\/diariodominicano.com\/index.php?rest_route=\/wp\/v2\/posts"}],"about":[{"href":"https:\/\/diariodominicano.com\/index.php?rest_route=\/wp\/v2\/types\/post"}],"author":[{"embeddable":true,"href":"https:\/\/diariodominicano.com\/index.php?rest_route=\/wp\/v2\/users\/7"}],"replies":[{"embeddable":true,"href":"https:\/\/diariodominicano.com\/index.php?rest_route=%2Fwp%2Fv2%2Fcomments&post=511482"}],"version-history":[{"count":1,"href":"https:\/\/diariodominicano.com\/index.php?rest_route=\/wp\/v2\/posts\/511482\/revisions"}],"predecessor-version":[{"id":511659,"href":"https:\/\/diariodominicano.com\/index.php?rest_route=\/wp\/v2\/posts\/511482\/revisions\/511659"}],"wp:featuredmedia":[{"embeddable":true,"href":"https:\/\/diariodominicano.com\/index.php?rest_route=\/wp\/v2\/media\/511658"}],"wp:attachment":[{"href":"https:\/\/diariodominicano.com\/index.php?rest_route=%2Fwp%2Fv2%2Fmedia&parent=511482"}],"wp:term":[{"taxonomy":"category","embeddable":true,"href":"https:\/\/diariodominicano.com\/index.php?rest_route=%2Fwp%2Fv2%2Fcategories&post=511482"},{"taxonomy":"post_tag","embeddable":true,"href":"https:\/\/diariodominicano.com\/index.php?rest_route=%2Fwp%2Fv2%2Ftags&post=511482"}],"curies":[{"name":"wp","href":"https:\/\/api.w.org\/{rel}","templated":true}]}}