{"id":51140,"date":"2020-07-30T01:47:32","date_gmt":"2020-07-30T01:47:32","guid":{"rendered":"http:\/\/diariodominicano.ddns.net\/?p=51140"},"modified":"2020-07-30T01:47:32","modified_gmt":"2020-07-30T01:47:32","slug":"el-dia-que-nacio-eladio-victoria","status":"publish","type":"post","link":"https:\/\/diariodominicano.com\/?p=51140","title":{"rendered":"El d\u00eda que naci\u00f3 Eladio Victoria"},"content":{"rendered":"<p><body><\/p>\n<p><strong>Diariodominicano.com<\/strong><\/p>\n<p><strong>El d\u00eda que naci\u00f3 Eladio Victoria <\/strong><\/p>\n<p><strong>Cuando se produjo el asesinato del Presidente Ram\u00f3n  -Mon-  C\u00e1ceres, el 19 de noviembre de 1911, el Gobierno fue asumido por un Consejo de Secretarios que se mantendr\u00eda en labores hasta que el Congreso Nacional escogiera el nuevo Presidente de la Rep\u00fablica.<\/strong><\/p>\n<p><strong>Por HTN<\/strong><\/p>\n<p><strong> Diariodominicano.com<\/strong><\/p>\n<p><strong>      BANI, el 30 de julio de 1864, <\/strong>naci\u00f3 en la comunidad de Ban\u00ed, Eladio Victoria  (Quiqu\u00ed),  quien se destac\u00f3  como pol\u00edtico y funcionario p\u00fablico.<\/p>\n<\/p>\n<p>  Era hijo  de Alejandro Victoria y Josefa Victoria.<\/p>\n<\/p>\n<p>     Cuando se produjo el asesinato del Presidente Ram\u00f3n  -Mon-  C\u00e1ceres, el 19 de noviembre de 1911, el Gobierno fue asumido por un Consejo de Secretarios que se mantendr\u00eda en labores hasta que el Congreso Nacional escogiera el nuevo Presidente de la Rep\u00fablica.<\/p>\n<\/p>\n<p>    Cuando lleg\u00f3 el momento, su sobrino Alfredo Victoria, Jefe del Ej\u00e9rcito, logr\u00f3 influenciar a los legisladores para que escogieran a Eladio Victoria.<\/p>\n<\/p>\n<p>   En la ocasi\u00f3n Eladio Victoria era senador de la Rep\u00fablica, representante de la provincia Santiago.<\/p>\n<\/p>\n<p>   Tom\u00f3 posesi\u00f3n como Presidente de la Rep\u00fablica, el  d\u00eda 27 de febrero de 1912 y present\u00f3 renuncia el d\u00eda 26 de noviembre de 1912, luego de luchar durante meses contra los movimientos armados que encabezaban contra su Gobierno Horacio V\u00e1squez y Desiderio Arias.<\/p>\n<\/p>\n<p>   Eladio Victoria contaba con el apoyo del l\u00edder pol\u00edtico Juan Isidro Jimenes y \u00abBolos patas blancas\u00bb, cuyos dirigentes se integraron al Gobierno. Esa situaci\u00f3n hizo temer a Horacio V\u00e1squez y sus partidarios quedarse sin poder.<\/p>\n<\/p>\n<p>    Horacio V\u00e1squez retorn\u00f3 de Puerto Rico y reorganiz\u00f3 a sus partidarios para iniciar la lucha armada  contra Eladio Victorio. Lo mismo hizo el general Desiderio Arias.<\/p>\n<\/p>\n<p>    El pa\u00eds sufri\u00f3 una situaci\u00f3n de violencia que fue tomada como pretexto  por Estados Unidos, para intervenir  entre las  partes. Los principales combates se produjeron en Santiago, La Vega y la L\u00ednea Noroeste.<\/p>\n<\/p>\n<p>    La situaci\u00f3n se torn\u00f3 muy dif\u00edcil, porque  el Gobierno ni siquiera estaba en capacidad de garantizar la seguridad de la Naci\u00f3n. El general Desiderio Arias se apoder\u00f3 de las aduanas de la L\u00ednea Fronteriza y los haitianos se aprovecharon de la crisis para ocupar \u00e1reas del territorio nacional.<\/p>\n<\/p>\n<p>    El  Gobierno de Estados Unidos comenz\u00f3 a contemplar la idea de intervenir el pa\u00eds militarmente para poner fin a la lucha armada y reinstalar a los funcionarios de las aduanas de la Frontera, conforme lo establec\u00eda la Convenci\u00f3n Dom\u00ednico-Americana de 1907, aprobada por el Congreso Nacional el 3 de mayo de 1907.<\/p>\n<\/p>\n<p>    El art\u00edculo 2 de la Convenci\u00f3 dispon\u00eda que para el cumplimiento de los deberes del Receptor General de Aduanas que nombrar\u00eda el Presidente de Estados Unidos, su Gobierno le dar\u00eda a \u00e9l  y a sus auxiliares toda la protecci\u00f3n que considerara necesaria cuando el Gobierno dominicano se encontrare imposibilitado para prestarla.<\/p>\n<\/p>\n<p>    En septiembre de 1912, el Presidente de Estados Unidos, William  Taft, envi\u00f3 al pa\u00eds una \u00abmisi\u00f3n  pacificadora\u00bb con 750 marinos. Deb\u00eda lograr el fin de la lucha armada.<\/p>\n<\/p>\n<p>    La misi\u00f3n estadounidense amenaz\u00f3 a los grupos en lucha  con intervenir el pa\u00eds militarmente si no pon\u00edan fin a la guerra y lanzaron la idea de prolongar el mandato de Eladio Victoria hasta el a\u00f1o 1914, con la condici\u00f3n de que su sobrino Alfredo Victoria renunciara a la Jefatura del Ej\u00e9rcito  Nacional, ya que los enemigos del Gobierno sosten\u00edan que Eladio Victoria, era un t\u00edtere de su sobrino.<\/p>\n<\/p>\n<p>    Sin embargo, la misi\u00f3n estadounidense cambi\u00f3 de planes al comprobar que los Victoria, no ten\u00edan apoyo en la poblaci\u00f3n. En esa circunstancia, acordaron con los jefes de \u00abla revoluci\u00f3n\u00bb formar un Gobierno Provisional, presidido por el Arzobispo de  Santo Domingo, Adolfo Alejandro Nouel, quien gozaba del respeto de las partes en conflicto por su posici\u00f3n en la Iglesia Cat\u00f3lica y porque hab\u00eda servido de mediador en las negociaciones.<\/p>\n<\/p>\n<p>   En virtud del acuerdo,  Eladio Victoria renunci\u00f3 a la Presidencia el 26 de noviembre de 1912 y el Congreso eligi\u00f3 el 30 de noviembre al Arzobispo Adolfo Nouel, Presidente Provisional, con la responsabilidad de organizar elecciones libres en un per\u00edodo de un a\u00f1o.<\/p>\n<\/p>\n<p>    Luego de dejar la Presidencia de la Rep\u00fablica, Eladio Victoria se traslad\u00f3 a la ciudad de Santiago de los Caballeros.   <\/p>\n<\/p>\n<p>                          Victoria tambi\u00e9n fue uno de los funcionarios de mayor influencia en el Gobierno del Presidente Ram\u00f3n ?Mon- C\u00e1ceres. <\/p>\n<\/p>\n<p>Desempe\u00f1\u00f3, entre otras funciones,  los cargos de Comandante de Armas de la Fortaleza Ozama, ministro de Fomento y Obras P\u00fablicas, ministro de Instrucci\u00f3n P\u00fablica, Ministro de Hacienda y Comercio.<\/p>\n<\/p>\n<p>    Eladio Victoria muri\u00f3 el 27 de julio de 1939.<\/p>\n<\/p>\n<\/p>\n<h6> 2020-07-30 01:47:32 <\/h6>\n<p><!--\n<link rel=\"stylesheet\" href=\"css\/bootstrap.min.css\">\n\n\n<ul class=\"pagination\">\n\t    \n\t\n\n<li >\n\t<a href='?page_no=360'>Previous<\/a>\n\t<\/li>\n\n\n       \n    \n\n<li><a href='?page_no=1'>1<\/a><\/li>\n\n\n\n<li><a href='?page_no=2'>2<\/a><\/li>\n\n\n\n<li><a>...<\/a><\/li>\n\n\n\n<li><a href='?page_no=359'>359<\/a><\/li>\n\n\n\n<li><a href='?page_no=360'>360<\/a><\/li>\n\n\n\n<li class='active'><a>361<\/a><\/li>\n\n\n\n<li><a href='?page_no=362'>362<\/a><\/li>\n\n\n\n<li><a href='?page_no=363'>363<\/a><\/li>\n\n\n\n<li><a>...<\/a><\/li>\n\n\n\n<li><a href='?page_no=22911'>22911<\/a><\/li>\n\n\n\n<li><a href='?page_no=22912'>22912<\/a><\/li>\n\n    \n\t\n\n<li >\n\t<a href='?page_no=362'>Next<\/a>\n\t<\/li>\n\n\n    \n\n<li><a href='?page_no=22912'>Last &rsaquo;&rsaquo;<\/a><\/li>\n\n<\/ul>\n\n\n--><br \/>\n<\/body><\/p>\n","protected":false},"excerpt":{"rendered":"<p>Diariodominicano.com El d\u00eda que naci\u00f3 Eladio Victoria Cuando se produjo el asesinato del Presidente Ram\u00f3n -Mon- C\u00e1ceres, el 19 de noviembre de 1911, el Gobierno fue asumido por un Consejo de Secretarios que se mantendr\u00eda en labores hasta que el Congreso Nacional escogiera el nuevo Presidente de la Rep\u00fablica. Por HTN Diariodominicano.com BANI, el 30 [&hellip;]<\/p>\n","protected":false},"author":3,"featured_media":0,"comment_status":"open","ping_status":"open","sticky":false,"template":"","format":"standard","meta":{"footnotes":""},"categories":[21],"tags":[],"class_list":["post-51140","post","type-post","status-publish","format-standard","hentry","category-cultura"],"_links":{"self":[{"href":"https:\/\/diariodominicano.com\/index.php?rest_route=\/wp\/v2\/posts\/51140","targetHints":{"allow":["GET"]}}],"collection":[{"href":"https:\/\/diariodominicano.com\/index.php?rest_route=\/wp\/v2\/posts"}],"about":[{"href":"https:\/\/diariodominicano.com\/index.php?rest_route=\/wp\/v2\/types\/post"}],"author":[{"embeddable":true,"href":"https:\/\/diariodominicano.com\/index.php?rest_route=\/wp\/v2\/users\/3"}],"replies":[{"embeddable":true,"href":"https:\/\/diariodominicano.com\/index.php?rest_route=%2Fwp%2Fv2%2Fcomments&post=51140"}],"version-history":[{"count":0,"href":"https:\/\/diariodominicano.com\/index.php?rest_route=\/wp\/v2\/posts\/51140\/revisions"}],"wp:attachment":[{"href":"https:\/\/diariodominicano.com\/index.php?rest_route=%2Fwp%2Fv2%2Fmedia&parent=51140"}],"wp:term":[{"taxonomy":"category","embeddable":true,"href":"https:\/\/diariodominicano.com\/index.php?rest_route=%2Fwp%2Fv2%2Fcategories&post=51140"},{"taxonomy":"post_tag","embeddable":true,"href":"https:\/\/diariodominicano.com\/index.php?rest_route=%2Fwp%2Fv2%2Ftags&post=51140"}],"curies":[{"name":"wp","href":"https:\/\/api.w.org\/{rel}","templated":true}]}}