{"id":511332,"date":"2024-02-29T02:41:29","date_gmt":"2024-02-29T06:41:29","guid":{"rendered":"https:\/\/diariodominicano.com\/?p=511332"},"modified":"2024-02-29T02:41:29","modified_gmt":"2024-02-29T06:41:29","slug":"quien-es-el-fisico-uno-de-los-autores-de-contigo-el-ultimo-exito-de-karol-g","status":"publish","type":"post","link":"https:\/\/diariodominicano.com\/?p=511332","title":{"rendered":"\u00bfQui\u00e9n es El F\u00edsico, uno de los autores de \u201cContigo\u201d, el \u00faltimo \u00e9xito de Karol G?"},"content":{"rendered":"\n<p>Naci\u00f3 en Cuba y ahora vive en Estados Unidos. Su trayectoria en la m\u00fasica ha sido un emocionante viaje de \u00e9xitos y superaci\u00f3n<\/p>\n\n\n\n<p>Casi 25 millones de visualizaciones ha tenido en menos de dos semanas el \u00e9xito \u201cContigo\u201d, de Karol G y Ti\u00ebsto, uno de cuyos compositores es el cubano Yasmani Luis Bandera Clark, conocido como El F\u00edsico.<\/p>\n\n\n\n<p>El artista ha retomado su carrera como cantante y para ello ha firmado con el sello discogr\u00e1fico High Music Inc. Su pr\u00f3ximo lanzamiento ser\u00e1 \u201cLa Calloza\u201d, que estar\u00e1 disponible en las pr\u00f3ximas semanas.<\/p>\n\n\n\n<p>\u201cYo crec\u00ed inmerso en la riqueza de los sonidos tropicales cubanos, incluyendo la salsa, la timba y el reguet\u00f3n rom\u00e1ntico. Desde temprano mostr\u00e9 un amor innato por la m\u00fasica y una pasi\u00f3n por la interpretaci\u00f3n. Estoy emocionado por el \u00e9xito de la obra que hicimos en equipo para Karol G, y preparado para seguir mi carrera\u201d, afirma El F\u00edsico.<\/p>\n\n\n\n<figure class=\"wp-block-gallery has-nested-images columns-default is-cropped wp-block-gallery-1 is-layout-flex wp-block-gallery-is-layout-flex\">\n<figure class=\"wp-block-image size-large\"><img loading=\"lazy\" decoding=\"async\" width=\"768\" height=\"1024\" data-id=\"511428\" src=\"https:\/\/diariodominicano.com\/wp-content\/uploads\/2024\/02\/El-Fisico-768x1024.jpg\" alt=\"\" class=\"wp-image-511428\" srcset=\"https:\/\/diariodominicano.com\/wp-content\/uploads\/2024\/02\/El-Fisico-768x1024.jpg 768w, https:\/\/diariodominicano.com\/wp-content\/uploads\/2024\/02\/El-Fisico-225x300.jpg 225w, https:\/\/diariodominicano.com\/wp-content\/uploads\/2024\/02\/El-Fisico-816x1088.jpg 816w, https:\/\/diariodominicano.com\/wp-content\/uploads\/2024\/02\/El-Fisico.jpg 900w\" sizes=\"auto, (max-width: 768px) 100vw, 768px\" \/><\/figure>\n<\/figure>\n\n\n\n<p>Radicado en Estados Unidos desde 2021, su trayectoria en la m\u00fasica ha sido un emocionante viaje de \u00e9xitos y superaci\u00f3n que ha conquistado corazones en todo el mundo.<\/p>\n\n\n\n<p>Con una voz carism\u00e1tica y un talento innegable, El F\u00edsico se convirti\u00f3 en una sensaci\u00f3n en su pa\u00eds natal, acumulando seguidores leales gracias a sus pegajosas canciones y sus letras emotivas. Su estilo \u00fanico y su habilidad para mezclar los diversos g\u00e9neros musicales tropicales hicieron que se destacara en la escena musical cubana.<\/p>\n\n\n\n<p>\u201cMi estilo musical y enfoque es bien vers\u00e1til, pero estoy m\u00e1s atra\u00eddo y enlazado a mis ra\u00edces y al nuevo movimiento en ascenso de reparto (raggamorffa). Me siento influenciado por los sonidos alegres y que transmiten energ\u00eda. Tambi\u00e9n por muchos artistas de g\u00e9neros diferentes, como Usher y Chris Brown\u201d, a\u00f1adi\u00f3 el artista.<\/p>\n\n\n\n<p>\u201cComo te extra\u00f1o\u201d fue la canci\u00f3n que impuls\u00f3 su carrera a niveles inimaginados. Su cat\u00e1logo musical cuenta con m\u00e1s de cinco temas que han superado la asombrosa cifra de 10 millones de reproducciones, lo que es un testimonio de su habilidad para conectar con el p\u00fablico a trav\u00e9s de su m\u00fasica aut\u00e9ntica y apasionada. Cada canci\u00f3n es una expresi\u00f3n de su creatividad y sus experiencias de vida.<\/p>\n\n\n\n<p>Su m\u00e1s reciente sencillo \u201cLa muchacha\u201d puede encontrarse en todas las plataformas digitales. Ahora le encantar\u00eda colaborar con artistas como Leoni Torres, El Chacal, Gente de Zona, entre muchos otros.<\/p>\n\n\n\n<p>\u201cEspero lograr felicidad, satisfacci\u00f3n y gozo en todas las personas de este mundo\u201d, expresa El F\u00edsico sobre sus objetivos como artista.<\/p>\n\n\n\n<p>Instagram: https:\/\/www.instagram.com\/_elfisico<\/p>\n\n\n\n<p>Facebook: https:\/\/www.facebook.com\/profile.php?id=100089925487524<\/p>\n\n\n\n<p>Tiktok: https:\/\/www.tiktok.com\/@elfisico<\/p>\n\n\n\n<p>You Tube: https:\/\/www.youtube.com\/@_elfisico<\/p>\n","protected":false},"excerpt":{"rendered":"<p>Naci\u00f3 en Cuba y ahora vive en Estados Unidos. Su trayectoria en la m\u00fasica ha sido un emocionante viaje de \u00e9xitos y superaci\u00f3n Casi 25 millones de visualizaciones ha tenido en menos de dos semanas el \u00e9xito \u201cContigo\u201d, de Karol G y Ti\u00ebsto, uno de cuyos compositores es el cubano Yasmani Luis Bandera Clark, conocido [&hellip;]<\/p>\n","protected":false},"author":7,"featured_media":511429,"comment_status":"closed","ping_status":"","sticky":true,"template":"","format":"standard","meta":{"footnotes":""},"categories":[25,27],"tags":[],"class_list":["post-511332","post","type-post","status-publish","format-standard","has-post-thumbnail","hentry","category-gente","category-portada"],"_links":{"self":[{"href":"https:\/\/diariodominicano.com\/index.php?rest_route=\/wp\/v2\/posts\/511332","targetHints":{"allow":["GET"]}}],"collection":[{"href":"https:\/\/diariodominicano.com\/index.php?rest_route=\/wp\/v2\/posts"}],"about":[{"href":"https:\/\/diariodominicano.com\/index.php?rest_route=\/wp\/v2\/types\/post"}],"author":[{"embeddable":true,"href":"https:\/\/diariodominicano.com\/index.php?rest_route=\/wp\/v2\/users\/7"}],"replies":[{"embeddable":true,"href":"https:\/\/diariodominicano.com\/index.php?rest_route=%2Fwp%2Fv2%2Fcomments&post=511332"}],"version-history":[{"count":1,"href":"https:\/\/diariodominicano.com\/index.php?rest_route=\/wp\/v2\/posts\/511332\/revisions"}],"predecessor-version":[{"id":511456,"href":"https:\/\/diariodominicano.com\/index.php?rest_route=\/wp\/v2\/posts\/511332\/revisions\/511456"}],"wp:featuredmedia":[{"embeddable":true,"href":"https:\/\/diariodominicano.com\/index.php?rest_route=\/wp\/v2\/media\/511429"}],"wp:attachment":[{"href":"https:\/\/diariodominicano.com\/index.php?rest_route=%2Fwp%2Fv2%2Fmedia&parent=511332"}],"wp:term":[{"taxonomy":"category","embeddable":true,"href":"https:\/\/diariodominicano.com\/index.php?rest_route=%2Fwp%2Fv2%2Fcategories&post=511332"},{"taxonomy":"post_tag","embeddable":true,"href":"https:\/\/diariodominicano.com\/index.php?rest_route=%2Fwp%2Fv2%2Ftags&post=511332"}],"curies":[{"name":"wp","href":"https:\/\/api.w.org\/{rel}","templated":true}]}}