{"id":511301,"date":"2024-02-28T12:05:16","date_gmt":"2024-02-28T16:05:16","guid":{"rendered":"https:\/\/diariodominicano.com\/?p=511301"},"modified":"2024-02-28T12:06:23","modified_gmt":"2024-02-28T16:06:23","slug":"indrhi-encamina-ejecutorias-hacia-desarrollo-agropecuario-sostenible-exhibira-obras-en-feria-ganadera","status":"publish","type":"post","link":"https:\/\/diariodominicano.com\/?p=511301","title":{"rendered":"Indrhi encamina ejecutorias hacia desarrollo agropecuario sostenible; exhibir\u00e1 obras en Feria Ganadera"},"content":{"rendered":"\n<p>diariodominicano.com<\/p>\n\n\n\n<p>Santo Domingo, R. D.,\u200228 de febrero, 2024.- El director ejecutivo del Instituto Nacional de Recursos Hidr\u00e1ulicos\u00a0<strong>(Indrhi), Olmedo Caba Romano<\/strong>, encabez\u00f3 un encuentro de coordinaci\u00f3n con\u00a0<strong>subdirectores y directores<\/strong>\u00a0de \u00e1reas de la entidad, donde revisaron\u00a0<strong>cronogramas<\/strong>\u00a0de distintas obras de acciones directas hacia el\u00a0<strong>desarrollo agropecuario sostenible<\/strong>, misi\u00f3n a desplegar por el\u00a0<strong>Gabinete Agropecuario<\/strong>\u00a0en la administraci\u00f3n gubernamental que encabeza el\u00a0<strong>presidente Luis Abinader<\/strong>.<\/p>\n\n\n\n<p>Caba Romano indic\u00f3 que, en ese tenor, desde las direcciones de Operaciones y de Proyectos se mantiene el&nbsp;<strong>Plan Nacional de Construcci\u00f3n, Rehabilitaci\u00f3n y Mantenimiento de Sistemas de Riego<\/strong>&nbsp;con sus obras de&nbsp;<strong>conducci\u00f3n de agua hacia las \u00e1reas de cultivos<\/strong>, que abarcan la ejecuci\u00f3n de obras, la sustituci\u00f3n e instalaci\u00f3n de equipos para el funcionamiento de estaciones de&nbsp;<strong>bombeo<\/strong>, limpieza y revestimiento de&nbsp;<strong>canales<\/strong>&nbsp;para evitar la infiltraci\u00f3n de agua hacia el subsuelo, y el mantenimiento de&nbsp;<strong>bermas y caminos interparcelarios<\/strong>&nbsp;para el traslado de productos, entre otras tareas.&nbsp;<\/p>\n\n\n\n<p>El funcionario destac\u00f3 que los trabajos se estar\u00e1n exhibiendo a la sociedad en la pr\u00f3xima&nbsp;<strong>Feria Nacional Agropecuaria 2024<\/strong>, evento que se desarrollar\u00e1 en la Ciudad Ganadera del Distrito Nacional desde el 8 hasta el 17 de marzo bajo el lema&nbsp;<em>\u201cUnidos hacia un Desarrollo Agropecuario Sostenible\u201d,<\/em>&nbsp;y cuya apertura contar\u00e1 con la presencia del primer mandatario.<em>&nbsp;\u201cDesde el pabell\u00f3n del Gabinete Agropecuario, el Indrhi se mantendr\u00e1 ofreciendo detalles a los visitantes para que conozcan las acciones que estamos realizando\u201d,<\/em>&nbsp;recalc\u00f3 el funcionario.&nbsp;<\/p>\n\n\n\n<p>Durante el encuentro se abord\u00f3 tambi\u00e9n la&nbsp;<strong>misi\u00f3n de apoyo<\/strong>&nbsp;a la preparaci\u00f3n de la&nbsp;<strong>estrategia de riego con enfoque en el sistema Yaque del Sur&nbsp;<\/strong>y \u00e1reas de influencia de este afluente, agenda con miras a ejecutarse la pr\u00f3xima semana con el recibimiento de una comisi\u00f3n del&nbsp;<strong>Banco Mundial&nbsp;<\/strong>y que incluir\u00e1 recorridos por las&nbsp;<strong>presas de Sabaneta y Sabana Yegua<\/strong>, as\u00ed como reuni\u00f3n con las&nbsp;<strong>Juntas de Regantes<\/strong>&nbsp;en las demarcaciones.<\/p>\n\n\n\n<p>La reuni\u00f3n tuvo lugar en el sal\u00f3n de la direcci\u00f3n ejecutiva y cont\u00f3 con la presencia del subdirector\u00a0<strong>Daniel G\u00f3mez<\/strong>; de la directora de Recursos Humanos,\u00a0<strong>Naomy Recio<\/strong>; el director de Operaciones,\u00a0<strong>Juan Carlos Nova<\/strong>; de Planificaci\u00f3n y Desarrollo H\u00eddrico,\u00a0<strong>Ra\u00fal P\u00e9rez<\/strong>; administrativo y financiero,\u00a0<strong>\u00c1ngel de Le\u00f3n<\/strong>; de Fiscalizaci\u00f3n,\u00a0<strong>Elvis Payano<\/strong>; de Ejecuci\u00f3n y Cumplimiento,\u00a0<strong>Fausto Moqu<\/strong>ete; de Proyectos,\u00a0<strong>Avelino de Le\u00f3n<\/strong>, y de Comunicaciones,\u00a0<strong>Solange de la Cruz<\/strong>.<\/p>\n\n\n\n<p>Fuente: Direcci\u00f3n de Estrategia y Comunicaci\u00f3n<\/p>\n\n\n\n<p>Ministerio Administrativo de la Presidencia de la Rep\u00fablica Dominicana<\/p>\n","protected":false},"excerpt":{"rendered":"<p>diariodominicano.com Santo Domingo, R. D.,\u200228 de febrero, 2024.- El director ejecutivo del Instituto Nacional de Recursos Hidr\u00e1ulicos\u00a0(Indrhi), Olmedo Caba Romano, encabez\u00f3 un encuentro de coordinaci\u00f3n con\u00a0subdirectores y directores\u00a0de \u00e1reas de la entidad, donde revisaron\u00a0cronogramas\u00a0de distintas obras de acciones directas hacia el\u00a0desarrollo agropecuario sostenible, misi\u00f3n a desplegar por el\u00a0Gabinete Agropecuario\u00a0en la administraci\u00f3n gubernamental que encabeza el\u00a0presidente [&hellip;]<\/p>\n","protected":false},"author":5,"featured_media":511303,"comment_status":"closed","ping_status":"","sticky":true,"template":"","format":"standard","meta":{"footnotes":""},"categories":[20,27],"tags":[],"class_list":["post-511301","post","type-post","status-publish","format-standard","has-post-thumbnail","hentry","category-dominicana-hoy","category-portada"],"_links":{"self":[{"href":"https:\/\/diariodominicano.com\/index.php?rest_route=\/wp\/v2\/posts\/511301","targetHints":{"allow":["GET"]}}],"collection":[{"href":"https:\/\/diariodominicano.com\/index.php?rest_route=\/wp\/v2\/posts"}],"about":[{"href":"https:\/\/diariodominicano.com\/index.php?rest_route=\/wp\/v2\/types\/post"}],"author":[{"embeddable":true,"href":"https:\/\/diariodominicano.com\/index.php?rest_route=\/wp\/v2\/users\/5"}],"replies":[{"embeddable":true,"href":"https:\/\/diariodominicano.com\/index.php?rest_route=%2Fwp%2Fv2%2Fcomments&post=511301"}],"version-history":[{"count":1,"href":"https:\/\/diariodominicano.com\/index.php?rest_route=\/wp\/v2\/posts\/511301\/revisions"}],"predecessor-version":[{"id":511302,"href":"https:\/\/diariodominicano.com\/index.php?rest_route=\/wp\/v2\/posts\/511301\/revisions\/511302"}],"wp:featuredmedia":[{"embeddable":true,"href":"https:\/\/diariodominicano.com\/index.php?rest_route=\/wp\/v2\/media\/511303"}],"wp:attachment":[{"href":"https:\/\/diariodominicano.com\/index.php?rest_route=%2Fwp%2Fv2%2Fmedia&parent=511301"}],"wp:term":[{"taxonomy":"category","embeddable":true,"href":"https:\/\/diariodominicano.com\/index.php?rest_route=%2Fwp%2Fv2%2Fcategories&post=511301"},{"taxonomy":"post_tag","embeddable":true,"href":"https:\/\/diariodominicano.com\/index.php?rest_route=%2Fwp%2Fv2%2Ftags&post=511301"}],"curies":[{"name":"wp","href":"https:\/\/api.w.org\/{rel}","templated":true}]}}