{"id":511290,"date":"2024-02-28T11:12:43","date_gmt":"2024-02-28T15:12:43","guid":{"rendered":"https:\/\/diariodominicano.com\/?p=511290"},"modified":"2024-02-28T11:12:43","modified_gmt":"2024-02-28T15:12:43","slug":"el-gobierno-de-ocupacion-de-ee-uu-deja-sin-efecto-clausura-del-periodico-la-informacion-de-santiago","status":"publish","type":"post","link":"https:\/\/diariodominicano.com\/?p=511290","title":{"rendered":"El Gobierno de ocupaci\u00f3n de EE UU deja sin efecto clausura del peri\u00f3dico La Informaci\u00f3n de Santiago"},"content":{"rendered":"\n<p>Archivo: Redacci\u00f3n en 1922 del peri\u00f3dico la Informaci\u00f3n<\/p>\n\n\n\n<p>&nbsp;<strong>SANTO DOMINGO, 28 de febrero de 1922<\/strong>, el Gobierno de Ocupaci\u00f3n de Estados Unidos, dej\u00f3 sin efecto la disposici\u00f3n que prohib\u00eda la circulaci\u00f3n del diario La Informaci\u00f3n de la ciudad Santiago de los Caballeros.<\/p>\n\n\n\n<p>&nbsp;&nbsp;&nbsp; La medida hab\u00eda provocado la protesta de personalidades del pa\u00eds y de los grupos que se opon\u00edan a la intervenci\u00f3n de Estados Unidos&nbsp; en Rep\u00fablica Dominicana.<\/p>\n\n\n\n<p>&nbsp;&nbsp;&nbsp; La clausura del peri\u00f3dico La Informaci\u00f3n fue aprobada porque public\u00f3 un documento cr\u00edtico contra el Gobierno Militar&nbsp; de ocupaci\u00f3n&nbsp; de Estados Unidos en la Rep\u00fablica Dominicana.<\/p>\n\n\n\n<p>Estados Unidos hab\u00eda proclamado el Gobierno de Ocupaci\u00f3n en la Rep\u00fablica Dominicana, el 29 de noviembre de 1916.\u00a0 Y el 12 de diciembre de ese mismo a\u00f1o,\u00a0 nombr\u00f3 a un grupo de oficiales de la Marina estadounidense\u00a0 como secretarios de Estado, con lo que inici\u00f3 la administraci\u00f3n formal del Estado dominicano.<\/p>\n\n\n\n<p><strong>De Notas de la Historia de H\u00e9ctor Tineo Nolasco<\/strong><\/p>\n\n\n\n<p><\/p>\n","protected":false},"excerpt":{"rendered":"<p>Archivo: Redacci\u00f3n en 1922 del peri\u00f3dico la Informaci\u00f3n &nbsp;SANTO DOMINGO, 28 de febrero de 1922, el Gobierno de Ocupaci\u00f3n de Estados Unidos, dej\u00f3 sin efecto la disposici\u00f3n que prohib\u00eda la circulaci\u00f3n del diario La Informaci\u00f3n de la ciudad Santiago de los Caballeros. &nbsp;&nbsp;&nbsp; La medida hab\u00eda provocado la protesta de personalidades del pa\u00eds y de [&hellip;]<\/p>\n","protected":false},"author":2,"featured_media":327372,"comment_status":"closed","ping_status":"","sticky":false,"template":"","format":"standard","meta":{"footnotes":""},"categories":[36,26],"tags":[],"class_list":["post-511290","post","type-post","status-publish","format-standard","has-post-thumbnail","hentry","category-hombresmujeresycosas","category-efemerides"],"_links":{"self":[{"href":"https:\/\/diariodominicano.com\/index.php?rest_route=\/wp\/v2\/posts\/511290","targetHints":{"allow":["GET"]}}],"collection":[{"href":"https:\/\/diariodominicano.com\/index.php?rest_route=\/wp\/v2\/posts"}],"about":[{"href":"https:\/\/diariodominicano.com\/index.php?rest_route=\/wp\/v2\/types\/post"}],"author":[{"embeddable":true,"href":"https:\/\/diariodominicano.com\/index.php?rest_route=\/wp\/v2\/users\/2"}],"replies":[{"embeddable":true,"href":"https:\/\/diariodominicano.com\/index.php?rest_route=%2Fwp%2Fv2%2Fcomments&post=511290"}],"version-history":[{"count":1,"href":"https:\/\/diariodominicano.com\/index.php?rest_route=\/wp\/v2\/posts\/511290\/revisions"}],"predecessor-version":[{"id":511291,"href":"https:\/\/diariodominicano.com\/index.php?rest_route=\/wp\/v2\/posts\/511290\/revisions\/511291"}],"wp:featuredmedia":[{"embeddable":true,"href":"https:\/\/diariodominicano.com\/index.php?rest_route=\/wp\/v2\/media\/327372"}],"wp:attachment":[{"href":"https:\/\/diariodominicano.com\/index.php?rest_route=%2Fwp%2Fv2%2Fmedia&parent=511290"}],"wp:term":[{"taxonomy":"category","embeddable":true,"href":"https:\/\/diariodominicano.com\/index.php?rest_route=%2Fwp%2Fv2%2Fcategories&post=511290"},{"taxonomy":"post_tag","embeddable":true,"href":"https:\/\/diariodominicano.com\/index.php?rest_route=%2Fwp%2Fv2%2Ftags&post=511290"}],"curies":[{"name":"wp","href":"https:\/\/api.w.org\/{rel}","templated":true}]}}