{"id":511286,"date":"2024-02-28T11:04:50","date_gmt":"2024-02-28T15:04:50","guid":{"rendered":"https:\/\/diariodominicano.com\/?p=511286"},"modified":"2024-02-28T11:06:58","modified_gmt":"2024-02-28T15:06:58","slug":"fallece-el-ex-presidente-dominicano-jose-maria-cabral-2","status":"publish","type":"post","link":"https:\/\/diariodominicano.com\/?p=511286","title":{"rendered":"Fallece el ex presidente dominicano Jos\u00e9 Mar\u00eda Cabral"},"content":{"rendered":"\n<p>\u00a0\u00a0\u00a0 <strong>SANTO DOMINGO, el 28 de febrero de 1899<\/strong>, falleci\u00f3 en  ciudad Santo Domingo, el ex Presidente de la Rep\u00fablica Dominicana,\u00a0 general \u00ae\u00a0 Jos\u00e9 Mar\u00eda Cabral.<\/p>\n\n\n\n<p><\/p>\n\n\n\n<p>&nbsp;&nbsp;&nbsp; Jos\u00e9 Mar\u00eda Cabral de joven se vincul\u00f3 a las actividades militares y pol\u00edticas. Naci\u00f3 en San Crist\u00f3bal, en el a\u00f1o 1819, hijo de Marcos Cabral Aybar y Mar\u00eda Ramona de Luna.<\/p>\n\n\n\n<p>&nbsp;&nbsp;&nbsp; Durante las campa\u00f1as contra las invasiones haitianas, Jos\u00e9 Mar\u00eda Cabral fue uno de los militares m\u00e1s destacados.<\/p>\n\n\n\n<p>&nbsp;&nbsp;&nbsp; Ocup\u00f3 la Presidencia de la Rep\u00fablica Dominicana, del 4 de agosto al 15 de noviembre de 1865 y del 22 de agosto de 1866 al 31 de enero de 1868.<\/p>\n\n\n\n<p>\u00a0\u00a0\u00a0\u00a0 Al morir el 28 de febrero de 1899, estaba retirado\u00a0 de las actividades de\u00a0 la vida p\u00fablica dominicana.<\/p>\n\n\n\n<p>De Notas de la Historia Dominicana de H\u00e9ctor Tineo Nolasco<\/p>\n","protected":false},"excerpt":{"rendered":"<p>\u00a0\u00a0\u00a0 SANTO DOMINGO, el 28 de febrero de 1899, falleci\u00f3 en ciudad Santo Domingo, el ex Presidente de la Rep\u00fablica Dominicana,\u00a0 general \u00ae\u00a0 Jos\u00e9 Mar\u00eda Cabral. &nbsp;&nbsp;&nbsp; Jos\u00e9 Mar\u00eda Cabral de joven se vincul\u00f3 a las actividades militares y pol\u00edticas. Naci\u00f3 en San Crist\u00f3bal, en el a\u00f1o 1819, hijo de Marcos Cabral Aybar y Mar\u00eda [&hellip;]<\/p>\n","protected":false},"author":2,"featured_media":0,"comment_status":"closed","ping_status":"","sticky":false,"template":"","format":"standard","meta":{"footnotes":""},"categories":[26],"tags":[],"class_list":["post-511286","post","type-post","status-publish","format-standard","hentry","category-efemerides"],"_links":{"self":[{"href":"https:\/\/diariodominicano.com\/index.php?rest_route=\/wp\/v2\/posts\/511286","targetHints":{"allow":["GET"]}}],"collection":[{"href":"https:\/\/diariodominicano.com\/index.php?rest_route=\/wp\/v2\/posts"}],"about":[{"href":"https:\/\/diariodominicano.com\/index.php?rest_route=\/wp\/v2\/types\/post"}],"author":[{"embeddable":true,"href":"https:\/\/diariodominicano.com\/index.php?rest_route=\/wp\/v2\/users\/2"}],"replies":[{"embeddable":true,"href":"https:\/\/diariodominicano.com\/index.php?rest_route=%2Fwp%2Fv2%2Fcomments&post=511286"}],"version-history":[{"count":3,"href":"https:\/\/diariodominicano.com\/index.php?rest_route=\/wp\/v2\/posts\/511286\/revisions"}],"predecessor-version":[{"id":511289,"href":"https:\/\/diariodominicano.com\/index.php?rest_route=\/wp\/v2\/posts\/511286\/revisions\/511289"}],"wp:attachment":[{"href":"https:\/\/diariodominicano.com\/index.php?rest_route=%2Fwp%2Fv2%2Fmedia&parent=511286"}],"wp:term":[{"taxonomy":"category","embeddable":true,"href":"https:\/\/diariodominicano.com\/index.php?rest_route=%2Fwp%2Fv2%2Fcategories&post=511286"},{"taxonomy":"post_tag","embeddable":true,"href":"https:\/\/diariodominicano.com\/index.php?rest_route=%2Fwp%2Fv2%2Ftags&post=511286"}],"curies":[{"name":"wp","href":"https:\/\/api.w.org\/{rel}","templated":true}]}}