{"id":511276,"date":"2024-02-28T10:52:31","date_gmt":"2024-02-28T14:52:31","guid":{"rendered":"https:\/\/diariodominicano.com\/?p=511276"},"modified":"2024-02-28T10:52:31","modified_gmt":"2024-02-28T14:52:31","slug":"santiago-acoge-como-hijos-adoptivos-a-los-reconocidos-musicos-patricio-bonilla-y-joaquin-sanchez","status":"publish","type":"post","link":"https:\/\/diariodominicano.com\/?p=511276","title":{"rendered":"Santiago acoge como \u201cHijos Adoptivos\u201d a los reconocidos m\u00fasicos Patricio Bonilla y Joaqu\u00edn S\u00e1nchez"},"content":{"rendered":"\n<p>diariodominicano.com<\/p>\n\n\n\n<p><strong>Bonilla, oriundo de Mao, provincia Valverde,<\/strong> <strong>es un destacado m\u00fasico, arreglista y compositor, mientras Joaqu\u00edn S\u00e1nchez, oriundo de La Vega, se destaca como un gran m\u00fasico y cantautor<\/strong><\/p>\n\n\n\n<p><strong>Santiago, R. D.,<\/strong>\u2002<strong>28 de febrero, 2024.-<\/strong> El Ayuntamiento de Santiago, a trav\u00e9s de la Direcci\u00f3n de Cultura, someti\u00f3 ante el Concejo Municipal, la solicitud formal de declarar como \u201cHijos Adoptivos de Santiago\u201d al m\u00fasico Patricio Bonilla y al compositor y m\u00fasico Joaqu\u00edn S\u00e1nchez, previa aprobaci\u00f3n del alcalde Abel Mart\u00ednez, en cuya gesti\u00f3n, la cultura y arte son parte de los logros del cabildo local.<\/p>\n\n\n\n<p>Ambos artistas recibieron sendos pergaminos en un acto celebrado en la Sala Capitular del cabildo, que estuvo encabezado por la doctora Yanilsa Cruz, directora de Cultura Municipal y el licenciado Sergio Beato, secretario del Concejo Municipal y que cont\u00f3 con la presencia de familiares y amigos de los m\u00fasicos homenajeados.<\/p>\n\n\n\n<p>La doctora Yanilsa Cruz, en su condici\u00f3n de encargada departamental, introdujo la solicitud ante el Concejo de Regidores y ponder\u00f3 las cualidades y la trayectoria de \u00e9xitos de ambos artistas, al tiempo de destacar que el alcalde Abel Mart\u00ednez, ha encabezado una gesti\u00f3n que reconoce los aportes de hombres mujeres que de alguna manera han contribuido con el arte y la cultura de Santiago y el pa\u00eds.&nbsp;<\/p>\n\n\n\n<p>El destacado m\u00fasico, arreglista y compositor Patricio Bonilla, nacido en Mao, provincia Valverde, ha realizado grandes aportes a la m\u00fasica Latinoam\u00e9rica, especialmente al lat\u00edn jazz, formando parte de importantes agrupaciones musicales de la Rep\u00fablica Dominicana y en grandes producciones de destacados artistas.<\/p>\n\n\n\n<p>Bonilla, es un conocedor profundo de la t\u00e9cnica que se requiere para conocer un instrumento, en especial el tromb\u00f3n, que es uno de los m\u00e1s dif\u00edciles de tocar a la perfecci\u00f3n, siendo una de sus cualidades m\u00e1s importantes, la capacidad de o\u00eddo que posee, que le ha permitido identificar cualquier sonido al instante, adem\u00e1s de &nbsp;ser&nbsp; un lector musical admirable, lo que en el mundo de la m\u00fasica se conoce como \u201cLector a primera vista\u201d.<\/p>\n\n\n\n<p>Joaqu\u00edn S\u00e1nchez, es otro virtuoso artista, cantautor y guitarrista dominicano, amante de la m\u00fasica bohemia, oriundo de San Francisco de Macor\u00eds, provincia Duarte, poseedor de una voz extraordinaria, original y org\u00e1nica, con una gran pasi\u00f3n por el arte, int\u00e9rprete de sobresalientes temas musicales, entre ellos \u201cArte de Magia\u201d, \u201cQuisiera\u201d, \u201cYo Soporto\u201d, \u201cQuiero Decirte\u201d \u201cMochila de Recuerdos\u201d y \u201cQu\u00e9date\u201d, entre otros.<\/p>\n\n\n\n<p>S\u00e1nchez, inici\u00f3 su carrera en el 1998 en su pueblo natal, como voz principal y l\u00edder de la agrupaci\u00f3n de rock \u201cHerradura\u201d y en el a\u00f1o 2004 lanz\u00f3 su primera producci\u00f3n musical \u201cArte de Magia\u201d, bajo el sello discogr\u00e1fico Premium Lat\u00edn Music, proyecto que le brind\u00f3 popularidad a nivel nacional y le abri\u00f3 puertas a la pantalla grande debutando como actor en las reconocidas pel\u00edculas dominicanas \u201cSanki Panky I\u201d y \u201cSanti Clo\u201d, entre otros muchos \u00e9xitos.<\/p>\n\n\n\n<p>Tanto Bonilla, como S\u00e1nchez, agradecieron por separado, al alcalde Abel Mart\u00ednez, al Concejo de Regidores y a todo el pueblo de Santiago, por apoyar sus carreras dentro del mundo art\u00edstico, una ciudad de la que estar\u00e1n eternamente agradecidos por todo el respaldo de su gente, que los ha acogido como santiagueros.<\/p>\n\n\n\n<p><strong>Direcci\u00f3n de Comunicaci\u00f3n y Prensa Ayuntamiento de Santiago<\/strong><\/p>\n\n\n\n<p><strong>Mi\u00e9rcoles &nbsp;28 de febrero 2024<\/strong><\/p>\n\n\n\n<p><\/p>\n\n\n\n<p>Direcci\u00f3n de Comunicaciones Ayuntamiento Santiago<\/p>\n\n\n\n<p><a href=\"mailto:comunicaciones@ayuntamientosantiago.gob.do\" target=\"_blank\" rel=\"noreferrer noopener\">comunicaciones@ayuntamientosantiago.gob.do<\/a><\/p>\n","protected":false},"excerpt":{"rendered":"<p>diariodominicano.com Bonilla, oriundo de Mao, provincia Valverde, es un destacado m\u00fasico, arreglista y compositor, mientras Joaqu\u00edn S\u00e1nchez, oriundo de La Vega, se destaca como un gran m\u00fasico y cantautor Santiago, R. D.,\u200228 de febrero, 2024.- El Ayuntamiento de Santiago, a trav\u00e9s de la Direcci\u00f3n de Cultura, someti\u00f3 ante el Concejo Municipal, la solicitud formal de [&hellip;]<\/p>\n","protected":false},"author":5,"featured_media":511278,"comment_status":"closed","ping_status":"","sticky":true,"template":"","format":"standard","meta":{"footnotes":""},"categories":[20,27],"tags":[],"class_list":["post-511276","post","type-post","status-publish","format-standard","has-post-thumbnail","hentry","category-dominicana-hoy","category-portada"],"_links":{"self":[{"href":"https:\/\/diariodominicano.com\/index.php?rest_route=\/wp\/v2\/posts\/511276","targetHints":{"allow":["GET"]}}],"collection":[{"href":"https:\/\/diariodominicano.com\/index.php?rest_route=\/wp\/v2\/posts"}],"about":[{"href":"https:\/\/diariodominicano.com\/index.php?rest_route=\/wp\/v2\/types\/post"}],"author":[{"embeddable":true,"href":"https:\/\/diariodominicano.com\/index.php?rest_route=\/wp\/v2\/users\/5"}],"replies":[{"embeddable":true,"href":"https:\/\/diariodominicano.com\/index.php?rest_route=%2Fwp%2Fv2%2Fcomments&post=511276"}],"version-history":[{"count":1,"href":"https:\/\/diariodominicano.com\/index.php?rest_route=\/wp\/v2\/posts\/511276\/revisions"}],"predecessor-version":[{"id":511279,"href":"https:\/\/diariodominicano.com\/index.php?rest_route=\/wp\/v2\/posts\/511276\/revisions\/511279"}],"wp:featuredmedia":[{"embeddable":true,"href":"https:\/\/diariodominicano.com\/index.php?rest_route=\/wp\/v2\/media\/511278"}],"wp:attachment":[{"href":"https:\/\/diariodominicano.com\/index.php?rest_route=%2Fwp%2Fv2%2Fmedia&parent=511276"}],"wp:term":[{"taxonomy":"category","embeddable":true,"href":"https:\/\/diariodominicano.com\/index.php?rest_route=%2Fwp%2Fv2%2Fcategories&post=511276"},{"taxonomy":"post_tag","embeddable":true,"href":"https:\/\/diariodominicano.com\/index.php?rest_route=%2Fwp%2Fv2%2Ftags&post=511276"}],"curies":[{"name":"wp","href":"https:\/\/api.w.org\/{rel}","templated":true}]}}