{"id":511226,"date":"2024-02-28T01:19:38","date_gmt":"2024-02-28T05:19:38","guid":{"rendered":"https:\/\/diariodominicano.com\/?p=511226"},"modified":"2024-02-28T01:22:29","modified_gmt":"2024-02-28T05:22:29","slug":"presidente-instituto-duartiano-aboga-por-preservar-soberania-y-promover-la-honestidad","status":"publish","type":"post","link":"https:\/\/diariodominicano.com\/?p=511226","title":{"rendered":"Presidente Instituto Duartiano aboga por preservar soberan\u00eda y promover la honestidad"},"content":{"rendered":"\n<p>Directivos y miembros del Instituto Duartiano en el Altar de la Patria.<\/p>\n\n\n\n<p><em><strong>En el 180 aniversario de la Independencia Nacional, el presidente del organismo, Wilson G\u00f3mez Ram\u00edrez, reiter\u00f3 la exhortaci\u00f3n de exhibir la bandera en los frentes de las casas e instituciones en las fechas patrias, como manifestaci\u00f3n de civismo y tributo a los Trinitarios y a su l\u00edder Juan Pablo Duarte.<\/strong><\/em><\/p>\n\n\n\n<figure class=\"wp-block-image size-large\"><img loading=\"lazy\" decoding=\"async\" width=\"1024\" height=\"683\" src=\"https:\/\/diariodominicano.com\/wp-content\/uploads\/2024\/02\/Foto-2-El-presidente-del-Instituto-Duartiano-Wilson-Gomez-Mejia.-1-1024x683.jpg\" alt=\"\" class=\"wp-image-511229\" srcset=\"https:\/\/diariodominicano.com\/wp-content\/uploads\/2024\/02\/Foto-2-El-presidente-del-Instituto-Duartiano-Wilson-Gomez-Mejia.-1-1024x683.jpg 1024w, https:\/\/diariodominicano.com\/wp-content\/uploads\/2024\/02\/Foto-2-El-presidente-del-Instituto-Duartiano-Wilson-Gomez-Mejia.-1-300x200.jpg 300w, https:\/\/diariodominicano.com\/wp-content\/uploads\/2024\/02\/Foto-2-El-presidente-del-Instituto-Duartiano-Wilson-Gomez-Mejia.-1-768x512.jpg 768w, https:\/\/diariodominicano.com\/wp-content\/uploads\/2024\/02\/Foto-2-El-presidente-del-Instituto-Duartiano-Wilson-Gomez-Mejia.-1-1536x1024.jpg 1536w, https:\/\/diariodominicano.com\/wp-content\/uploads\/2024\/02\/Foto-2-El-presidente-del-Instituto-Duartiano-Wilson-Gomez-Mejia.-1-2048x1366.jpg 2048w, https:\/\/diariodominicano.com\/wp-content\/uploads\/2024\/02\/Foto-2-El-presidente-del-Instituto-Duartiano-Wilson-Gomez-Mejia.-1-816x544.jpg 816w\" sizes=\"auto, (max-width: 1024px) 100vw, 1024px\" \/><\/figure>\n\n\n\n<p><strong>El presidente del Instituto Duartiano, Wilson G\u00f3mez Mej\u00eda.<\/strong><\/p>\n\n\n\n<p><strong>Santo Domingo, R.D.-\u00a0<\/strong>El presidente del Instituto Duartiano, <strong>Wilson G\u00f3mez Ram\u00edrez<\/strong>, manifest\u00f3 este martes que las generaciones tienen en Duarte y los Trinitarios el ejemplo a seguir para preservar las esencias de la dominicanidad y continuar labrando la naci\u00f3n soberana, por lo que pidi\u00f3 duplicar los esfuerzos hasta alcanzar este prop\u00f3sito con el comportamiento responsable y honesto.<\/p>\n\n\n\n<p>\u201cDebemos trabajar para formar en valores a los ni\u00f1os y j\u00f3venes, como garant\u00eda para lograr el ejercicio de una ciudadan\u00eda responsable e insisti\u00f3 en que el Ministerio de Educaci\u00f3n incorpore la materia de Moral y C\u00edvica en las escuelas\u201d, dijo G\u00f3mez Ram\u00edrez en las actividades del Instituto Duartiano organizadas en el Altar de la Patria, con motivo del 180 aniversario de la Independencia Nacional.<\/p>\n\n\n\n<p>Los actos iniciaron con un emotivo enhestamiento de la bandera nacional en la parte m\u00e1s alta del baluarte del Conde, donde Francisco S\u00e1nchez realiz\u00f3 la primera izada del lienzo, y se\u00f1al\u00f3 que \u201cesta es la acci\u00f3n patri\u00f3tica m\u00e1s sencilla, y no obstante, tiene un elevado significado, porque con \u00e9l se anunci\u00f3 al mundo el nacimiento del Estado dominicano\u201d.<\/p>\n\n\n\n<p>Al depositar la ofrenda, G\u00f3mez Ram\u00edrez dijo que \u201cconcurrimos a este recinto sagrado de la patria, a agradecer a Duarte, S\u00e1nchez y Mella sus esfuerzos sostenidos y sus valientes acciones orientadas a forjar una conciencia en el pueblo que, a la postre, tras su lucha decidida determin\u00f3 el nacimiento y preservaci\u00f3n de la patria soberana, libre e independiente que todos disfrutamos y estamos obligados a mantener\u201d.<\/p>\n\n\n\n<p>De forma complementaria, todos los centros duartianos del interior del pa\u00eds y filiales del exterior desarrollar\u00e1n desfiles, ofrendas y charlas, conjuntamente con entidades oficiales y culturales.<\/p>\n\n\n\n<p><strong>Sobre el Instituto Duartiano<\/strong><\/p>\n\n\n\n<p>El Instituto Duartiano es un organismo de car\u00e1cter oficial y aut\u00f3nomo, fundado el 26 de enero de 1964, y la Ley n\u00famero 127-01, del 27 de julio de 2001, le otorg\u00f3 autonom\u00eda.<\/p>\n\n\n\n<p>Tiene como objetivo promover la difusi\u00f3n de los ideales, la vida y el ejemplo del patricio Juan Pablo Duarte, as\u00ed como los valores patrios y los gloriosos acontecimientos hist\u00f3ricos de nuestro pa\u00eds. Esta es la instituci\u00f3n responsable de velar por el respeto a la memoria del Patricio y por preservar su imagen y buen nombre.<\/p>\n\n\n\n<p>Tiene la misi\u00f3n de llevar al pueblo dominicano la historia de Juan Pablo Duarte y tratar de que, por medio del conocimiento de sus ideales, laboriosidad, honestidad acrisolada, patriotismo, esp\u00edritu de servicio y vida ejemplar, exista un mejor ciudadano y una patria justa y feliz, como la so\u00f1\u00f3 el padre de la Patria.<\/p>\n\n\n\n<p><strong>Pie de las fotos:<\/strong><\/p>\n\n\n\n<p><strong>Foto 1:<\/strong><\/p>\n\n\n\n<p>Directivos y miembros del Instituto Duartiano en el Altar de la Patria.<\/p>\n\n\n\n<p><strong>Foto 2:<\/strong><\/p>\n\n\n\n<p>El presidente del Instituto Duartiano, Wilson G\u00f3mez Mej\u00eda.<\/p>\n\n\n\n<p><strong>Foto 3:<\/strong><\/p>\n\n\n\n<p>Directivos y miembros del Instituto Duartiano luego de la ofrenda floral<\/p>\n","protected":false},"excerpt":{"rendered":"<p>Directivos y miembros del Instituto Duartiano en el Altar de la Patria. En el 180 aniversario de la Independencia Nacional, el presidente del organismo, Wilson G\u00f3mez Ram\u00edrez, reiter\u00f3 la exhortaci\u00f3n de exhibir la bandera en los frentes de las casas e instituciones en las fechas patrias, como manifestaci\u00f3n de civismo y tributo a los Trinitarios [&hellip;]<\/p>\n","protected":false},"author":2,"featured_media":511227,"comment_status":"closed","ping_status":"","sticky":false,"template":"","format":"standard","meta":{"footnotes":""},"categories":[21,36,26,27],"tags":[],"class_list":["post-511226","post","type-post","status-publish","format-standard","has-post-thumbnail","hentry","category-cultura","category-hombresmujeresycosas","category-efemerides","category-portada"],"_links":{"self":[{"href":"https:\/\/diariodominicano.com\/index.php?rest_route=\/wp\/v2\/posts\/511226","targetHints":{"allow":["GET"]}}],"collection":[{"href":"https:\/\/diariodominicano.com\/index.php?rest_route=\/wp\/v2\/posts"}],"about":[{"href":"https:\/\/diariodominicano.com\/index.php?rest_route=\/wp\/v2\/types\/post"}],"author":[{"embeddable":true,"href":"https:\/\/diariodominicano.com\/index.php?rest_route=\/wp\/v2\/users\/2"}],"replies":[{"embeddable":true,"href":"https:\/\/diariodominicano.com\/index.php?rest_route=%2Fwp%2Fv2%2Fcomments&post=511226"}],"version-history":[{"count":5,"href":"https:\/\/diariodominicano.com\/index.php?rest_route=\/wp\/v2\/posts\/511226\/revisions"}],"predecessor-version":[{"id":511233,"href":"https:\/\/diariodominicano.com\/index.php?rest_route=\/wp\/v2\/posts\/511226\/revisions\/511233"}],"wp:featuredmedia":[{"embeddable":true,"href":"https:\/\/diariodominicano.com\/index.php?rest_route=\/wp\/v2\/media\/511227"}],"wp:attachment":[{"href":"https:\/\/diariodominicano.com\/index.php?rest_route=%2Fwp%2Fv2%2Fmedia&parent=511226"}],"wp:term":[{"taxonomy":"category","embeddable":true,"href":"https:\/\/diariodominicano.com\/index.php?rest_route=%2Fwp%2Fv2%2Fcategories&post=511226"},{"taxonomy":"post_tag","embeddable":true,"href":"https:\/\/diariodominicano.com\/index.php?rest_route=%2Fwp%2Fv2%2Ftags&post=511226"}],"curies":[{"name":"wp","href":"https:\/\/api.w.org\/{rel}","templated":true}]}}