{"id":511112,"date":"2024-02-27T18:21:53","date_gmt":"2024-02-27T22:21:53","guid":{"rendered":"https:\/\/diariodominicano.com\/?p=511112"},"modified":"2024-02-27T18:21:53","modified_gmt":"2024-02-27T22:21:53","slug":"ministro-de-defensa-recibe-visita-del-comandante-de-la-armada-de-colombia","status":"publish","type":"post","link":"https:\/\/diariodominicano.com\/?p=511112","title":{"rendered":"Ministro de Defensa recibe visita del comandante de la Armada de Colombia"},"content":{"rendered":"\n<p>diariodominicano.com<\/p>\n\n\n\n<p>Santo Domingo, R. D.,\u200227 de febrero, 2024.-\u2002El Ministro de Defensa, teniente general Carlos Luciano D\u00edaz Morfa, ERD, recibi\u00f3 en su despacho al comandante de la Armada Nacional de la Rep\u00fablica de Colombia (ARC), almirante Francisco Hernando Cubides Granados.<\/p>\n\n\n\n<p>El encuentro fue calificado por el titular del Ministerio de Defensa como una muestra de cooperaci\u00f3n internacional y de estrechar los lazos diplom\u00e1ticos entre las Fuerzas Armadas dominicana y colombiana.<\/p>\n\n\n\n<p>Durante la reuni\u00f3n, las autoridades abordaron temas de inter\u00e9s y refirieron estrategias conjuntas para enfrentar los desaf\u00edos comunes que se presentan en la seguridad mar\u00edtima y en las operaciones de defensa de la regi\u00f3n.<\/p>\n\n\n\n<p>Los l\u00edderes militares coincidieron en que este encuentro bilateral refleja el compromiso de la Rep\u00fablica Dominicana y Colombia de continuar con el intercambio de experiencias en materia de defensa, fomentando as\u00ed un ambiente de seguridad que beneficie a ambas naciones y contribuya a la estabilidad regional.<\/p>\n\n\n\n<p>El almirante Cubides Granados estuvo acompa\u00f1ado por el presidente de la&nbsp; Corporaci\u00f3n de Ciencia y Tecnolog\u00eda para el Desarrollo de la Industria Naval, Mar\u00edtima y Fluvial (COTECMAR), vicealmirante Luis Fern\u00e1ndez M\u00e1rquez Veloza; el capit\u00e1n de nav\u00edo Ibo Plazas, Jefe de Comunicaciones Estrat\u00e9gicas de la Armada de Colombia; el capit\u00e1n de corbeta, Juan Pablo Guti\u00e9rrez Buchelii, ayudante del comandante general de la ARC,&nbsp; y el coronel Albarracin Cordero, agregado Militar, Naval y A\u00e9rea de la Rep\u00fablica de Colombia acreditado en el pa\u00eds.<\/p>\n\n\n\n<p>Tambi\u00e9n participaron el viceministro de Defensa para Asuntos Navales y Costero, vicealmirante Ram\u00f3n G. Betances Hern\u00e1ndez; el comandante general de la Armada, vicealmirante Agust\u00edn Morillo Rodr\u00edguez, el director del Centro de Comando, Control, Comunicaciones, Computadoras, Ciberseguridad e Inteligencia (C5i) del Ministerio de Defensa (MIDE), vicealmirante Luis Rafael Lee Ballester, ARD, y el capit\u00e1n de Nav\u00edo, Juan Gilberto N\u00fa\u00f1ez Abreu, ARD, comandante del Comando Conjunto Este de las Fuerzas Armadas<\/p>\n\n\n\n<p><strong><em>Departamento de Prensa<\/em><\/strong><\/p>\n\n\n\n<p><em><strong>Direcci\u00f3n de Asuntos Civiles del Estado Mayor Conjunto, J5<\/strong><\/em><\/p>\n\n\n\n<p><em><strong>Ministerio de Defensa de Rep\u00fablica Dominicana<\/strong><\/em><\/p>\n","protected":false},"excerpt":{"rendered":"<p>diariodominicano.com Santo Domingo, R. D.,\u200227 de febrero, 2024.-\u2002El Ministro de Defensa, teniente general Carlos Luciano D\u00edaz Morfa, ERD, recibi\u00f3 en su despacho al comandante de la Armada Nacional de la Rep\u00fablica de Colombia (ARC), almirante Francisco Hernando Cubides Granados. El encuentro fue calificado por el titular del Ministerio de Defensa como una muestra de cooperaci\u00f3n [&hellip;]<\/p>\n","protected":false},"author":5,"featured_media":511113,"comment_status":"closed","ping_status":"","sticky":true,"template":"","format":"standard","meta":{"footnotes":""},"categories":[20,27],"tags":[],"class_list":["post-511112","post","type-post","status-publish","format-standard","has-post-thumbnail","hentry","category-dominicana-hoy","category-portada"],"_links":{"self":[{"href":"https:\/\/diariodominicano.com\/index.php?rest_route=\/wp\/v2\/posts\/511112","targetHints":{"allow":["GET"]}}],"collection":[{"href":"https:\/\/diariodominicano.com\/index.php?rest_route=\/wp\/v2\/posts"}],"about":[{"href":"https:\/\/diariodominicano.com\/index.php?rest_route=\/wp\/v2\/types\/post"}],"author":[{"embeddable":true,"href":"https:\/\/diariodominicano.com\/index.php?rest_route=\/wp\/v2\/users\/5"}],"replies":[{"embeddable":true,"href":"https:\/\/diariodominicano.com\/index.php?rest_route=%2Fwp%2Fv2%2Fcomments&post=511112"}],"version-history":[{"count":1,"href":"https:\/\/diariodominicano.com\/index.php?rest_route=\/wp\/v2\/posts\/511112\/revisions"}],"predecessor-version":[{"id":511114,"href":"https:\/\/diariodominicano.com\/index.php?rest_route=\/wp\/v2\/posts\/511112\/revisions\/511114"}],"wp:featuredmedia":[{"embeddable":true,"href":"https:\/\/diariodominicano.com\/index.php?rest_route=\/wp\/v2\/media\/511113"}],"wp:attachment":[{"href":"https:\/\/diariodominicano.com\/index.php?rest_route=%2Fwp%2Fv2%2Fmedia&parent=511112"}],"wp:term":[{"taxonomy":"category","embeddable":true,"href":"https:\/\/diariodominicano.com\/index.php?rest_route=%2Fwp%2Fv2%2Fcategories&post=511112"},{"taxonomy":"post_tag","embeddable":true,"href":"https:\/\/diariodominicano.com\/index.php?rest_route=%2Fwp%2Fv2%2Ftags&post=511112"}],"curies":[{"name":"wp","href":"https:\/\/api.w.org\/{rel}","templated":true}]}}