{"id":511102,"date":"2024-02-27T17:44:30","date_gmt":"2024-02-27T21:44:30","guid":{"rendered":"https:\/\/diariodominicano.com\/?p=511102"},"modified":"2024-02-27T17:44:30","modified_gmt":"2024-02-27T21:44:30","slug":"presidente-abinader-afirma-que-supera-con-hechos-el-olvido-del-sur-en-los-pasados-gobiernos","status":"publish","type":"post","link":"https:\/\/diariodominicano.com\/?p=511102","title":{"rendered":"Presidente Abinader afirma que supera con hechos el olvido del sur en los pasados gobiernos"},"content":{"rendered":"\n<p>diariodominicano.com<\/p>\n\n\n\n<p>Santo Domingo, R. D.,\u200227 de febrero, 2024.-\u00a0<strong>El presidente de la Rep\u00fablica, Luis Abinader,<\/strong>\u00a0afirm\u00f3 ante la\u00a0<strong>Asamblea Nacional<\/strong>\u00a0que en su gesti\u00f3n se est\u00e1 superando, con\u00a0<em>\u201chechos no con palabras\u201d,<\/em>\u00a0uno de los\u00a0<em>\u201colvidos m\u00e1s graves de los gobiernos pasados\u201d,<\/em>\u00a0que fue relegar las provincias del sur, porque actualmente se realizan\u00a0<strong>importantes inversiones<\/strong>\u00a0en toda la regi\u00f3n,\u00a0<strong>no solo en turismo<\/strong>.\u00a0<\/p>\n\n\n\n<p><em>\u201cLa regi\u00f3n sur solo aparec\u00eda en las promesas\u00bb, afirm\u00f3. Yo puedo decir que, en todas las \u00e1reas y sectores, el sur est\u00e1 cambiando. No solo el turismo, nuestra apuesta por el desarrollo del sur ha sido en todos los frentes\u201d.<\/em>&nbsp;Cit\u00f3 como ejemplo Pedernales, \u201c<em>la menos poblada de todo el pa\u00eds, y por muchos a\u00f1os, la menos atendida\u201d.&nbsp;<\/em><\/p>\n\n\n\n<p>En&nbsp;<strong>materia de salud<\/strong>, explic\u00f3, el gobierno est\u00e1 construyendo el&nbsp;<strong>primer hospital materno infantil<\/strong>&nbsp;en&nbsp;<strong>Barahona<\/strong>&nbsp;y apoyando a la&nbsp;<strong>Liga Dominicana Contra el C\u00e1ncer,<\/strong>&nbsp;para construir el&nbsp;<strong>primer hospital oncol\u00f3gico<\/strong>&nbsp;que dar\u00e1 servicio a toda la regi\u00f3n.&nbsp;<\/p>\n\n\n\n<p>Tambi\u00e9n, dijo,&nbsp;<em>\u201cest\u00e1 en construcci\u00f3n y terminaremos este a\u00f1o el primer hospital traumatol\u00f3gico del sur ubicado en Azua y tenemos ya los recursos para iniciar este a\u00f1o el primer hospital pedi\u00e1trico del sur, tambi\u00e9n en Azua\u201d.<\/em><\/p>\n\n\n\n<p>En&nbsp;<strong>San Crist\u00f3bal,<\/strong>&nbsp;este a\u00f1o, inform\u00f3 el presidente Abinader, \u201caportamos los recursos para iniciar la construcci\u00f3n del primer hospital traumatol\u00f3gico, como parte de la gran ciudad sanitaria de la provincia\u201d.&nbsp;<\/p>\n\n\n\n<p>En materia de&nbsp;<strong>educaci\u00f3n superior<\/strong>, la semana pasada se entreg\u00f3 el moderno&nbsp;<strong>Centro UASD de Ban\u00ed<\/strong>, dijo, y&nbsp;<em>\u201cquiero anunciarles, que el pr\u00f3ximo mes de marzo inauguraremos el Centro UASD en Azua y en junio terminamos el de Neyba\u201d.<\/em><\/p>\n\n\n\n<p>En San Crist\u00f3bal, inform\u00f3, estamos duplicando las infraestructuras f\u00edsicas de la UASD y la semana pasada en&nbsp;<strong>Bohech\u00edo, San Juan de la Maguana<\/strong>, inauguramos la extensi\u00f3n de la&nbsp;<strong>Universidad Agr\u00edcola ISA,<\/strong>&nbsp;<em>\u201cpara que, por primera vez, nuestros j\u00f3venes del sur tengan acceso a los conocimientos m\u00e1s avanzados en el sector agropecuario\u201d.&nbsp;<\/em><\/p>\n\n\n\n<p>Afirm\u00f3 el presidente que,&nbsp;<em>\u201ctodo esto se suma al apoyo que venimos dando a la Universidad Cat\u00f3lica Tecnol\u00f3gica de Barahona (Ucateba), para su instalaci\u00f3n en Pedernales y para la instalaci\u00f3n del Instituto Polit\u00e9cnico Loyola en Monte Grande\u201d.<\/em><\/p>\n\n\n\n<p>Tambi\u00e9n, inform\u00f3, en Barahona&nbsp;<em>\u201cestamos construyendo el muelle tur\u00edstico y en San Juan inauguramos el primer parque de Zonas Francas, y en este a\u00f1o concluiremos las obras de construcci\u00f3n de su nuevo aeropuerto dom\u00e9stico que ayudar\u00e1 en la fumigaci\u00f3n y siembra de toda la regi\u00f3n\u201d.&nbsp;<\/em><\/p>\n\n\n\n<p>El presidente Abinader hizo una breve parada en su discurso para&nbsp;<em>\u201cmandar un afectuoso saludo a los productores agr\u00edcolas de Tamayo, que hoy nos acompa\u00f1an, y que ya saben que sus terrenos, aguas abajo de la presa de Monte Grande, no se volver\u00e1n a inundar\u201d.&nbsp;<\/em><\/p>\n\n\n\n<p>El mandatario afirm\u00f3 que su gobierno est\u00e1 haciendo una apuesta por una red de infraestructuras que&nbsp;<strong>cambiar\u00e1 la Rep\u00fablica Dominicana.&nbsp;<\/strong><\/p>\n\n\n\n<p>Explic\u00f3 que, en el sur, ligado al\u00a0<strong>proyecto de desarrollo de Pedernales<\/strong>,\u00a0<em>\u201chemos invertido en importantes v\u00edas que est\u00e1n acercando esa zona a la regi\u00f3n metropolitana, con obras como la circunvalaci\u00f3n de Azua, ya terminada, y la de Ban\u00ed, en plena construcci\u00f3n, adem\u00e1s de la carretera Enriquillo-Pedernales, tambi\u00e9n en construcci\u00f3n\u201d.<\/em><\/p>\n\n\n\n<p>Fuente: Direcci\u00f3n de Estrategia y Comunicaci\u00f3n<\/p>\n\n\n\n<p>Ministerio Administrativo de la Presidencia de la Rep\u00fablica Dominicana<\/p>\n","protected":false},"excerpt":{"rendered":"<p>diariodominicano.com Santo Domingo, R. D.,\u200227 de febrero, 2024.-\u00a0El presidente de la Rep\u00fablica, Luis Abinader,\u00a0afirm\u00f3 ante la\u00a0Asamblea Nacional\u00a0que en su gesti\u00f3n se est\u00e1 superando, con\u00a0\u201chechos no con palabras\u201d,\u00a0uno de los\u00a0\u201colvidos m\u00e1s graves de los gobiernos pasados\u201d,\u00a0que fue relegar las provincias del sur, porque actualmente se realizan\u00a0importantes inversiones\u00a0en toda la regi\u00f3n,\u00a0no solo en turismo.\u00a0 \u201cLa regi\u00f3n sur [&hellip;]<\/p>\n","protected":false},"author":5,"featured_media":511104,"comment_status":"closed","ping_status":"","sticky":true,"template":"","format":"standard","meta":{"footnotes":""},"categories":[20,27],"tags":[],"class_list":["post-511102","post","type-post","status-publish","format-standard","has-post-thumbnail","hentry","category-dominicana-hoy","category-portada"],"_links":{"self":[{"href":"https:\/\/diariodominicano.com\/index.php?rest_route=\/wp\/v2\/posts\/511102","targetHints":{"allow":["GET"]}}],"collection":[{"href":"https:\/\/diariodominicano.com\/index.php?rest_route=\/wp\/v2\/posts"}],"about":[{"href":"https:\/\/diariodominicano.com\/index.php?rest_route=\/wp\/v2\/types\/post"}],"author":[{"embeddable":true,"href":"https:\/\/diariodominicano.com\/index.php?rest_route=\/wp\/v2\/users\/5"}],"replies":[{"embeddable":true,"href":"https:\/\/diariodominicano.com\/index.php?rest_route=%2Fwp%2Fv2%2Fcomments&post=511102"}],"version-history":[{"count":1,"href":"https:\/\/diariodominicano.com\/index.php?rest_route=\/wp\/v2\/posts\/511102\/revisions"}],"predecessor-version":[{"id":511105,"href":"https:\/\/diariodominicano.com\/index.php?rest_route=\/wp\/v2\/posts\/511102\/revisions\/511105"}],"wp:featuredmedia":[{"embeddable":true,"href":"https:\/\/diariodominicano.com\/index.php?rest_route=\/wp\/v2\/media\/511104"}],"wp:attachment":[{"href":"https:\/\/diariodominicano.com\/index.php?rest_route=%2Fwp%2Fv2%2Fmedia&parent=511102"}],"wp:term":[{"taxonomy":"category","embeddable":true,"href":"https:\/\/diariodominicano.com\/index.php?rest_route=%2Fwp%2Fv2%2Fcategories&post=511102"},{"taxonomy":"post_tag","embeddable":true,"href":"https:\/\/diariodominicano.com\/index.php?rest_route=%2Fwp%2Fv2%2Ftags&post=511102"}],"curies":[{"name":"wp","href":"https:\/\/api.w.org\/{rel}","templated":true}]}}