{"id":511084,"date":"2024-02-27T12:18:16","date_gmt":"2024-02-27T16:18:16","guid":{"rendered":"https:\/\/diariodominicano.com\/?p=511084"},"modified":"2024-02-27T12:18:16","modified_gmt":"2024-02-27T16:18:16","slug":"obispo-de-haiti-pierre-andre-dumas-herido-por-banda-criminal-haitiana-recibe-atencion-en-estados-unidos","status":"publish","type":"post","link":"https:\/\/diariodominicano.com\/?p=511084","title":{"rendered":"Obispo de Hait\u00ed, Pierre Andr\u00e9 Dumas, herido por banda criminal haitiana, recibe atenci\u00f3n en Estados Unidos"},"content":{"rendered":"\n<p>diariodominicano.com<\/p>\n\n\n\n<p>Puerto Pr\u00edncipe, 27 feb (Prensa Latina) El vicepresidente de la Conferencia de Obispos de Hait\u00ed, Pierre Andr\u00e9 Dumas, es atendido hoy en un hospital de Estados Unidos, tras ser herido de gravedad en un atentado con explosivos perpetrado por una banda criminal.<\/p>\n\n\n\n<p>En Hait\u00ed fue sometido a dos intervenciones quir\u00fargicas, y ahora continuar\u00e1 su recuperaci\u00f3n en la Unidad de Quemados del Jackson Memorial Hospital en el pa\u00eds norte\u00f1o, seg\u00fan el diario Hait\u00ed Libre.<\/p>\n\n\n\n<p>La Polic\u00eda Nacional de Hait\u00ed (PNH) desconoce el paradero de los autores del atentado contra Dumas. Ninguna banda se atribuy\u00f3 el acto violento dirigido al prelado de Anse-\u00e0-Veau Mirago\u00e2ne, quien estaba alojado el 18 de febrero en una casa en Puerto Pr\u00edncipe.<\/p>\n\n\n\n<p>Dumas es un cr\u00edtico sin medida contra las bandas criminales que operan en Hait\u00ed, en especial, contra el delito del secuestro al que califica de pr\u00e1ctica inhumana y despreciable.<\/p>\n\n\n\n<p>En enero se ofreci\u00f3 como reh\u00e9n a cambio de las seis monjas de la Congregaci\u00f3n Hermanas de Santa Ana, que fueron plagiadas en Puerto Pr\u00edncipe, y hasta el papa Francisco tuvo que suplicar por su liberaci\u00f3n.<\/p>\n\n\n\n<p>Dumas tambi\u00e9n es bien severo con la clase pol\u00edtica de Hait\u00ed, y llama constantemente a dejar atr\u00e1s el individualismo para superar la crisis econ\u00f3mica, pol\u00edtica y social que agobia al pa\u00eds caribe\u00f1o.<\/p>\n\n\n\n<p>Recientemente expres\u00f3, que es necesaria una transici\u00f3n pac\u00edfica del poder, la sociedad est\u00e1 paralizada por el miedo y esto es un s\u00edmbolo del fracaso.<\/p>\n\n\n\n<p>\u201cEn nombre de Dios, pedimos a las autoridades que pongan fin al sufrimiento del pueblo haitiano\u201d, se\u00f1al\u00f3.<\/p>\n\n\n\n<p>En este contexto, la PNH sigue sin dar noticias sobre los seis miembros de la Congregaci\u00f3n de los Hermanos del Sagrado Coraz\u00f3n que fueron secuestrados el 24 de febrero por un grupo armado desconocido.<\/p>\n\n\n\n<p>Los bandidos plagiaron a los religiosos cat\u00f3licos frente a la barrera principal del Colegio Juan XXIII, cuando se dispon\u00edan a ingresar al recinto donde laboran. Uno de ellos es el director de dicho plantel.<\/p>\n\n\n\n<p>Desde el viernes hay un llamado a la oraci\u00f3n para que logren su libertad sin da\u00f1os a su integridad f\u00edsica.<\/p>\n\n\n\n<p>ro\/joe<\/p>\n","protected":false},"excerpt":{"rendered":"<p>diariodominicano.com Puerto Pr\u00edncipe, 27 feb (Prensa Latina) El vicepresidente de la Conferencia de Obispos de Hait\u00ed, Pierre Andr\u00e9 Dumas, es atendido hoy en un hospital de Estados Unidos, tras ser herido de gravedad en un atentado con explosivos perpetrado por una banda criminal. En Hait\u00ed fue sometido a dos intervenciones quir\u00fargicas, y ahora continuar\u00e1 su [&hellip;]<\/p>\n","protected":false},"author":5,"featured_media":511085,"comment_status":"closed","ping_status":"","sticky":true,"template":"","format":"standard","meta":{"footnotes":""},"categories":[112,23,27],"tags":[],"class_list":["post-511084","post","type-post","status-publish","format-standard","has-post-thumbnail","hentry","category-haiti","category-internacional","category-portada"],"_links":{"self":[{"href":"https:\/\/diariodominicano.com\/index.php?rest_route=\/wp\/v2\/posts\/511084","targetHints":{"allow":["GET"]}}],"collection":[{"href":"https:\/\/diariodominicano.com\/index.php?rest_route=\/wp\/v2\/posts"}],"about":[{"href":"https:\/\/diariodominicano.com\/index.php?rest_route=\/wp\/v2\/types\/post"}],"author":[{"embeddable":true,"href":"https:\/\/diariodominicano.com\/index.php?rest_route=\/wp\/v2\/users\/5"}],"replies":[{"embeddable":true,"href":"https:\/\/diariodominicano.com\/index.php?rest_route=%2Fwp%2Fv2%2Fcomments&post=511084"}],"version-history":[{"count":1,"href":"https:\/\/diariodominicano.com\/index.php?rest_route=\/wp\/v2\/posts\/511084\/revisions"}],"predecessor-version":[{"id":511086,"href":"https:\/\/diariodominicano.com\/index.php?rest_route=\/wp\/v2\/posts\/511084\/revisions\/511086"}],"wp:featuredmedia":[{"embeddable":true,"href":"https:\/\/diariodominicano.com\/index.php?rest_route=\/wp\/v2\/media\/511085"}],"wp:attachment":[{"href":"https:\/\/diariodominicano.com\/index.php?rest_route=%2Fwp%2Fv2%2Fmedia&parent=511084"}],"wp:term":[{"taxonomy":"category","embeddable":true,"href":"https:\/\/diariodominicano.com\/index.php?rest_route=%2Fwp%2Fv2%2Fcategories&post=511084"},{"taxonomy":"post_tag","embeddable":true,"href":"https:\/\/diariodominicano.com\/index.php?rest_route=%2Fwp%2Fv2%2Ftags&post=511084"}],"curies":[{"name":"wp","href":"https:\/\/api.w.org\/{rel}","templated":true}]}}