{"id":51095,"date":"2020-08-01T20:52:23","date_gmt":"2020-08-01T20:52:23","guid":{"rendered":"http:\/\/diariodominicano.ddns.net\/?p=51095"},"modified":"2020-08-01T20:52:23","modified_gmt":"2020-08-01T20:52:23","slug":"premio-1ro-de-agosto-reconocera-a-las-mejores-producciones-audiovisuales-de-la-republica-dominicana","status":"publish","type":"post","link":"https:\/\/diariodominicano.com\/?p=51095","title":{"rendered":"Premio 1ro. De Agosto reconocer\u00e1 a las mejores producciones&#13; &#13;audiovisuales de la Rep\u00fablica Dominicana&#13;"},"content":{"rendered":"<p><body><\/p>\n<p><img decoding=\"async\" src=\"img3\/estatuilla000.jpg\" \/>  <\/p>\n<p><strong>Diariodominicano.com<\/strong><\/p>\n<p><strong>Premio 1ro. De Agosto reconocer\u00e1 a las mejores producciones<\/strong><\/p>\n<p><strong> <\/strong><\/p>\n<p><strong>audiovisuales de la Rep\u00fablica Dominicana<\/strong><\/p>\n<p><strong> <\/strong><\/p>\n<p><strong> <\/strong><\/p>\n<p><strong> <\/strong><\/p>\n<p><strong>Esta premiaci\u00f3n ser\u00e1 anual y tambi\u00e9n distinguir\u00e1 a conductores y productores de TV que laboran en el extranjero.<\/strong><\/p>\n<p><strong> <\/strong><\/p>\n<p><strong> <\/strong><\/p>\n<p><strong> <\/strong><\/p>\n<p><strong>Santo Domingo.<\/strong> Las mejores producciones audiovisuales hechas para la televisi\u00f3n de la Rep\u00fablica Dominicana ser\u00e1n galardonadas en el Premio 1ro. De Agosto, una premiaci\u00f3n anual que busca reconocer e incentivar el trabajo de calidad realizado por conductores, productores y t\u00e9cnicos que laboran tanto en el pa\u00eds como en el extranjero.<\/p>\n<\/p>\n<\/p>\n<p>As\u00ed lo dio a conocer este s\u00e1bado 1ro. De Agosto Juan Carlos Albelo, Productor del Premio, en un video publicado en las cuentas @premioprimerodeagosto, donde explic\u00f3 que este evento contar\u00e1 con el \u00abGran galard\u00f3n 5 de la tarde\u00bb al programa de mayor popularidad del a\u00f1o, cuyo nombre se debe a la hora en que se encendi\u00f3 la televisi\u00f3n en la naci\u00f3n caribe\u00f1a y se difundi\u00f3 el primer programa.   <\/p>\n<\/p>\n<\/p>\n<p>El 1 de agosto de 1952, hace 68 a\u00f1os, la Rep\u00fablica Dominicana escogi\u00f3 a \u00abRomance Campesino\u00bb, como el primer programa que transmitir\u00eda el tercer canal de televisi\u00f3n de Latinoam\u00e9rica, La Voz Dominicana, a las 5:00 Una producci\u00f3n elaborada por el cuadro de comedias de la emisora La Voz del Yuna.<\/p>\n<\/p>\n<\/p>\n<p>Juan Carlos Albelo, explic\u00f3 que el prop\u00f3sito de Premio 1ro. De Agosto es fomentar la calidad en televisi\u00f3n y sus actores, a trav\u00e9s de valores como la honestidad, transparencia y justicia, especialmente en un momento en que se necesita resaltar el criterio con el que se hacen muchos programas en la pantalla chica del pa\u00eds.<\/p>\n<\/p>\n<\/p>\n<p>Esta distinci\u00f3n, organizada por la empresa productora de televisi\u00f3n y eventos Industria De Contenido, se realizar\u00e1 el 5 de octubre del 2020 en y contar\u00e1 con la conducci\u00f3n de Julie Carlo, Zoila Luna, Georgina Duluc, Miralba Ruiz, Sergio Carlo y Juan Carlos Pichardo.<\/p>\n<\/p>\n<\/p>\n<p>Para conocer los detalles y nominados al Premio 1ro. De Agosto, que desde ahora promete marcar un antes y un despu\u00e9s en la producci\u00f3n audiovisual para la televisi\u00f3n del pa\u00eds, se puede acceder a la web premioprimerodeagosto.com y las redes sociales @premioprimerodeagosto.<\/p>\n<\/p>\n<h6> 2020-08-01 20:52:23 <\/h6>\n<p><!--\n<link rel=\"stylesheet\" href=\"css\/bootstrap.min.css\">\n\n\n<ul class=\"pagination\">\n\t    \n\t\n\n<li >\n\t<a href='?page_no=356'>Previous<\/a>\n\t<\/li>\n\n\n       \n    \n\n<li><a href='?page_no=1'>1<\/a><\/li>\n\n\n\n<li><a href='?page_no=2'>2<\/a><\/li>\n\n\n\n<li><a>...<\/a><\/li>\n\n\n\n<li><a href='?page_no=355'>355<\/a><\/li>\n\n\n\n<li><a href='?page_no=356'>356<\/a><\/li>\n\n\n\n<li class='active'><a>357<\/a><\/li>\n\n\n\n<li><a href='?page_no=358'>358<\/a><\/li>\n\n\n\n<li><a href='?page_no=359'>359<\/a><\/li>\n\n\n\n<li><a>...<\/a><\/li>\n\n\n\n<li><a href='?page_no=22911'>22911<\/a><\/li>\n\n\n\n<li><a href='?page_no=22912'>22912<\/a><\/li>\n\n    \n\t\n\n<li >\n\t<a href='?page_no=358'>Next<\/a>\n\t<\/li>\n\n\n    \n\n<li><a href='?page_no=22912'>Last &rsaquo;&rsaquo;<\/a><\/li>\n\n<\/ul>\n\n\n--><br \/>\n<\/body><\/p>\n","protected":false},"excerpt":{"rendered":"<p>Diariodominicano.com Premio 1ro. De Agosto reconocer\u00e1 a las mejores producciones audiovisuales de la Rep\u00fablica Dominicana Esta premiaci\u00f3n ser\u00e1 anual y tambi\u00e9n distinguir\u00e1 a conductores y productores de TV que laboran en el extranjero. Santo Domingo. Las mejores producciones audiovisuales hechas para la televisi\u00f3n de la Rep\u00fablica Dominicana ser\u00e1n galardonadas en el Premio 1ro. De Agosto, [&hellip;]<\/p>\n","protected":false},"author":3,"featured_media":0,"comment_status":"open","ping_status":"open","sticky":false,"template":"","format":"standard","meta":{"footnotes":""},"categories":[21],"tags":[],"class_list":["post-51095","post","type-post","status-publish","format-standard","hentry","category-cultura"],"_links":{"self":[{"href":"https:\/\/diariodominicano.com\/index.php?rest_route=\/wp\/v2\/posts\/51095","targetHints":{"allow":["GET"]}}],"collection":[{"href":"https:\/\/diariodominicano.com\/index.php?rest_route=\/wp\/v2\/posts"}],"about":[{"href":"https:\/\/diariodominicano.com\/index.php?rest_route=\/wp\/v2\/types\/post"}],"author":[{"embeddable":true,"href":"https:\/\/diariodominicano.com\/index.php?rest_route=\/wp\/v2\/users\/3"}],"replies":[{"embeddable":true,"href":"https:\/\/diariodominicano.com\/index.php?rest_route=%2Fwp%2Fv2%2Fcomments&post=51095"}],"version-history":[{"count":0,"href":"https:\/\/diariodominicano.com\/index.php?rest_route=\/wp\/v2\/posts\/51095\/revisions"}],"wp:attachment":[{"href":"https:\/\/diariodominicano.com\/index.php?rest_route=%2Fwp%2Fv2%2Fmedia&parent=51095"}],"wp:term":[{"taxonomy":"category","embeddable":true,"href":"https:\/\/diariodominicano.com\/index.php?rest_route=%2Fwp%2Fv2%2Fcategories&post=51095"},{"taxonomy":"post_tag","embeddable":true,"href":"https:\/\/diariodominicano.com\/index.php?rest_route=%2Fwp%2Fv2%2Ftags&post=51095"}],"curies":[{"name":"wp","href":"https:\/\/api.w.org\/{rel}","templated":true}]}}