{"id":510823,"date":"2024-02-25T23:14:04","date_gmt":"2024-02-26T03:14:04","guid":{"rendered":"https:\/\/diariodominicano.com\/?p=510823"},"modified":"2024-02-25T23:14:04","modified_gmt":"2024-02-26T03:14:04","slug":"namibia-da-su-ultimo-adios-a-fallecido-presidente-hage-geingob-fotos","status":"publish","type":"post","link":"https:\/\/diariodominicano.com\/?p=510823","title":{"rendered":"Namibia da su \u00faltimo adi\u00f3s a fallecido presidente Hage Geingob (+Fotos)"},"content":{"rendered":"\n<p>Windhoek, 25 feb (Prensa Latina) Namibia dio hoy sepultura en funeral de Estado a su recientemente fallecido tercer presidente, Hage G. Geingob, en el Acre de los H\u00e9roes, en las afueras de esta capital.<\/p>\n\n\n\n<ul class=\"wp-block-list\">\n<li><a href=\"https:\/\/www.prensa-latina.cu\/2024\/02\/25\/\">febrero 25, 2024 | 07:42<\/a><\/li>\n<\/ul>\n\n\n\n<p>El sepelio result\u00f3 el punto final de numerosas actividades conmemorativas realizadas desde que Geingob falleciera de causas naturales el pasado 4 de febrero, que condujeron la v\u00edspera a un servicio conmemorativo estatal celebrado en el Estadio Independencia del pa\u00eds.<\/p>\n\n\n\n<p>Durante la procesi\u00f3n militar desde el Estadio al Acre, miles de personas se congregaron a lo largo de las vias como se\u00f1al de respeto, muchos aplaudiendo, acci\u00f3n caracterizada por el esp\u00edritu namibio de, sobre todo, celebrar la vida del difunto cuando \u00e9sta concluye.<\/p>\n\n\n\n<figure class=\"wp-block-image\"><img decoding=\"async\" src=\"https:\/\/www.prensa-latina.cu\/wp-content\/uploads\/2024\/02\/Lazo-sepelio4.jpg\" alt=\"\" class=\"wp-image-707662\"\/><\/figure>\n\n\n\n<p>Al funeral asistieron numerosos l\u00edderes de varias regiones del mundo, principalmente de \u00c1frica, entre ellos los presidentes de Sud\u00e1frica, Cyril Rampahosa; Kenia, William Ruto; y Zimbabwe, Emmerson Mnangagwa.<\/p>\n\n\n\n<p>Asimismo, entre otros altos dignatarios se encontraba el presidente de la Asamblea Nacional del Poder Popular de Cuba (parlamento), Esteban Lazo Hern\u00e1ndez, y el presidente alem\u00e1n, Frank-Walter Steinmeier.<\/p>\n\n\n\n<figure class=\"wp-block-image\"><img decoding=\"async\" src=\"https:\/\/www.prensa-latina.cu\/wp-content\/uploads\/2024\/02\/Lazo-sepelio2.jpg\" alt=\"\" class=\"wp-image-707663\"\/><\/figure>\n\n\n\n<p>Al intervenir la v\u00edspera en la ceremonia f\u00fanebre de Geingob, Lazo Hern\u00e1ndez resalt\u00f3 los v\u00ednculos de hermandad de larga data entre los pueblos namibio y cubano.<\/p>\n\n\n\n<p>Jam\u00e1s olvidaremos a nuestro amigo, enfatiz\u00f3 en la ocasi\u00f3n.<\/p>\n\n\n\n<p>Un Baobab ha ca\u00eddo, concluy\u00f3 el presidente del Parlamento cubano, pero su ejemplo se multiplicar\u00e1 en los j\u00f3venes que encarnan el futuro y que har\u00e1n de Namibia un mejor pa\u00eds, como \u00e9l lo so\u00f1\u00f3.<\/p>\n\n\n\n<p>Hage G. Geingob, un relevante luchador por la independencia de Namibia, se uni\u00f3 a las filas del movimiento de liberaci\u00f3n nacional Organizaci\u00f3n del Pueblo de \u00c1frica Sudoccidental (Swapo) desde los a\u00f1os 60 del pasado siglo.<\/p>\n\n\n\n<p>Tras la independencia del pa\u00eds, ocup\u00f3 el cargo de presidente (el tercero) desde 2015 hasta su muerte el 4 de febrero de 2024. Con anterioridad se desempe\u00f1\u00f3 como primer ministro de 1990 a 2002, y por segunda ocasi\u00f3n de 2012 a 2015.<\/p>\n\n\n\n<p>rgh\/mv<\/p>\n","protected":false},"excerpt":{"rendered":"<p>Windhoek, 25 feb (Prensa Latina) Namibia dio hoy sepultura en funeral de Estado a su recientemente fallecido tercer presidente, Hage G. Geingob, en el Acre de los H\u00e9roes, en las afueras de esta capital. El sepelio result\u00f3 el punto final de numerosas actividades conmemorativas realizadas desde que Geingob falleciera de causas naturales el pasado 4 [&hellip;]<\/p>\n","protected":false},"author":28,"featured_media":510824,"comment_status":"closed","ping_status":"","sticky":false,"template":"","format":"standard","meta":{"footnotes":""},"categories":[26,23],"tags":[],"class_list":["post-510823","post","type-post","status-publish","format-standard","has-post-thumbnail","hentry","category-efemerides","category-internacional"],"_links":{"self":[{"href":"https:\/\/diariodominicano.com\/index.php?rest_route=\/wp\/v2\/posts\/510823","targetHints":{"allow":["GET"]}}],"collection":[{"href":"https:\/\/diariodominicano.com\/index.php?rest_route=\/wp\/v2\/posts"}],"about":[{"href":"https:\/\/diariodominicano.com\/index.php?rest_route=\/wp\/v2\/types\/post"}],"author":[{"embeddable":true,"href":"https:\/\/diariodominicano.com\/index.php?rest_route=\/wp\/v2\/users\/28"}],"replies":[{"embeddable":true,"href":"https:\/\/diariodominicano.com\/index.php?rest_route=%2Fwp%2Fv2%2Fcomments&post=510823"}],"version-history":[{"count":1,"href":"https:\/\/diariodominicano.com\/index.php?rest_route=\/wp\/v2\/posts\/510823\/revisions"}],"predecessor-version":[{"id":510825,"href":"https:\/\/diariodominicano.com\/index.php?rest_route=\/wp\/v2\/posts\/510823\/revisions\/510825"}],"wp:featuredmedia":[{"embeddable":true,"href":"https:\/\/diariodominicano.com\/index.php?rest_route=\/wp\/v2\/media\/510824"}],"wp:attachment":[{"href":"https:\/\/diariodominicano.com\/index.php?rest_route=%2Fwp%2Fv2%2Fmedia&parent=510823"}],"wp:term":[{"taxonomy":"category","embeddable":true,"href":"https:\/\/diariodominicano.com\/index.php?rest_route=%2Fwp%2Fv2%2Fcategories&post=510823"},{"taxonomy":"post_tag","embeddable":true,"href":"https:\/\/diariodominicano.com\/index.php?rest_route=%2Fwp%2Fv2%2Ftags&post=510823"}],"curies":[{"name":"wp","href":"https:\/\/api.w.org\/{rel}","templated":true}]}}