{"id":510752,"date":"2024-02-25T21:21:10","date_gmt":"2024-02-26T01:21:10","guid":{"rendered":"https:\/\/diariodominicano.com\/?p=510752"},"modified":"2024-02-25T21:23:48","modified_gmt":"2024-02-26T01:23:48","slug":"dia-nacional-de-kuwait-2","status":"publish","type":"post","link":"https:\/\/diariodominicano.com\/?p=510752","title":{"rendered":"D\u00eda Nacional de Kuwait"},"content":{"rendered":"\n<p>Antony J. Blinken, Secretario de Estado<\/p>\n\n\n\n<p>Extiendo mis felicitaciones a Su Alteza el Jeque Mishal Al-Ahmad Al-Jaber Al-Sabah y al pueblo kuwait\u00ed por el 25 de febrero, D\u00eda Nacional y el 26 de febrero, D\u00eda de la Liberaci\u00f3n de Kuwait.<\/p>\n\n\n\n<figure class=\"wp-block-image size-full\"><img loading=\"lazy\" decoding=\"async\" width=\"612\" height=\"419\" src=\"https:\/\/diariodominicano.com\/wp-content\/uploads\/2022\/12\/gettyimages-1127091453-612x612-1.jpg\" alt=\"\" class=\"wp-image-402898\" srcset=\"https:\/\/diariodominicano.com\/wp-content\/uploads\/2022\/12\/gettyimages-1127091453-612x612-1.jpg 612w, https:\/\/diariodominicano.com\/wp-content\/uploads\/2022\/12\/gettyimages-1127091453-612x612-1-300x205.jpg 300w\" sizes=\"auto, (max-width: 612px) 100vw, 612px\" \/><figcaption class=\"wp-element-caption\">SHARM EL SHEIKH, EGYPT &#8211; FEBRUARY 24: King Salman bin Abdulaziz Al Saud of Saudi Arabia during talks with UK Prime Minister Theresa May while they attend the first Arab-European Summit on February 24, 2019 in Sharm El Sheikh, Egypt. Leaders from European and Arab nations are meeting for the two-day summit to discuss topics including security, trade and migration. (Photo by Dan Kitwood\/Getty Images)<\/figcaption><\/figure>\n\n\n\n<p>Estamos agradecidos por nuestra asociaci\u00f3n estrat\u00e9gica y nuestra profunda amistad con el Estado de Kuwait. Estados Unidos espera profundizar nuestra cooperaci\u00f3n bajo el liderazgo del nuevo Emir.<\/p>\n\n\n\n<p>Una y otra vez, Estados Unidos ha estado hombro con hombro con Kuwait. Esperamos incrementar los v\u00ednculos interpersonales, de seguridad, comerciales y de inversi\u00f3n con Kuwait en los pr\u00f3ximos a\u00f1os.<\/p>\n\n\n\n<p>U.S. Department of State<\/p>\n\n\n\n<p><a target=\"_blank\" href=\"mailto:usstatebpa@public.govdelivery.com\" rel=\"noreferrer noopener\">usstatebpa@public.govdelivery.com<\/a><\/p>\n\n\n\n<p>25\/02\/2024 12:02 a. m. EST<\/p>\n","protected":false},"excerpt":{"rendered":"<p>Antony J. Blinken, Secretario de Estado Extiendo mis felicitaciones a Su Alteza el Jeque Mishal Al-Ahmad Al-Jaber Al-Sabah y al pueblo kuwait\u00ed por el 25 de febrero, D\u00eda Nacional y el 26 de febrero, D\u00eda de la Liberaci\u00f3n de Kuwait. Estamos agradecidos por nuestra asociaci\u00f3n estrat\u00e9gica y nuestra profunda amistad con el Estado de Kuwait. [&hellip;]<\/p>\n","protected":false},"author":28,"featured_media":402898,"comment_status":"closed","ping_status":"","sticky":true,"template":"","format":"standard","meta":{"footnotes":""},"categories":[26,23,24],"tags":[],"class_list":["post-510752","post","type-post","status-publish","format-standard","has-post-thumbnail","hentry","category-efemerides","category-internacional","category-justicia-y-derecho"],"_links":{"self":[{"href":"https:\/\/diariodominicano.com\/index.php?rest_route=\/wp\/v2\/posts\/510752","targetHints":{"allow":["GET"]}}],"collection":[{"href":"https:\/\/diariodominicano.com\/index.php?rest_route=\/wp\/v2\/posts"}],"about":[{"href":"https:\/\/diariodominicano.com\/index.php?rest_route=\/wp\/v2\/types\/post"}],"author":[{"embeddable":true,"href":"https:\/\/diariodominicano.com\/index.php?rest_route=\/wp\/v2\/users\/28"}],"replies":[{"embeddable":true,"href":"https:\/\/diariodominicano.com\/index.php?rest_route=%2Fwp%2Fv2%2Fcomments&post=510752"}],"version-history":[{"count":3,"href":"https:\/\/diariodominicano.com\/index.php?rest_route=\/wp\/v2\/posts\/510752\/revisions"}],"predecessor-version":[{"id":510755,"href":"https:\/\/diariodominicano.com\/index.php?rest_route=\/wp\/v2\/posts\/510752\/revisions\/510755"}],"wp:featuredmedia":[{"embeddable":true,"href":"https:\/\/diariodominicano.com\/index.php?rest_route=\/wp\/v2\/media\/402898"}],"wp:attachment":[{"href":"https:\/\/diariodominicano.com\/index.php?rest_route=%2Fwp%2Fv2%2Fmedia&parent=510752"}],"wp:term":[{"taxonomy":"category","embeddable":true,"href":"https:\/\/diariodominicano.com\/index.php?rest_route=%2Fwp%2Fv2%2Fcategories&post=510752"},{"taxonomy":"post_tag","embeddable":true,"href":"https:\/\/diariodominicano.com\/index.php?rest_route=%2Fwp%2Fv2%2Ftags&post=510752"}],"curies":[{"name":"wp","href":"https:\/\/api.w.org\/{rel}","templated":true}]}}