{"id":510746,"date":"2024-02-25T21:11:11","date_gmt":"2024-02-26T01:11:11","guid":{"rendered":"https:\/\/diariodominicano.com\/?p=510746"},"modified":"2024-02-25T21:12:11","modified_gmt":"2024-02-26T01:12:11","slug":"dia-nacional-de-estonia","status":"publish","type":"post","link":"https:\/\/diariodominicano.com\/?p=510746","title":{"rendered":"D\u00eda Nacional de Estonia"},"content":{"rendered":"\n<p>Archivo: Antony J. Blinken, Secretario de Estado<\/p>\n\n\n\n<p>En nombre de los Estados Unidos, extiendo mis m\u00e1s c\u00e1lidas felicitaciones al pueblo de Estonia en su celebraci\u00f3n de su D\u00eda Nacional.<\/p>\n\n\n\n<p><\/p>\n\n\n\n<p>El compromiso inquebrantable de Estonia con la democracia, los derechos humanos y el Estado de derecho sigue inspir\u00e1ndonos a todos. Al conmemorar esta importante ocasi\u00f3n, elogiamos a Estonia por su liderazgo en el fomento de la innovaci\u00f3n, la prosperidad econ\u00f3mica y la seguridad en el escenario regional y global. La amistad duradera entre Estados Unidos y Estonia tiene sus ra\u00edces en valores compartidos y un compromiso con la libertad y la democracia. Estados Unidos se enorgullece de trabajar mano a mano con Estonia para fortalecer el flanco oriental de la OTAN, contrarrestar la agresi\u00f3n de Rusia y apoyar firmemente a Ucrania.<\/p>\n\n\n\n<p>En este d\u00eda especial, celebramos la rica historia, la vibrante cultura y la resiliencia de su gente de Estonia. Espero muchas d\u00e9cadas de asociaci\u00f3n y amistad continuas como Aliados que beneficiar\u00e1n a nuestros ciudadanos y profundizar\u00e1n nuestra relaci\u00f3n bilateral. Que los pr\u00f3ximos a\u00f1os traigan prosperidad, paz y \u00e9xito continuos para Estonia y sus ciudadanos.<\/p>\n\n\n\n<p>Felicitaciones por esta feliz ocasi\u00f3n.<\/p>\n\n\n\n<p>U.S. Department of State<\/p>\n\n\n\n<p><a target=\"_blank\" href=\"mailto:usstatebpa@public.govdelivery.com\" rel=\"noreferrer noopener\">usstatebpa@public.govdelivery.<\/a><\/p>\n\n\n\n<p>24\/02\/2024 12:01 a. m. EST<\/p>\n","protected":false},"excerpt":{"rendered":"<p>Archivo: Antony J. Blinken, Secretario de Estado En nombre de los Estados Unidos, extiendo mis m\u00e1s c\u00e1lidas felicitaciones al pueblo de Estonia en su celebraci\u00f3n de su D\u00eda Nacional. El compromiso inquebrantable de Estonia con la democracia, los derechos humanos y el Estado de derecho sigue inspir\u00e1ndonos a todos. Al conmemorar esta importante ocasi\u00f3n, elogiamos [&hellip;]<\/p>\n","protected":false},"author":28,"featured_media":509274,"comment_status":"closed","ping_status":"","sticky":true,"template":"","format":"standard","meta":{"footnotes":""},"categories":[26,23,19,27],"tags":[],"class_list":["post-510746","post","type-post","status-publish","format-standard","has-post-thumbnail","hentry","category-efemerides","category-internacional","category-mi-voz","category-portada"],"_links":{"self":[{"href":"https:\/\/diariodominicano.com\/index.php?rest_route=\/wp\/v2\/posts\/510746","targetHints":{"allow":["GET"]}}],"collection":[{"href":"https:\/\/diariodominicano.com\/index.php?rest_route=\/wp\/v2\/posts"}],"about":[{"href":"https:\/\/diariodominicano.com\/index.php?rest_route=\/wp\/v2\/types\/post"}],"author":[{"embeddable":true,"href":"https:\/\/diariodominicano.com\/index.php?rest_route=\/wp\/v2\/users\/28"}],"replies":[{"embeddable":true,"href":"https:\/\/diariodominicano.com\/index.php?rest_route=%2Fwp%2Fv2%2Fcomments&post=510746"}],"version-history":[{"count":2,"href":"https:\/\/diariodominicano.com\/index.php?rest_route=\/wp\/v2\/posts\/510746\/revisions"}],"predecessor-version":[{"id":510748,"href":"https:\/\/diariodominicano.com\/index.php?rest_route=\/wp\/v2\/posts\/510746\/revisions\/510748"}],"wp:featuredmedia":[{"embeddable":true,"href":"https:\/\/diariodominicano.com\/index.php?rest_route=\/wp\/v2\/media\/509274"}],"wp:attachment":[{"href":"https:\/\/diariodominicano.com\/index.php?rest_route=%2Fwp%2Fv2%2Fmedia&parent=510746"}],"wp:term":[{"taxonomy":"category","embeddable":true,"href":"https:\/\/diariodominicano.com\/index.php?rest_route=%2Fwp%2Fv2%2Fcategories&post=510746"},{"taxonomy":"post_tag","embeddable":true,"href":"https:\/\/diariodominicano.com\/index.php?rest_route=%2Fwp%2Fv2%2Ftags&post=510746"}],"curies":[{"name":"wp","href":"https:\/\/api.w.org\/{rel}","templated":true}]}}