{"id":51073,"date":"2020-08-02T00:59:59","date_gmt":"2020-08-02T00:59:59","guid":{"rendered":"http:\/\/diariodominicano.ddns.net\/?p=51073"},"modified":"2020-08-02T00:59:59","modified_gmt":"2020-08-02T00:59:59","slug":"muere-jose-ramon-lopez-2","status":"publish","type":"post","link":"https:\/\/diariodominicano.com\/?p=51073","title":{"rendered":"Muere Jos\u00e9 Ram\u00f3n L\u00f3pez"},"content":{"rendered":"<p><body><\/p>\n<p><strong>Diariodominicano.com<\/strong><\/p>\n<p><strong>Muere Jos\u00e9 Ram\u00f3n L\u00f3pez<\/strong><\/p>\n<p> Se educ\u00f3 en Puerto Plata y a temprana edad se dedic\u00f3 al periodismo. A los 18 a\u00f1os fue perseguido pol\u00edtico por el contenido de sus art\u00edculos en El Regenerador\u00bb. En el a\u00f1o 1886, escap\u00f3 de la c\u00e1rcel y sali\u00f3 del pa\u00eds.<\/p>\n<p><strong>Por HTN<\/strong><\/p>\n<p><strong>Diariodominicano.com<\/strong><\/p>\n<p><strong>SANTO DOMINGO, el  2 de agosto de 1922,<\/strong> muri\u00f3 el intelectual  Jos\u00e9 Ram\u00f3n L\u00f3pez, quien se distingui\u00f3 como un estudioso de la sociedad dominicana. Hab\u00eda nacido  en Montecristi, el 3 de febrero de 1866, hijo  de Jos\u00e9 Mar\u00eda L\u00f3pez Escarfulleri y Juana de Lora.<\/p>\n<\/p>\n<p>    Se educ\u00f3 en Puerto Plata y a temprana edad se dedic\u00f3 al periodismo. A los 18 a\u00f1os fue perseguido pol\u00edtico por el contenido de sus art\u00edculos en El Regenerador\u00bb. En el a\u00f1o 1886, escap\u00f3 de la c\u00e1rcel y sali\u00f3 del pa\u00eds.<\/p>\n<\/p>\n<p>    Trabaj\u00f3 en peri\u00f3dicos de Puerto Rico y Venezuela.  Al regresar al pa\u00eds en el a\u00f1o 1897, Jos\u00e9 Ram\u00f3n L\u00f3pez  fue colaborador de List\u00edn Diario.<\/p>\n<\/p>\n<p>   Asimismo, figura entre los principales cuentistas y ensayistas  de Rep\u00fablica Dominicana.<\/p>\n<\/p>\n<p>   Entre sus obras figura el ensayo \u00abLa Alimentaci\u00f3n y las Razas\u00bb, en el que trata la pobre alimentaci\u00f3n que se dan los dominicanos.<\/p>\n<\/p>\n<p>    En opini\u00f3n de Jos\u00e9 Ram\u00f3n L\u00f3pez \u00abdesde que un pueblo comienza a contar entre sus virtudes la facultad de prescindir a menudo del alimento necesario, puede asegurarse que ha entrado en la decadencia\u00bb.<\/p>\n<\/p>\n<p>    Fue un cr\u00edtico de los pol\u00edticos e intelectuales de su \u00e9poca que planteaban ideas para solucionar males nacionales sin ir  fondo los problemas.<\/p>\n<\/p>\n<p>     As\u00ed censur\u00f3 a los que denomin\u00f3 como \u00abLos predicadores de la paz\u00bb , al sostener \u00abEs una \u00f1o\u00f1er\u00eda infantil entonar la cantinela de la paz a quien est\u00e1 abajo sufriendo el l\u00e1tigo de los de arriba mientras la organizaci\u00f3n social, inspirada en el feudalismo que trajeron el  tu\u00e9tano los Conquistadores, le mantiene aherrojado o impotente contra el adversario triunfador, a quien no animan otros sentimientos que los que hicieron exclamar a Breno en el terrible momento de la victoria: \u00abhay de los vencidos\u00bb.<\/p>\n<\/p>\n<p>    Para Jos\u00e9 Ram\u00f3n L\u00f3pez fue de inquietud la extrema pobreza. As\u00ed advert\u00eda:<\/p>\n<\/p>\n<p>    \u00abAqu\u00ed predominan las largu\u00edsimas familias cuyos troncos son la Miseria, la Ignorancia y la Soberbia. Esos tres elementos llenan y rebosan  el ambiente del pa\u00eds\u00bb.<\/p>\n<\/p>\n<p>Jos\u00e9 Ram\u00f3n L\u00f3pez,  sosten\u00eda el criterio de que el nivel moral e intelectual de la poblaci\u00f3n nacional debe ser elevado por el conjunto de esfuerzos de los factores econ\u00f3micos; pol\u00edticos y educacionales.<\/p>\n<\/p>\n<h6> 2020-08-02 00:59:59 <\/h6>\n<p><!--\n<link rel=\"stylesheet\" href=\"css\/bootstrap.min.css\">\n\n\n<ul class=\"pagination\">\n\t    \n\t\n\n<li >\n\t<a href='?page_no=354'>Previous<\/a>\n\t<\/li>\n\n\n       \n    \n\n<li><a href='?page_no=1'>1<\/a><\/li>\n\n\n\n<li><a href='?page_no=2'>2<\/a><\/li>\n\n\n\n<li><a>...<\/a><\/li>\n\n\n\n<li><a href='?page_no=353'>353<\/a><\/li>\n\n\n\n<li><a href='?page_no=354'>354<\/a><\/li>\n\n\n\n<li class='active'><a>355<\/a><\/li>\n\n\n\n<li><a href='?page_no=356'>356<\/a><\/li>\n\n\n\n<li><a href='?page_no=357'>357<\/a><\/li>\n\n\n\n<li><a>...<\/a><\/li>\n\n\n\n<li><a href='?page_no=22911'>22911<\/a><\/li>\n\n\n\n<li><a href='?page_no=22912'>22912<\/a><\/li>\n\n    \n\t\n\n<li >\n\t<a href='?page_no=356'>Next<\/a>\n\t<\/li>\n\n\n    \n\n<li><a href='?page_no=22912'>Last &rsaquo;&rsaquo;<\/a><\/li>\n\n<\/ul>\n\n\n--><br \/>\n<\/body><\/p>\n","protected":false},"excerpt":{"rendered":"<p>Diariodominicano.com Muere Jos\u00e9 Ram\u00f3n L\u00f3pez Se educ\u00f3 en Puerto Plata y a temprana edad se dedic\u00f3 al periodismo. A los 18 a\u00f1os fue perseguido pol\u00edtico por el contenido de sus art\u00edculos en El Regenerador\u00bb. En el a\u00f1o 1886, escap\u00f3 de la c\u00e1rcel y sali\u00f3 del pa\u00eds. Por HTN Diariodominicano.com SANTO DOMINGO, el 2 de agosto [&hellip;]<\/p>\n","protected":false},"author":3,"featured_media":0,"comment_status":"open","ping_status":"open","sticky":false,"template":"","format":"standard","meta":{"footnotes":""},"categories":[21],"tags":[],"class_list":["post-51073","post","type-post","status-publish","format-standard","hentry","category-cultura"],"_links":{"self":[{"href":"https:\/\/diariodominicano.com\/index.php?rest_route=\/wp\/v2\/posts\/51073","targetHints":{"allow":["GET"]}}],"collection":[{"href":"https:\/\/diariodominicano.com\/index.php?rest_route=\/wp\/v2\/posts"}],"about":[{"href":"https:\/\/diariodominicano.com\/index.php?rest_route=\/wp\/v2\/types\/post"}],"author":[{"embeddable":true,"href":"https:\/\/diariodominicano.com\/index.php?rest_route=\/wp\/v2\/users\/3"}],"replies":[{"embeddable":true,"href":"https:\/\/diariodominicano.com\/index.php?rest_route=%2Fwp%2Fv2%2Fcomments&post=51073"}],"version-history":[{"count":0,"href":"https:\/\/diariodominicano.com\/index.php?rest_route=\/wp\/v2\/posts\/51073\/revisions"}],"wp:attachment":[{"href":"https:\/\/diariodominicano.com\/index.php?rest_route=%2Fwp%2Fv2%2Fmedia&parent=51073"}],"wp:term":[{"taxonomy":"category","embeddable":true,"href":"https:\/\/diariodominicano.com\/index.php?rest_route=%2Fwp%2Fv2%2Fcategories&post=51073"},{"taxonomy":"post_tag","embeddable":true,"href":"https:\/\/diariodominicano.com\/index.php?rest_route=%2Fwp%2Fv2%2Ftags&post=51073"}],"curies":[{"name":"wp","href":"https:\/\/api.w.org\/{rel}","templated":true}]}}