{"id":510729,"date":"2024-02-25T20:32:07","date_gmt":"2024-02-26T00:32:07","guid":{"rendered":"https:\/\/diariodominicano.com\/?p=510729"},"modified":"2024-02-28T09:34:07","modified_gmt":"2024-02-28T13:34:07","slug":"marcha-tranquilo-maestro","status":"publish","type":"post","link":"https:\/\/diariodominicano.com\/?p=510729","title":{"rendered":"\u00a1MARCHA TRANQUILO, MAESTRO!"},"content":{"rendered":"\n<p>Paneg\u00edrico en exequias a Adriano de la Cruz<\/p>\n\n\n\n<p>Oscar L\u00f3pez Reyes<\/p>\n\n\n\n<p>La tiza, erguida, se entroniza en el catafalco, para seguir acomodada en las alas del maestro, como su compa\u00f1era eterna, en la planicie m\u00e1s reservada y en el reposo de la mudez.<\/p>\n\n\n\n<figure class=\"wp-block-image size-full\"><img loading=\"lazy\" decoding=\"async\" width=\"776\" height=\"1007\" src=\"https:\/\/diariodominicano.com\/wp-content\/uploads\/2023\/07\/AdrianodelaCruz-11-7-23.jpg\" alt=\"\" class=\"wp-image-454026\" srcset=\"https:\/\/diariodominicano.com\/wp-content\/uploads\/2023\/07\/AdrianodelaCruz-11-7-23.jpg 776w, https:\/\/diariodominicano.com\/wp-content\/uploads\/2023\/07\/AdrianodelaCruz-11-7-23-231x300.jpg 231w, https:\/\/diariodominicano.com\/wp-content\/uploads\/2023\/07\/AdrianodelaCruz-11-7-23-768x997.jpg 768w\" sizes=\"auto, (max-width: 776px) 100vw, 776px\" \/><\/figure>\n\n\n\n<p><strong>Profesor Adriano de La Cruz.<\/strong><\/p>\n\n\n\n<p>El borrador se acuesta, vislumbrando aquellos espectaculares episodios instructivos en las aulas, para redimir desde la tumba su brillante desempe\u00f1o de eliminar ignorancias en los viejos pizarrones.<\/p>\n\n\n\n<p>En estas exequias, el libro abre sus p\u00e1ginas para rememorar las veces que el maestro lo tuvo en sus manos como recurso formativo, para motivar la imaginaci\u00f3n, la reflexi\u00f3n, la interpretaci\u00f3n y el esparcimiento de conocimientos, como una ofrenda perenne a sus cong\u00e9neres.<\/p>\n\n\n\n<p>Y el lapicero deletrea, como honras f\u00fanebres, el r\u00f3tulo que dejar\u00e1 constancia de que en la b\u00f3veda del cementerio de la avenida M\u00e1ximo G\u00f3mez yace el cuerpo inerte de un profesor del periodismo de m\u00e1s de 50 a\u00f1os ininterrumpidos: Adriano de la Cruz Rodr\u00edguez.<\/p>\n\n\n\n<p><\/p>\n\n\n\n<p>Nacido el 17 de julio de 1945 y fallecido el 20 de febrero del 2024, procre\u00f3 ocho hijos: Ra\u00fal Alejandro, Alejandro Alberto, Le\u00f3n Ignacio, Alexis, Adriano, Adriano Juan, Ingrid y Celia Estefan\u00eda. A su lado se han mantenido, hasta sus d\u00edas postreros, su esposa B\u00e9lgica M\u00e9ndez De de la Cruz y su nuera, la periodista Yinet Mena.<\/p>\n\n\n\n<p>1.-&nbsp;<strong>Formaci\u00f3n<\/strong>: Desde peque\u00f1o se consagr\u00f3 a los estudios, primero en Artes Gr\u00e1ficas en el Instituto T\u00e9cnico Salesiano (ITESA); luego de Filosof\u00eda, menci\u00f3n Historia, en la Universidad Aut\u00f3noma de Santo Domingo (UASD); Educaci\u00f3n en la Universidad Nacional Pedro Henr\u00edquez Ure\u00f1a (UNPHU), Periodismo y Comunicaci\u00f3n Social en la Universidad Sim\u00f3n Bol\u00edvar, y posteriormente maestr\u00eda en administraci\u00f3n de empresas en la Universidad Complutense de Madrid, Espa\u00f1a.<\/p>\n\n\n\n<p>2.-<strong>&nbsp;Pol\u00edtica<\/strong>: Miembro de la Confederaci\u00f3n Aut\u00f3noma de Sindicatos Cristianos (CASC), del Partido Revolucionario Social Cristiano (PRSC) en la d\u00e9cada de 1960, del Partido de la Liberaci\u00f3n Dominicana (PLD) y la Fuerza del Pueblo. Sent\u00eda orgullo de ser amigo de infancia de Leo Corpor\u00e1n y del expresidente Leonel Fern\u00e1ndez, quienes est\u00e1n aqu\u00ed con nosotros en este ceremonial en este Club Mauricio B\u00e1ez, donde sentimos la presencia divina de otros de sus fundadores, Jimmy Sierra y Nelly Manuel Do\u00f1\u00e9.<\/p>\n\n\n\n<p>3.-&nbsp;<strong>Periodista<\/strong>: Reportero, corrector de estilo, subdirector y director de diversos medios escritos y radiotelevisivos, desde principios de la d\u00e9cada de 1960.<\/p>\n\n\n\n<p>4.-&nbsp;<strong>Empleado p\u00fablico<\/strong>: Facilitador, por m\u00e1s de 20 a\u00f1os, de la Corporaci\u00f3n Dominicana de Electricidad (CDE) y Embajador Adscrito de la Secretar\u00eda de Relaciones Exteriores.<\/p>\n\n\n\n<p>5.-<strong>&nbsp;Acad\u00e9mico<\/strong>: Profesor de la Escuela de Periodismo de la Universidad Central del Este (UCE), director de la Escuela de Comunicaci\u00f3n Social de la Universidad Interamericana (UNICA), director del Instituto Dominicano de Periodismo (IDP), instructor de oratoria y Relaciones P\u00fablicas en la Escuela Nacional de Locuci\u00f3n Profesor Otto Rivera y director de la Escuela de Periodismo Profesor Adriano de la Cruz (EPPAC).<\/p>\n\n\n\n<p>6.-<strong>&nbsp;El gremialista<\/strong>: Presidente del Colegio Dominicano de Periodistas (CDP), dos veces presidente de su Tribunal Disciplinario y vicepresidente del Instituto de Previsi\u00f3n y Protecci\u00f3n del Periodista (IPPP); miembro fundador del movimiento period\u00edstico Convergencia y presidente&nbsp;de la Asociaci\u00f3n de Escritores y Periodistas Dominicanos (ASEPED).<\/p>\n\n\n\n<p>En su residencia de la capital, en 1993 un grupo de periodistas constituimos el movimiento period\u00edstico Convergencia, y durante m\u00e1s de 10 a\u00f1os en su hogar nos reun\u00edamos, dos viernes en la noche de cada mes, hasta lograr que tanto quien os habla como Adriano alcanzaramos la presidencia del Colegio Dominicano de Periodistas (CDP).<\/p>\n\n\n\n<p>7.-&nbsp;<strong>Escritor<\/strong>: Public\u00f3 los libros Curso de oratoria, 14 Estaciones informales (poemas), Lecciones generales de periodismo, Reportaje: teor\u00eda y pr\u00e1ctica, y Ensayo did\u00e1ctico del reportaje.<\/p>\n\n\n\n<p>Hoy marcha hacia la patria celestial el orador motivante, el conferencista, el prologuista, el consejero por excelencia, el conciliador, el contertulio en las sonrisas m\u00e1s espl\u00e9ndidas y el tutor respetuoso, que recre\u00f3 su esp\u00edritu ayudando a ejercitar el cerebro de sus alumnos para su capacidad de comprensi\u00f3n, su creatividad y el desarrollo de su lenguaje period\u00edstico.<\/p>\n\n\n\n<p>Como hombre de ciencia contempor\u00e1nea, Adriano de La Cruz de Jes\u00fas Rodr\u00edguez se entreg\u00f3 a la ense\u00f1anza sin acumular riquezas, porque no anid\u00f3 la m\u00e1s m\u00ednima ambici\u00f3n monetaria. Su placer se circunscribi\u00f3 a matizar sobre la redacci\u00f3n y los g\u00e9neros period\u00edsticos, la sinonimia y la polisemia, la sem\u00e1ntica, la sintaxis, las herramientas conceptuales para el an\u00e1lisis tem\u00e1tico y otros t\u00f3picos ling\u00fc\u00edsticos, cualidades pedag\u00f3gicas que lo elevan a la categor\u00eda del Tesauro de la comunicaci\u00f3n de principio del siglo XXI.<\/p>\n\n\n\n<p>Hoy f\u00edsicamente se separa de nosotros, en el paraninfo del deber honrosamente cumplido, el preceptor, el acompa\u00f1ante en las contiendas gremiales m\u00e1s intrincadas y desafiantes, y el amigo solidario en la extensi\u00f3n del cari\u00f1o m\u00e1s sincero.<\/p>\n\n\n\n<p>Hacia el cielo santo, marcha tranquilo, en paz, maestro Adriano de la Cruz!.<br>\u2026\u2026\u2026\u2026\u2026\u2026\u2026\u2026\u2026\u2026\u2026\u2026\u2026..<\/p>\n\n\n\n<p><strong>El autor<\/strong>: Dos veces presidente y actual vicepresidente Asociaci\u00f3n Dominicana de Escuelas de Comunicaci\u00f3n Social (AdecomRD) y ex presidente Colegio Dominicano de Periodistas (CDP).<\/p>\n\n\n\n<p>25 de febrero de 2024.<\/p>\n\n\n\n<p>Cordialmente,<\/p>\n\n\n\n<p>Oscar L\u00f3pez Reyes<br>Periodista-mercad\u00f3logo, escritor y art\u00edculista de El Nacional,<br>Ex Presidente del Colegio Dominicano de Periodistas<br>Email:\u00a0<a href=\"mailto:oscarlr1952@gmai.com\" target=\"_blank\" rel=\"noreferrer noopener\">oscarlr1952@gmai.com<\/a><\/p>\n","protected":false},"excerpt":{"rendered":"<p>Paneg\u00edrico en exequias a Adriano de la Cruz Oscar L\u00f3pez Reyes La tiza, erguida, se entroniza en el catafalco, para seguir acomodada en las alas del maestro, como su compa\u00f1era eterna, en la planicie m\u00e1s reservada y en el reposo de la mudez. Profesor Adriano de La Cruz. El borrador se acuesta, vislumbrando aquellos espectaculares [&hellip;]<\/p>\n","protected":false},"author":28,"featured_media":0,"comment_status":"closed","ping_status":"","sticky":true,"template":"","format":"standard","meta":{"footnotes":""},"categories":[36,26,19,16,27],"tags":[],"class_list":["post-510729","post","type-post","status-publish","format-standard","hentry","category-hombresmujeresycosas","category-efemerides","category-mi-voz","category-opiniones","category-portada"],"_links":{"self":[{"href":"https:\/\/diariodominicano.com\/index.php?rest_route=\/wp\/v2\/posts\/510729","targetHints":{"allow":["GET"]}}],"collection":[{"href":"https:\/\/diariodominicano.com\/index.php?rest_route=\/wp\/v2\/posts"}],"about":[{"href":"https:\/\/diariodominicano.com\/index.php?rest_route=\/wp\/v2\/types\/post"}],"author":[{"embeddable":true,"href":"https:\/\/diariodominicano.com\/index.php?rest_route=\/wp\/v2\/users\/28"}],"replies":[{"embeddable":true,"href":"https:\/\/diariodominicano.com\/index.php?rest_route=%2Fwp%2Fv2%2Fcomments&post=510729"}],"version-history":[{"count":2,"href":"https:\/\/diariodominicano.com\/index.php?rest_route=\/wp\/v2\/posts\/510729\/revisions"}],"predecessor-version":[{"id":510732,"href":"https:\/\/diariodominicano.com\/index.php?rest_route=\/wp\/v2\/posts\/510729\/revisions\/510732"}],"wp:attachment":[{"href":"https:\/\/diariodominicano.com\/index.php?rest_route=%2Fwp%2Fv2%2Fmedia&parent=510729"}],"wp:term":[{"taxonomy":"category","embeddable":true,"href":"https:\/\/diariodominicano.com\/index.php?rest_route=%2Fwp%2Fv2%2Fcategories&post=510729"},{"taxonomy":"post_tag","embeddable":true,"href":"https:\/\/diariodominicano.com\/index.php?rest_route=%2Fwp%2Fv2%2Ftags&post=510729"}],"curies":[{"name":"wp","href":"https:\/\/api.w.org\/{rel}","templated":true}]}}