{"id":510676,"date":"2024-02-25T18:44:25","date_gmt":"2024-02-25T22:44:25","guid":{"rendered":"https:\/\/diariodominicano.com\/?p=510676"},"modified":"2024-02-25T18:45:34","modified_gmt":"2024-02-25T22:45:34","slug":"el-gobierno-de-pedro-santana-condeno-a-muerte-a-maria-trinidad-sanchez","status":"publish","type":"post","link":"https:\/\/diariodominicano.com\/?p=510676","title":{"rendered":"El Gobierno de Pedro Santana conden\u00f3 a muerte a Mar\u00eda Trinidad S\u00e1nchez"},"content":{"rendered":"\n<p><strong>Mar\u00eda Trinidad S\u00e1nchez<\/strong><\/p>\n\n\n\n<p>SANTO DOMINGO, DN, el 25 de febrero de 1845, una Comisi\u00f3n Militar nombrada por el Presidente Pedro Santana, conden\u00f3 a muerte a Mar\u00eda Trinidad S\u00e1nchez y a varios compa\u00f1eros.<\/p>\n\n\n\n<p>&nbsp;&nbsp;&nbsp; <strong>Mar\u00eda Trinidad S\u00e1nchez y el grupo fueron acusados de ser parte de un complot para cambiar el Gobierno del general Pedro Santana.<\/strong><\/p>\n\n\n\n<p>&nbsp;Con Mar\u00eda Trinidad S\u00e1nchez, de 25 a\u00f1os, fueron condenados a morir fusilados el ciudadano venezolano Jos\u00e9 del Carmen Figueroa, de 27 a\u00f1os, Andr\u00e9s S\u00e1nchez, de 29 a\u00f1os y Nicol\u00e1s de Barias, de 26 a\u00f1os.<\/p>\n\n\n\n<p>&nbsp;&nbsp;&nbsp; <strong>Una comisi\u00f3n encabezada por el coronel Juan Esteban Aybar, tambi\u00e9n conden\u00f3 al coronel Feliciano Mart\u00ednez, de 33 a\u00f1os a tres a\u00f1os de prisi\u00f3n y al sargento Blas Berroa, de 30 a\u00f1os, a cuatro a\u00f1os de reclusi\u00f3n.<\/strong><\/p>\n\n\n\n<p>&nbsp;&nbsp;&nbsp; La comisi\u00f3n tambi\u00e9n conden\u00f3 al destierro al ciudadano Eugenio Contreras.<\/p>\n\n\n\n<p>&nbsp;&nbsp;&nbsp; La decisi\u00f3n de la comisi\u00f3n militar fue aprobada el 25 de febrero de 1844. La integraron tambi\u00e9n el coronel Juan Esteban Aybar, Toribio Ma\u00f1\u00f3n, Marcos Rojas, Juan Salazar, F\u00e9lix Manchego, Juan Rodr\u00edguez, Prudencio Camell\u00f3n y Jos\u00e9 Mar\u00eda P\u00e9rez, que fungi\u00f3 de secretario.<\/p>\n","protected":false},"excerpt":{"rendered":"<p>Mar\u00eda Trinidad S\u00e1nchez SANTO DOMINGO, DN, el 25 de febrero de 1845, una Comisi\u00f3n Militar nombrada por el Presidente Pedro Santana, conden\u00f3 a muerte a Mar\u00eda Trinidad S\u00e1nchez y a varios compa\u00f1eros. &nbsp;&nbsp;&nbsp; Mar\u00eda Trinidad S\u00e1nchez y el grupo fueron acusados de ser parte de un complot para cambiar el Gobierno del general Pedro Santana. [&hellip;]<\/p>\n","protected":false},"author":28,"featured_media":419333,"comment_status":"closed","ping_status":"","sticky":true,"template":"","format":"standard","meta":{"footnotes":""},"categories":[21,36,26,27],"tags":[],"class_list":["post-510676","post","type-post","status-publish","format-standard","has-post-thumbnail","hentry","category-cultura","category-hombresmujeresycosas","category-efemerides","category-portada"],"_links":{"self":[{"href":"https:\/\/diariodominicano.com\/index.php?rest_route=\/wp\/v2\/posts\/510676","targetHints":{"allow":["GET"]}}],"collection":[{"href":"https:\/\/diariodominicano.com\/index.php?rest_route=\/wp\/v2\/posts"}],"about":[{"href":"https:\/\/diariodominicano.com\/index.php?rest_route=\/wp\/v2\/types\/post"}],"author":[{"embeddable":true,"href":"https:\/\/diariodominicano.com\/index.php?rest_route=\/wp\/v2\/users\/28"}],"replies":[{"embeddable":true,"href":"https:\/\/diariodominicano.com\/index.php?rest_route=%2Fwp%2Fv2%2Fcomments&post=510676"}],"version-history":[{"count":3,"href":"https:\/\/diariodominicano.com\/index.php?rest_route=\/wp\/v2\/posts\/510676\/revisions"}],"predecessor-version":[{"id":510679,"href":"https:\/\/diariodominicano.com\/index.php?rest_route=\/wp\/v2\/posts\/510676\/revisions\/510679"}],"wp:featuredmedia":[{"embeddable":true,"href":"https:\/\/diariodominicano.com\/index.php?rest_route=\/wp\/v2\/media\/419333"}],"wp:attachment":[{"href":"https:\/\/diariodominicano.com\/index.php?rest_route=%2Fwp%2Fv2%2Fmedia&parent=510676"}],"wp:term":[{"taxonomy":"category","embeddable":true,"href":"https:\/\/diariodominicano.com\/index.php?rest_route=%2Fwp%2Fv2%2Fcategories&post=510676"},{"taxonomy":"post_tag","embeddable":true,"href":"https:\/\/diariodominicano.com\/index.php?rest_route=%2Fwp%2Fv2%2Ftags&post=510676"}],"curies":[{"name":"wp","href":"https:\/\/api.w.org\/{rel}","templated":true}]}}