{"id":51062,"date":"2020-08-03T00:57:30","date_gmt":"2020-08-03T00:57:30","guid":{"rendered":"http:\/\/diariodominicano.ddns.net\/?p=51062"},"modified":"2020-08-03T00:57:30","modified_gmt":"2020-08-03T00:57:30","slug":"notables-de-la-capital-demandan-sanciones-contra-juan-pablo-duarte","status":"publish","type":"post","link":"https:\/\/diariodominicano.com\/?p=51062","title":{"rendered":"\u00abNotables\u00bb de la Capital  demandan  sanciones contra Juan Pablo Duarte"},"content":{"rendered":"<p><body><\/p>\n<p><img decoding=\"async\" src=\"img3\/bobadilla000.jpg\" \/><br \/><img decoding=\"async\" src=\"img3\/duarte4.jpg\" \/>  <\/p>\n<p><strong>Diariodominicano.com<\/strong><\/p>\n<p><strong>Ponen a circular manifiesto <\/strong><\/p>\n<p><strong> <\/strong>\u00abNotables\u00bb piden sanciones contra Juan Pablo Duarte <\/p>\n<p><strong>\u00abNotables\u00bb de la Capital  piden sanciones contra Juan Pablo Duarte <\/strong><\/p>\n<p><strong> <\/strong>  <\/p>\n<p><strong>El manifiesto puesto a circular el d\u00eda 3 de agosto de 1844, se sum\u00f3 a otro que hab\u00edan dado  a conocer el d\u00eda 1  de ese mes,  628 oficiales y soldados del Ej\u00e9rcito del Sur, bautizado a partir de esa fecha como  \u00abEj\u00e9rcito Libertador\u00bb, en el cual acusaron a los trinitarios de ser traidores a la patria.<\/strong><\/p>\n<p><strong>Por H\u00e9ctor Tineo Nolasco<\/strong><\/p>\n<p><strong>Diariodominicano.com<\/strong><\/p>\n<p><strong> <\/strong><\/p>\n<p><strong>    SANTO DOMINGO,  el  3 de agosto de 1844 <\/strong>circul\u00f3 en la ciudad de Santo Domingo, un manifiesto en el que 68 padres de familia, calificados de ciudadanos notables, solicitaron a la Junta  Central Gubernativa, controlada por el General Pedro Santana, que los trinitarios encabezados por Juan Pablo Duarte, fuesen declarados traidores  a la patria.<\/p>\n<\/p>\n<p>    Asimismo, demandan que Juan Pablo Duarte y dem\u00e1s trinitarios fueran expulsados del territorio nacional.<\/p>\n<\/p>\n<p>    El manifiesto puesto a circular el d\u00eda 3 de agosto de 1844, se sum\u00f3 a otro que hab\u00edan dado  a conocer el d\u00eda 1  de ese mes,  628 oficiales y soldados del Ej\u00e9rcito del Sur, bautizado a partir de esa fecha como  \u00abEj\u00e9rcito Libertador\u00bb, en el cual acusaron a los trinitarios de ser traidores a la patria.<\/p>\n<\/p>\n<p>   Cuando se enter\u00f3 del contenido de los manifiestos, Juan Pablo Duarte se escondi\u00f3 en Puerto Plata, en una residencia que le buscaron  amigos  en las faldas de la Loma Isabel de  Torres, pero fue detenido el d\u00eda 27 de agosto de 1844.<\/p>\n<\/p>\n<p>    El historiador Jos\u00e9 Gabriel Garc\u00eda  anota en su obra  \u00abHistoria de Santo Domingo\u00bb, que el pr\u00f3cer Mat\u00edas Ram\u00f3n Mella, quien promov\u00eda la proclamaci\u00f3n presidencial de Juan Pablo Duarte en el Cibao, al llegar a la ciudad de Santo Domingo fue detenido en la \u00abpuerta del Conde, cuna de su primera gloria\u00bb.<\/p>\n<\/p>\n<p>    Destaca que Mella sufri\u00f3 \u00abserios ultrajes inferidos por el general Pedro Familias  en los bajos del palacio en que celebraba la Junta sus sesiones\u00bb. (sic)<\/p>\n<\/p>\n<p>     Agrega que no tard\u00f3 mucho tiempo en llegar a Puerto Plata, la goleta de guerra \u00abSeparaci\u00f3n  Dominicana\u00bb, con la orden  terminante de la nueva Junta para que se redujera a prisi\u00f3n al general Duarte, junto con los oficiales de su Estado Mayor, \u00aborden que fu\u00e9 cumplida al pi\u00e9  de la letra por el  general Pedro de Mena\u00bb.<\/p>\n<\/p>\n<p>     Del contenido de los dos manifiestos puestos a circular contra los trinitarios al declararlos traidores a la patria, el historiador Jos\u00e9 Gabriel Garc\u00eda  destaca que sus promotores expon\u00edan que \u00abera de absoluta necesidad que para la seguridad  y tranquilidad del pa\u00eds, se castigara \u00e1  todos los autores  y c\u00f3mplices de la sedici\u00f3n, \u00e1 cuya cabeza hab\u00eda figurado el general Juan Pablo Duarte; y cuyo objeto fu\u00e9 trastornar  y derrocar el Gobierno Supremo establecido en virtud del manifiesto del 16 de enero, que form\u00f3 las bases de la revoluci\u00f3n\u00bb.<\/p>\n<\/p>\n<p>   Consideraban que en iguales circunstancias era necesario, \u00abobrar \u00e1 verdad sabida, buena f\u00e9 guardada, y con la primera mira de salvar la salud p\u00fablica, que era la suprema ley, y sin embargo de que las leyes en vigor y las de todas las naciones, hab\u00edan previsto la pena de muerte en iguales casos, usando de la facultad  paternal que la caracterizaba  y por otros motivos de equidad y consideraci\u00f3n, declaraba  que los generales de brigada Juan Pablo Duarte, Ram\u00f3n Mella  y Francisco S\u00e1nchez, los comandantes Pedro Alejandrino Pina, Gregorio del Valle,  y Juan Evangelista Jim\u00e9nez; el capit\u00e1n  Juan Jos\u00e9  Iiias y el ciudadano Juan Isidro P\u00e9rez, hab\u00edan sido traidores  \u00e9 infieles \u00e1 su patria, y como tales eran indignos  de los empleos  y cargos que ejerc\u00edan, de los que quedaban depuestos y destituidos, ordenando que todos ellos  fueran inmediatamente desterrados y extra\u00f1ados \u00e1 perpetuidad del pa\u00eds, sin que pudieran volver \u00e1 poner el pi\u00e9 en \u00e9l, bajo la pena de muerte, que ser\u00eda ejecutada en la persona del que lo hiciera, despu\u00e9s que fuera aprehendido  y se justificara la identidad de su persona, \u00e1 cuyo efecto se le daba poder y facultad \u00e1 cualquiera autoridad civil y militar que verificara la captura, todo ello sin perjuicio  de las indemnizaciones  civiles que debieran al erario p\u00fablico \u00f3 \u00e1 algunos ciudadanos particulares, por la mala inversi\u00f3n que hubieran tenido en sus empleos, por el abuso de poder que hubieran hecho, \u00f3 por los da\u00f1os y perjuicios  que hubieran causado\u00bb.<\/p>\n<\/p>\n<p>   El  1 de agosto de 1844, 628 oficiales del \u00abEj\u00e9rcito Libertador\u00bb, que comandaba el General Pedro Santana pidieron en un manifiesto  que se actuara contra los trinitarios, que lideraba el general Juan Pablo Duarte.<\/p>\n<\/p>\n<p>     <strong>En el documento exig\u00edan  \u00abjusticia contra los asesinos de la patria\u00bb, por lo que ped\u00edan las mayores penas contra los acusados.<\/strong><\/p>\n<\/p>\n<p>     El Manifiesto fue otro hecho que se sum\u00f3 a las acciones que ejecutaba el general Pedro Santana contra los trinitarios.<\/p>\n<\/p>\n<p>    El  28 de julio de 1844, el general Mat\u00edas Ram\u00f3n Mella, recibi\u00f3 en Santiago el manifiesto que hab\u00eda emitido la Junta Central Gubernativa, en el cual declar\u00f3 a Juan Pablo Duarte y a Mella, traidores a la patria.<\/p>\n<\/p>\n<p>    Al conocer la medida, el General Mat\u00edas Ram\u00f3n Mella se traslad\u00f3 a la ciudad de Santo Domingo, para aclarar la situaci\u00f3n, pero al llegar fue detenido y encerrado junto a otros trinitarios que estaban presos.<\/p>\n<\/p>\n<p>    El d\u00eda 28 de febrero de 1844, el Presidente Pedro Santana emiti\u00f3 una proclama en la que acus\u00f3 a  Duarte de ser un anarquista.<\/p>\n<\/p>\n<p>      El  d\u00eda  24 de julio de 1844, la Junta Central Gubernativa, presidida por el general Pedro Santana, hab\u00eda rechazado  la decisi\u00f3n de los pueblos del Cibao de proclamar a  Duarte, Presidente de la Rep\u00fablica.<\/p>\n<\/p>\n<p>    La reacci\u00f3n de la Junta controlada por Pedro Santana,  se produjo cuando una comisi\u00f3n encabezada por el coronel Domingo Mallol y Juan Luis Franco Bid\u00f3, le entreg\u00f3 el 24 de julio, la proclama aprobada en Santiago de los Caballeros, por los  pueblos del Cibao,  el d\u00eda 19 de julio de 1844.<\/p>\n<\/p>\n<p>     En la ocasi\u00f3n el pr\u00f3cer Mella, Jefe del Departamento de Santiago y frontera del Noroeste,   envi\u00f3 el  informe a la Junta Central Gubernativa, en el  que le comunicaba de manera oficial que  Duarte, hab\u00eda sido proclamado Presidente de la Rep\u00fablica por los pueblos del Cibao.<\/p>\n<\/p>\n<p>    En el  momento que dirigi\u00f3 el documento  a la Junta Central Gubernativa,  Mella, el pr\u00f3cer del trabucazo del d\u00eda 27 de febrero de 1844, ignoraba que en la Capital el general Pedro Santana hab\u00eda dado un golpe el d\u00eda 16 de julio que desaloj\u00f3 del primer organismo de Gobierno dominicano a los trinitarios que encabezaba Francisco del Rosario S\u00e1nchez.<\/p>\n<\/p>\n<p>    De esa manera, los conservadores que presid\u00eda Tom\u00e1s Bobadilla, retomaron el control de la Junta Central Gubernativa, que era dirigida por los trinitarios desde el d\u00eda 9 de junio de 1844.<\/p>\n<\/p>\n<p>    La nueva Junta  rechaz\u00f3 el documento de Mella,  y el d\u00eda 24 de julio de 1844, dio a conocer el   manifiesto  en el que advirti\u00f3  que \u00abno reconoce ni reconocer\u00e1 el nombramiento de Presidente en el General Duarte ni en ninguna otra  persona,  a menos que no sea hecho por el Congreso Constituyente\u00bb.<\/p>\n<\/p>\n<p>   Adem\u00e1s,  declar\u00f3  a Duarte y dem\u00e1s trinitarios, traidores a la patria.  De esa manera, fue traicionado el proyecto de los trinitarios liderados por Juan Pablo Duarte, de establecer en la Naci\u00f3n un r\u00e9gimen democr\u00e1tico basado en la justicia.<\/p>\n<\/p>\n<p>   Con el decurso de los d\u00edas los conservadores se  fortalecieron e impusieron la administraci\u00f3n del Gobierno autoritaria.<\/p>\n<\/p>\n<p>     Los hechos definitivos comenzaron el  d\u00eda  16 de julio de 1844, a las 3 de la tarde, cuando el general Pedro Santana, consum\u00f3 el golpe contra los miembros de la Junta Central Gubernativa, que presid\u00eda el pr\u00f3cer Francisco del Rosario S\u00e1nchez.<\/p>\n<\/p>\n<p>    Al tomar la decisi\u00f3n, asumi\u00f3 la Presidencia del organismo de Gobierno y reintegr\u00f3 a los miembros que desalojaron los trinitarios el d\u00eda 9 de junio de 1844, cuando dieron un golpe y nombraron Presidente a Francisco del Rosario S\u00e1nchez.<\/p>\n<\/p>\n<p>El  general Pedro Santana, jefe del Ej\u00e9rcito del Sur, entr\u00f3 con sus tropas a la ciudad de Santo Domingo, el 12 de julio de 1844. <\/p>\n<\/p>\n<p>  Con su llegada a la ciudad  inici\u00f3 un plan para derrocar a la Junta Central Gubernativa que presid\u00eda el pr\u00f3cer Francisco del Rosario S\u00e1nchez.<\/p>\n<\/p>\n<p>    Pedro Santana logr\u00f3 su objetivo con el apoyo del c\u00f3nsul de Francia, Saint Denys.<\/p>\n<\/p>\n<p>       Saint Denys,  calific\u00f3 de ilegales a los miembros de la Junta que fueron escogidos con  S\u00e1nchez.<\/p>\n<\/p>\n<p>     El golpe que llev\u00f3 a los trinitarios a controlar la Junta fue ejecutado el d\u00eda 9 de junio. Lo hicieron para sacar del organismo a los  conservadores que controlaban la Junta Central Gubernativa, presidida por Tom\u00e1s Bobadilla, quienes deseaban convertir la naciente Rep\u00fablica Dominicana en un protectorado de Francia.<\/p>\n<\/p>\n<p>      Los trinitarios estimaban que Tom\u00e1s Bobadilla y los miembros de la Junta Central Gubernativa, Jos\u00e9 Mar\u00eda Caminero, Francisco Javier Abr\u00e9u y Francisco Ruiz, eran culpables de conspirar contra la soberan\u00eda nacional al mantener negociaciones encaminadas a obtener la protecci\u00f3n de los franceses.<\/p>\n<\/p>\n<p>    Al consumarse el golpe de Estado contra la Junta Central  Gubernativa, el pr\u00f3cer Francisco del Rosario S\u00e1nchez fue escogido Presidente en lugar de Tom\u00e1s Bobadilla.<\/p>\n<\/p>\n<p>  Como dem\u00e1s miembros de la Junta Central Gubernativa, fueron designados los trinitarios Pedro Alejandro Pina, Manuel Mar\u00eda Valverde y Juan Isidro P\u00e9rez, quienes fueron perseguidos por disposici\u00f3n del general Pedro Santana.<\/p>\n<\/p>\n<\/p>\n<h6> 2020-08-03 00:57:30 <\/h6>\n<p><!--\n<link rel=\"stylesheet\" href=\"css\/bootstrap.min.css\">\n\n\n<ul class=\"pagination\">\n\t    \n\t\n\n<li >\n\t<a href='?page_no=353'>Previous<\/a>\n\t<\/li>\n\n\n       \n    \n\n<li><a href='?page_no=1'>1<\/a><\/li>\n\n\n\n<li><a href='?page_no=2'>2<\/a><\/li>\n\n\n\n<li><a>...<\/a><\/li>\n\n\n\n<li><a href='?page_no=352'>352<\/a><\/li>\n\n\n\n<li><a href='?page_no=353'>353<\/a><\/li>\n\n\n\n<li class='active'><a>354<\/a><\/li>\n\n\n\n<li><a href='?page_no=355'>355<\/a><\/li>\n\n\n\n<li><a href='?page_no=356'>356<\/a><\/li>\n\n\n\n<li><a>...<\/a><\/li>\n\n\n\n<li><a href='?page_no=22911'>22911<\/a><\/li>\n\n\n\n<li><a href='?page_no=22912'>22912<\/a><\/li>\n\n    \n\t\n\n<li >\n\t<a href='?page_no=355'>Next<\/a>\n\t<\/li>\n\n\n    \n\n<li><a href='?page_no=22912'>Last &rsaquo;&rsaquo;<\/a><\/li>\n\n<\/ul>\n\n\n--><br \/>\n<\/body><\/p>\n","protected":false},"excerpt":{"rendered":"<p>Diariodominicano.com Ponen a circular manifiesto \u00abNotables\u00bb piden sanciones contra Juan Pablo Duarte \u00abNotables\u00bb de la Capital piden sanciones contra Juan Pablo Duarte El manifiesto puesto a circular el d\u00eda 3 de agosto de 1844, se sum\u00f3 a otro que hab\u00edan dado a conocer el d\u00eda 1 de ese mes, 628 oficiales y soldados del Ej\u00e9rcito [&hellip;]<\/p>\n","protected":false},"author":3,"featured_media":0,"comment_status":"open","ping_status":"open","sticky":false,"template":"","format":"standard","meta":{"footnotes":""},"categories":[21],"tags":[],"class_list":["post-51062","post","type-post","status-publish","format-standard","hentry","category-cultura"],"_links":{"self":[{"href":"https:\/\/diariodominicano.com\/index.php?rest_route=\/wp\/v2\/posts\/51062","targetHints":{"allow":["GET"]}}],"collection":[{"href":"https:\/\/diariodominicano.com\/index.php?rest_route=\/wp\/v2\/posts"}],"about":[{"href":"https:\/\/diariodominicano.com\/index.php?rest_route=\/wp\/v2\/types\/post"}],"author":[{"embeddable":true,"href":"https:\/\/diariodominicano.com\/index.php?rest_route=\/wp\/v2\/users\/3"}],"replies":[{"embeddable":true,"href":"https:\/\/diariodominicano.com\/index.php?rest_route=%2Fwp%2Fv2%2Fcomments&post=51062"}],"version-history":[{"count":0,"href":"https:\/\/diariodominicano.com\/index.php?rest_route=\/wp\/v2\/posts\/51062\/revisions"}],"wp:attachment":[{"href":"https:\/\/diariodominicano.com\/index.php?rest_route=%2Fwp%2Fv2%2Fmedia&parent=51062"}],"wp:term":[{"taxonomy":"category","embeddable":true,"href":"https:\/\/diariodominicano.com\/index.php?rest_route=%2Fwp%2Fv2%2Fcategories&post=51062"},{"taxonomy":"post_tag","embeddable":true,"href":"https:\/\/diariodominicano.com\/index.php?rest_route=%2Fwp%2Fv2%2Ftags&post=51062"}],"curies":[{"name":"wp","href":"https:\/\/api.w.org\/{rel}","templated":true}]}}