{"id":510520,"date":"2024-02-24T21:01:10","date_gmt":"2024-02-25T01:01:10","guid":{"rendered":"https:\/\/diariodominicano.com\/?p=510520"},"modified":"2024-02-24T21:05:30","modified_gmt":"2024-02-25T01:05:30","slug":"uapa-celebra-la-graduacion-del-primer-doctorado-consorciado-del-pais-en-ciencias-de-la-educacion","status":"publish","type":"post","link":"https:\/\/diariodominicano.com\/?p=510520","title":{"rendered":"UAPA celebra la graduaci\u00f3n del Primer Doctorado Consorciado del pa\u00eds en Ciencias de la Educaci\u00f3n"},"content":{"rendered":"\n<p>La m\u00e1s\u00a0destacada de la promoci\u00f3n es\u00a0la doctora Margaret Paola L\u00f3pez , recibe el t\u00edtulo de la rectora Mirian Acosta y la vicerrectora de Postgrado, Magdalena\u00a0Cruz\u00a0<\/p>\n\n\n\n<p><strong><em>Fue consorciado entre la UAPA, UCATECI, UCNE y UTECO<\/em><\/strong><\/p>\n\n\n\n<figure class=\"wp-block-image size-large\"><img loading=\"lazy\" decoding=\"async\" width=\"1024\" height=\"520\" src=\"https:\/\/diariodominicano.com\/wp-content\/uploads\/2024\/02\/IMG_9507-2-1024x520.jpg\" alt=\"\" class=\"wp-image-510522\" srcset=\"https:\/\/diariodominicano.com\/wp-content\/uploads\/2024\/02\/IMG_9507-2-1024x520.jpg 1024w, https:\/\/diariodominicano.com\/wp-content\/uploads\/2024\/02\/IMG_9507-2-300x152.jpg 300w, https:\/\/diariodominicano.com\/wp-content\/uploads\/2024\/02\/IMG_9507-2-768x390.jpg 768w, https:\/\/diariodominicano.com\/wp-content\/uploads\/2024\/02\/IMG_9507-2-1536x780.jpg 1536w, https:\/\/diariodominicano.com\/wp-content\/uploads\/2024\/02\/IMG_9507-2-2048x1041.jpg 2048w, https:\/\/diariodominicano.com\/wp-content\/uploads\/2024\/02\/IMG_9507-2-816x415.jpg 816w\" sizes=\"auto, (max-width: 1024px) 100vw, 1024px\" \/><\/figure>\n\n\n\n<p><strong> Los 15 nuevos doctores en\u00a0 Ciencias de la Educaci\u00f3n\u00a0Santiago, Rep\u00fablica Dominicana.-<\/strong>\u00a0 Como un momento hist\u00f3rico para el pa\u00eds, la Universidad Abierta para Adultos (UAPA) celebr\u00f3 la primera graduaci\u00f3n del Doctorado Ciencias de la Educaci\u00f3n, consorciado con sus hom\u00f3logas \u00a0Universidad Tecnol\u00f3gica del Cibao, la Universidad Cat\u00f3lica Nordestana y la Universidad Tecnol\u00f3gica de Cibao Oriental,\u00a0 en la que\u00a0\u00a0invistieron 15\u00a0 doctores para la sociedad dominicana.<\/p>\n\n\n\n<p>En la investidura extraordinaria, tambi\u00e9n&nbsp; se otorg\u00f3 el t\u00edtulo de Doctor en Honoris Causa al rector de la Universidad Estatal a Distancia (UNED) de Costa Rica, el maestro Rodrigo Arias Camacho, por sus aportes a la educaci\u00f3n a distancia y liderazgo visionario&nbsp; a nivel nacional e internacional, contend\u00eda en la resoluci\u00f3n No. 44-2023 del Consejo Acad\u00e9mico y es la tercera entrega que hace en sus 29 a\u00f1os de existencia.<\/p>\n\n\n\n<figure class=\"wp-block-image size-large\"><img loading=\"lazy\" decoding=\"async\" width=\"1024\" height=\"575\" src=\"https:\/\/diariodominicano.com\/wp-content\/uploads\/2024\/02\/IMG_9479-1024x575.jpg\" alt=\"\" class=\"wp-image-510525\" srcset=\"https:\/\/diariodominicano.com\/wp-content\/uploads\/2024\/02\/IMG_9479-1024x575.jpg 1024w, https:\/\/diariodominicano.com\/wp-content\/uploads\/2024\/02\/IMG_9479-300x168.jpg 300w, https:\/\/diariodominicano.com\/wp-content\/uploads\/2024\/02\/IMG_9479-768x431.jpg 768w, https:\/\/diariodominicano.com\/wp-content\/uploads\/2024\/02\/IMG_9479-1536x863.jpg 1536w, https:\/\/diariodominicano.com\/wp-content\/uploads\/2024\/02\/IMG_9479-2048x1150.jpg 2048w, https:\/\/diariodominicano.com\/wp-content\/uploads\/2024\/02\/IMG_9479-816x458.jpg 816w\" sizes=\"auto, (max-width: 1024px) 100vw, 1024px\" \/><\/figure>\n\n\n\n<p>La rectora de Mirian Acosta en el discurso central, resalt\u00f3 los aportes del maestro costarricense y del acontecimiento de investir la primera cohorte del Doctorado en Ciencias de la Educaci\u00f3n, consorciado entre las universidades UAPA, UCATECI, UCNE y UTECO.<\/p>\n\n\n\n<p>\u00b4\u00b4Este momento hist\u00f3rico de 2015, sino para la educaci\u00f3n superior del pa\u00eds, &nbsp;los rectores de las instituciones involucradas, &nbsp;decidieron crear un doctorado interinstitucional, nunca visto en el pa\u00eds y con est\u00e1ndares &nbsp;de calidad a nivel nacional e internacional \u00b4\u00b4.<\/p>\n\n\n\n<p>Tambi\u00e9n, ponder\u00f3 la calidad del equipo docente que formaron a los doctores de los pa\u00edses: Cuba, Venezuela, M\u00e9xico, Costa Rica, Colombia,&nbsp; Chile, Argentina y Rep\u00fablica Dominicana;; \u00b4Hoy entregamos &nbsp;los doctores &nbsp;con conocimiento profundo; sino que se quedan con el compromiso de agentes de cambio , mejorando la educaci\u00f3n dominicana &nbsp;en todos sus niveles\u00b4\u00b4, &nbsp;expres\u00f3 la funcionaria en la ceremonia efectuada en el Auditorio Central del&nbsp; campus de la UAPA .<\/p>\n\n\n\n<p>Adem\u00e1s, hizo un reconocimiento especial a los doctores Sergio de la Cruz, Esteban Tiburcio Isaac Garc\u00eda y \u00c1ngel Hern\u00e1ndez, quienes comprometidos con la calidad de la educaci\u00f3n impulsaron el doctorado en la naci\u00f3n, as\u00ed como a la doctora Magdalena Cruzy vicerrectores de las casas de altos estudios aliadas.<\/p>\n\n\n\n<p>Los graduandos que recibieron sus t\u00edtulos como doctores fueron : Bernardo Antonio Pe\u00f1a, Juan Castillo Cabral, Renata Anyeris Jim\u00e9nez Guzm\u00e1n, Silvia Mercedes Batista, Anyeli Liriano L\u00f3pez, Elvia Garc\u00eda Zalla y Wilson Jos\u00e9 Inoa G\u00f3mez.<\/p>\n\n\n\n<p>Asimismo, Margaret Paola L\u00f3pez Rodr\u00edguez, Rafael Eugenio Robles Morales, Nieves del Carmen P\u00e9rez Castillo, Anabel Rosario Alm\u00e1nzar , Juana Mar\u00eda Francisco V\u00e1squez, Omar Salom\u00f3n,&nbsp; El\u00edas Yanet D\u00edaz F\u00e9lix y Rafael Polanco D\u00edaz. Fueron juramentados por la rectora en compa\u00f1\u00eda de la vicerrectora de Investigaci\u00f3n y Postgrado, la doctora Magdalena Cruz.<\/p>\n\n\n\n<p>En nombre de sus compa\u00f1eros, pronunci\u00f3 el discurso la doctora Margaret Paola L\u00f3pez Rodr\u00edguez, por ser la m\u00e1s destacada de la promoci\u00f3n; \u00b4Hoy celebramos no solo el final de un cap\u00edtulo, sino tambi\u00e9n el comienzo de un emocionante viaje hacia el futuro\u00b4\u00b4, expres\u00f3 &nbsp;visiblemente emocionada.<\/p>\n\n\n\n<p>La mesa de honor estuvo integrada por la rectora de la entidad anfitriona y como el homenajeado, as\u00ed como el rector UCATECI y presidente de la Asociaci\u00f3n Dominicana de Rectores (ADRU); reverendo Isaac Garc\u00eda de La Cruz, rector de UCNE y la ingeniera Marilyn D\u00edaz, rectora de UTECO; doctor Manuel Villero , rector de la Universidad Tecnol\u00f3gica y Educaci\u00f3n de Miami; el viceministro del MESCYT y &nbsp;Genaro Rodr\u00edguez .&nbsp; Tambi\u00e9n y Magdalena Cruz, Vilma D\u00edaz, Alejandra Hern\u00e1ndez, Yanet Jimini\u00e1n y Randolph Morillo del Consejo Acad\u00e9mico de la UAPA<\/p>\n\n\n\n<p>La UAPA se fund\u00f3 en el a\u00f1o 1995 y ha formado 45 mil 940\u00a0 profesionales diseminados en el pa\u00eds y el extranjero .\/\/<\/p>\n\n\n\n<p>Fior D \u0301Aliza Taveras<\/p>\n\n\n\n<p><a target=\"_blank\" href=\"mailto:fiordalizataverasp@gmail.com\" rel=\"noreferrer noopener\">fiordalizataverasp@gmail.com<\/a><\/p>\n\n\n\n<p><strong>Santiago, de febrero 2024<\/strong>&#8212;<\/p>\n\n\n\n<p><\/p>\n","protected":false},"excerpt":{"rendered":"<p>La m\u00e1s\u00a0destacada de la promoci\u00f3n es\u00a0la doctora Margaret Paola L\u00f3pez , recibe el t\u00edtulo de la rectora Mirian Acosta y la vicerrectora de Postgrado, Magdalena\u00a0Cruz\u00a0 Fue consorciado entre la UAPA, UCATECI, UCNE y UTECO Los 15 nuevos doctores en\u00a0 Ciencias de la Educaci\u00f3n\u00a0Santiago, Rep\u00fablica Dominicana.-\u00a0 Como un momento hist\u00f3rico para el pa\u00eds, la Universidad Abierta [&hellip;]<\/p>\n","protected":false},"author":28,"featured_media":510521,"comment_status":"closed","ping_status":"","sticky":true,"template":"","format":"standard","meta":{"footnotes":""},"categories":[36,20,27],"tags":[],"class_list":["post-510520","post","type-post","status-publish","format-standard","has-post-thumbnail","hentry","category-hombresmujeresycosas","category-dominicana-hoy","category-portada"],"_links":{"self":[{"href":"https:\/\/diariodominicano.com\/index.php?rest_route=\/wp\/v2\/posts\/510520","targetHints":{"allow":["GET"]}}],"collection":[{"href":"https:\/\/diariodominicano.com\/index.php?rest_route=\/wp\/v2\/posts"}],"about":[{"href":"https:\/\/diariodominicano.com\/index.php?rest_route=\/wp\/v2\/types\/post"}],"author":[{"embeddable":true,"href":"https:\/\/diariodominicano.com\/index.php?rest_route=\/wp\/v2\/users\/28"}],"replies":[{"embeddable":true,"href":"https:\/\/diariodominicano.com\/index.php?rest_route=%2Fwp%2Fv2%2Fcomments&post=510520"}],"version-history":[{"count":3,"href":"https:\/\/diariodominicano.com\/index.php?rest_route=\/wp\/v2\/posts\/510520\/revisions"}],"predecessor-version":[{"id":510526,"href":"https:\/\/diariodominicano.com\/index.php?rest_route=\/wp\/v2\/posts\/510520\/revisions\/510526"}],"wp:featuredmedia":[{"embeddable":true,"href":"https:\/\/diariodominicano.com\/index.php?rest_route=\/wp\/v2\/media\/510521"}],"wp:attachment":[{"href":"https:\/\/diariodominicano.com\/index.php?rest_route=%2Fwp%2Fv2%2Fmedia&parent=510520"}],"wp:term":[{"taxonomy":"category","embeddable":true,"href":"https:\/\/diariodominicano.com\/index.php?rest_route=%2Fwp%2Fv2%2Fcategories&post=510520"},{"taxonomy":"post_tag","embeddable":true,"href":"https:\/\/diariodominicano.com\/index.php?rest_route=%2Fwp%2Fv2%2Ftags&post=510520"}],"curies":[{"name":"wp","href":"https:\/\/api.w.org\/{rel}","templated":true}]}}