{"id":51051,"date":"2020-08-03T01:09:50","date_gmt":"2020-08-03T01:09:50","guid":{"rendered":"http:\/\/diariodominicano.ddns.net\/?p=51051"},"modified":"2020-08-03T01:09:50","modified_gmt":"2020-08-03T01:09:50","slug":"cristobal-colon-inicia-el-viaje-que-culminaria-en-america","status":"publish","type":"post","link":"https:\/\/diariodominicano.com\/?p=51051","title":{"rendered":"Crist\u00f3bal Col\u00f3n  inicia el viaje que culminar\u00eda en Am\u00e9rica"},"content":{"rendered":"<p><body><\/p>\n<p><strong>Diariodominicano.com<\/strong><\/p>\n<p><strong>Crist\u00f3bal Col\u00f3n  inicia el viaje que culminar\u00eda en Am\u00e9rica<\/strong><\/p>\n<p><strong> Crist\u00f3bal Col\u00f3n inici\u00f3 su proyecto con el apoyo de los Reyes de Espa\u00f1a, Fernando el Cat\u00f3lico e Isabel la Cat\u00f3lica, quienes con su matrimonio hab\u00edan unido los reinos de Arag\u00f3n y Castilla.<\/strong><\/p>\n<p><strong>  Por HTN<\/strong><\/p>\n<p><strong>Diariodominicano.com<\/strong><\/p>\n<p><strong> <\/strong><\/p>\n<p><strong>SANTO DOMINGO,  el 3 de agosto de 1492<\/strong>, Crist\u00f3bal Col\u00f3n inici\u00f3 con su comitiva, en el puerto de Palos de Moguer,  el viaje que culminar\u00eda con el descubrimiento del Continente Americano, el d\u00eda 12 de octubre de 1492, cuando pisaron la isla de Guahanan\u00ed, en las Bahamas, la cual bautizaron como San Salvador.<\/p>\n<\/p>\n<p>    Crist\u00f3bal Col\u00f3n inici\u00f3 su proyecto con el apoyo de los Reyes de Espa\u00f1a, Fernando el Cat\u00f3lico e Isabel la Cat\u00f3lica, quienes con su matrimonio hab\u00edan unido los reinos de Arag\u00f3n y Castilla.<\/p>\n<\/p>\n<p>    Como parte de su primer viaje Crist\u00f3bal Col\u00f3n y su comitiva descubrieron la isla de Santo Domingo, el 5 de diciembre de 1492.<\/p>\n<\/p>\n<p>    En  ese momento los habitantes de Santo Domingo y las dem\u00e1s Antillas eran personas que s\u00f3lo hab\u00edan alcanzado un grado de civilizaci\u00f3n comparable al neol\u00edtico superior de los antiguos pueblos europeos.<\/p>\n<\/p>\n<p>    Los abor\u00edgenes de las Antillas vinieron de las cuencas de los r\u00edos Orinoco, Venezuela, y Xing\u00fa y Tapajos, en las Guayanas.<\/p>\n<\/p>\n<p>    Todos los abor\u00edgenes de la isla de Santo Domingo, fueron eliminados por las enfermedades y los maltratos que sufrieron de parte de los colonizadores.<\/p>\n<\/p>\n<h6> 2020-08-03 01:09:50 <\/h6>\n<p><!--\n<link rel=\"stylesheet\" href=\"css\/bootstrap.min.css\">\n\n\n<ul class=\"pagination\">\n\t    \n\t\n\n<li >\n\t<a href='?page_no=352'>Previous<\/a>\n\t<\/li>\n\n\n       \n    \n\n<li><a href='?page_no=1'>1<\/a><\/li>\n\n\n\n<li><a href='?page_no=2'>2<\/a><\/li>\n\n\n\n<li><a>...<\/a><\/li>\n\n\n\n<li><a href='?page_no=351'>351<\/a><\/li>\n\n\n\n<li><a href='?page_no=352'>352<\/a><\/li>\n\n\n\n<li class='active'><a>353<\/a><\/li>\n\n\n\n<li><a href='?page_no=354'>354<\/a><\/li>\n\n\n\n<li><a href='?page_no=355'>355<\/a><\/li>\n\n\n\n<li><a>...<\/a><\/li>\n\n\n\n<li><a href='?page_no=22911'>22911<\/a><\/li>\n\n\n\n<li><a href='?page_no=22912'>22912<\/a><\/li>\n\n    \n\t\n\n<li >\n\t<a href='?page_no=354'>Next<\/a>\n\t<\/li>\n\n\n    \n\n<li><a href='?page_no=22912'>Last &rsaquo;&rsaquo;<\/a><\/li>\n\n<\/ul>\n\n\n--><br \/>\n<\/body><\/p>\n","protected":false},"excerpt":{"rendered":"<p>Diariodominicano.com Crist\u00f3bal Col\u00f3n inicia el viaje que culminar\u00eda en Am\u00e9rica Crist\u00f3bal Col\u00f3n inici\u00f3 su proyecto con el apoyo de los Reyes de Espa\u00f1a, Fernando el Cat\u00f3lico e Isabel la Cat\u00f3lica, quienes con su matrimonio hab\u00edan unido los reinos de Arag\u00f3n y Castilla. Por HTN Diariodominicano.com SANTO DOMINGO, el 3 de agosto de 1492, Crist\u00f3bal Col\u00f3n [&hellip;]<\/p>\n","protected":false},"author":3,"featured_media":0,"comment_status":"open","ping_status":"open","sticky":false,"template":"","format":"standard","meta":{"footnotes":""},"categories":[21],"tags":[],"class_list":["post-51051","post","type-post","status-publish","format-standard","hentry","category-cultura"],"_links":{"self":[{"href":"https:\/\/diariodominicano.com\/index.php?rest_route=\/wp\/v2\/posts\/51051","targetHints":{"allow":["GET"]}}],"collection":[{"href":"https:\/\/diariodominicano.com\/index.php?rest_route=\/wp\/v2\/posts"}],"about":[{"href":"https:\/\/diariodominicano.com\/index.php?rest_route=\/wp\/v2\/types\/post"}],"author":[{"embeddable":true,"href":"https:\/\/diariodominicano.com\/index.php?rest_route=\/wp\/v2\/users\/3"}],"replies":[{"embeddable":true,"href":"https:\/\/diariodominicano.com\/index.php?rest_route=%2Fwp%2Fv2%2Fcomments&post=51051"}],"version-history":[{"count":0,"href":"https:\/\/diariodominicano.com\/index.php?rest_route=\/wp\/v2\/posts\/51051\/revisions"}],"wp:attachment":[{"href":"https:\/\/diariodominicano.com\/index.php?rest_route=%2Fwp%2Fv2%2Fmedia&parent=51051"}],"wp:term":[{"taxonomy":"category","embeddable":true,"href":"https:\/\/diariodominicano.com\/index.php?rest_route=%2Fwp%2Fv2%2Fcategories&post=51051"},{"taxonomy":"post_tag","embeddable":true,"href":"https:\/\/diariodominicano.com\/index.php?rest_route=%2Fwp%2Fv2%2Ftags&post=51051"}],"curies":[{"name":"wp","href":"https:\/\/api.w.org\/{rel}","templated":true}]}}