{"id":510429,"date":"2024-02-24T03:37:56","date_gmt":"2024-02-24T07:37:56","guid":{"rendered":"https:\/\/diariodominicano.com\/?p=510429"},"modified":"2024-02-24T03:37:56","modified_gmt":"2024-02-24T07:37:56","slug":"director-iad-encabeza-acto-entrega-186-titulos-provisionales-en-juan-sanchez-sabana-grande-de-boya","status":"publish","type":"post","link":"https:\/\/diariodominicano.com\/?p=510429","title":{"rendered":"Director IAD encabeza acto entrega 186 t\u00edtulos provisionales en Juan S\u00e1nchez, Sabana Grande de\u00a0 Boy\u00e1"},"content":{"rendered":"\n<p>JUAN S\u00c1NCHEZ, Sabana Grande de Boy\u00e1: El director general del Instituto Agrario Dominicano (IAD), Francisco Guillermo Garc\u00eda, encabez\u00f3 este viernes, en la comunidad La Pista, en esta secci\u00f3n de la provincia Monte Plata, el acto de entrega de 186 t\u00edtulos provisionales de propiedad en beneficio de igual n\u00famero de familias de esta zona.<\/p>\n\n\n\n<p>En las palabras centrales del acto, Garc\u00eda proclam\u00f3 que en la gesti\u00f3n del presidente Luis Abinader las entregas de certificados, provisionales y definitivos van a continuar, en beneficio de los sectores m\u00e1s humildes.<\/p>\n\n\n\n<figure class=\"wp-block-gallery has-nested-images columns-default is-cropped wp-block-gallery-1 is-layout-flex wp-block-gallery-is-layout-flex\">\n<figure class=\"wp-block-image size-large\"><img loading=\"lazy\" decoding=\"async\" width=\"1024\" height=\"682\" data-id=\"510450\" src=\"https:\/\/diariodominicano.com\/wp-content\/uploads\/2024\/02\/Director-IAD-encabeza-acto-entrega-186-titulos-provisionales-en-Juan-Sanchez-Sabana-Grande-de-Boya-1024x682.jpeg\" alt=\"\" class=\"wp-image-510450\" srcset=\"https:\/\/diariodominicano.com\/wp-content\/uploads\/2024\/02\/Director-IAD-encabeza-acto-entrega-186-titulos-provisionales-en-Juan-Sanchez-Sabana-Grande-de-Boya-1024x682.jpeg 1024w, https:\/\/diariodominicano.com\/wp-content\/uploads\/2024\/02\/Director-IAD-encabeza-acto-entrega-186-titulos-provisionales-en-Juan-Sanchez-Sabana-Grande-de-Boya-300x200.jpeg 300w, https:\/\/diariodominicano.com\/wp-content\/uploads\/2024\/02\/Director-IAD-encabeza-acto-entrega-186-titulos-provisionales-en-Juan-Sanchez-Sabana-Grande-de-Boya-768x512.jpeg 768w, https:\/\/diariodominicano.com\/wp-content\/uploads\/2024\/02\/Director-IAD-encabeza-acto-entrega-186-titulos-provisionales-en-Juan-Sanchez-Sabana-Grande-de-Boya-1536x1024.jpeg 1536w, https:\/\/diariodominicano.com\/wp-content\/uploads\/2024\/02\/Director-IAD-encabeza-acto-entrega-186-titulos-provisionales-en-Juan-Sanchez-Sabana-Grande-de-Boya-2048x1365.jpeg 2048w, https:\/\/diariodominicano.com\/wp-content\/uploads\/2024\/02\/Director-IAD-encabeza-acto-entrega-186-titulos-provisionales-en-Juan-Sanchez-Sabana-Grande-de-Boya-816x544.jpeg 816w\" sizes=\"auto, (max-width: 1024px) 100vw, 1024px\" \/><\/figure>\n\n\n\n<figure class=\"wp-block-image size-large\"><img loading=\"lazy\" decoding=\"async\" width=\"1024\" height=\"682\" data-id=\"510449\" src=\"https:\/\/diariodominicano.com\/wp-content\/uploads\/2024\/02\/Director-IAD-encabeza-acto-entrega-186-titulos-provisionales-Juan-Sanchez-Sabana-Grande-de-Boya-1024x682.jpeg\" alt=\"\" class=\"wp-image-510449\" srcset=\"https:\/\/diariodominicano.com\/wp-content\/uploads\/2024\/02\/Director-IAD-encabeza-acto-entrega-186-titulos-provisionales-Juan-Sanchez-Sabana-Grande-de-Boya-1024x682.jpeg 1024w, https:\/\/diariodominicano.com\/wp-content\/uploads\/2024\/02\/Director-IAD-encabeza-acto-entrega-186-titulos-provisionales-Juan-Sanchez-Sabana-Grande-de-Boya-300x200.jpeg 300w, https:\/\/diariodominicano.com\/wp-content\/uploads\/2024\/02\/Director-IAD-encabeza-acto-entrega-186-titulos-provisionales-Juan-Sanchez-Sabana-Grande-de-Boya-768x512.jpeg 768w, https:\/\/diariodominicano.com\/wp-content\/uploads\/2024\/02\/Director-IAD-encabeza-acto-entrega-186-titulos-provisionales-Juan-Sanchez-Sabana-Grande-de-Boya-1536x1024.jpeg 1536w, https:\/\/diariodominicano.com\/wp-content\/uploads\/2024\/02\/Director-IAD-encabeza-acto-entrega-186-titulos-provisionales-Juan-Sanchez-Sabana-Grande-de-Boya-2048x1365.jpeg 2048w, https:\/\/diariodominicano.com\/wp-content\/uploads\/2024\/02\/Director-IAD-encabeza-acto-entrega-186-titulos-provisionales-Juan-Sanchez-Sabana-Grande-de-Boya-816x544.jpeg 816w\" sizes=\"auto, (max-width: 1024px) 100vw, 1024px\" \/><\/figure>\n\n\n\n<figure class=\"wp-block-image size-large\"><img loading=\"lazy\" decoding=\"async\" width=\"1024\" height=\"594\" data-id=\"510448\" src=\"https:\/\/diariodominicano.com\/wp-content\/uploads\/2024\/02\/Director-IAD-entrega-186-titulos-provisionales-en-Juan-Sanchez-Sabana-Grande-de-Boya-1024x594.jpeg\" alt=\"\" class=\"wp-image-510448\" srcset=\"https:\/\/diariodominicano.com\/wp-content\/uploads\/2024\/02\/Director-IAD-entrega-186-titulos-provisionales-en-Juan-Sanchez-Sabana-Grande-de-Boya-1024x594.jpeg 1024w, https:\/\/diariodominicano.com\/wp-content\/uploads\/2024\/02\/Director-IAD-entrega-186-titulos-provisionales-en-Juan-Sanchez-Sabana-Grande-de-Boya-300x174.jpeg 300w, https:\/\/diariodominicano.com\/wp-content\/uploads\/2024\/02\/Director-IAD-entrega-186-titulos-provisionales-en-Juan-Sanchez-Sabana-Grande-de-Boya-768x446.jpeg 768w, https:\/\/diariodominicano.com\/wp-content\/uploads\/2024\/02\/Director-IAD-entrega-186-titulos-provisionales-en-Juan-Sanchez-Sabana-Grande-de-Boya-1536x892.jpeg 1536w, https:\/\/diariodominicano.com\/wp-content\/uploads\/2024\/02\/Director-IAD-entrega-186-titulos-provisionales-en-Juan-Sanchez-Sabana-Grande-de-Boya-2048x1189.jpeg 2048w, https:\/\/diariodominicano.com\/wp-content\/uploads\/2024\/02\/Director-IAD-entrega-186-titulos-provisionales-en-Juan-Sanchez-Sabana-Grande-de-Boya-816x474.jpeg 816w\" sizes=\"auto, (max-width: 1024px) 100vw, 1024px\" \/><\/figure>\n\n\n\n<figure class=\"wp-block-image size-large\"><img loading=\"lazy\" decoding=\"async\" width=\"1024\" height=\"682\" data-id=\"510447\" src=\"https:\/\/diariodominicano.com\/wp-content\/uploads\/2024\/02\/Director-IAD-entrega-186-titulos-provisionales-Juan-Sanchez-Sabana-Grande-de-Boya-1024x682.jpeg\" alt=\"\" class=\"wp-image-510447\" srcset=\"https:\/\/diariodominicano.com\/wp-content\/uploads\/2024\/02\/Director-IAD-entrega-186-titulos-provisionales-Juan-Sanchez-Sabana-Grande-de-Boya-1024x682.jpeg 1024w, https:\/\/diariodominicano.com\/wp-content\/uploads\/2024\/02\/Director-IAD-entrega-186-titulos-provisionales-Juan-Sanchez-Sabana-Grande-de-Boya-300x200.jpeg 300w, https:\/\/diariodominicano.com\/wp-content\/uploads\/2024\/02\/Director-IAD-entrega-186-titulos-provisionales-Juan-Sanchez-Sabana-Grande-de-Boya-768x512.jpeg 768w, https:\/\/diariodominicano.com\/wp-content\/uploads\/2024\/02\/Director-IAD-entrega-186-titulos-provisionales-Juan-Sanchez-Sabana-Grande-de-Boya-1536x1024.jpeg 1536w, https:\/\/diariodominicano.com\/wp-content\/uploads\/2024\/02\/Director-IAD-entrega-186-titulos-provisionales-Juan-Sanchez-Sabana-Grande-de-Boya-2048x1365.jpeg 2048w, https:\/\/diariodominicano.com\/wp-content\/uploads\/2024\/02\/Director-IAD-entrega-186-titulos-provisionales-Juan-Sanchez-Sabana-Grande-de-Boya-816x544.jpeg 816w\" sizes=\"auto, (max-width: 1024px) 100vw, 1024px\" \/><\/figure>\n<\/figure>\n\n\n\n<p>\u00abVamos a continuar apoyando al presidente para que siga trabajando en beneficio de esta comunidad de La Pista de Juan S\u00e1nchez y de todo el pa\u00eds\u00bb, dijo el director del IAD, ante salvas de aplausos de los presentes, congregados en el Centro Comunal Ofelia Santiago Tejada, de La Pista, Juan S\u00e1nchez.<\/p>\n\n\n\n<p>Tras resaltar que la entrega de 186 t\u00edtulos impactar\u00e1 a unas 1,023 personas, pidi\u00f3 a los presentes que conf\u00eden en que el presidente Abinader vendr\u00e1 pronto a Juan S\u00e1nchez a iniciar nuevas obras en beneficio de la comunidad.<\/p>\n\n\n\n<p>En la actividad estuvo presente la gobernadora provincial de Monte Plata, Rafaela Javier Gomera y el alcalde Sabana Grande de Boy\u00e1, Isidro Mieses de Jes\u00fas.<\/p>\n\n\n\n<p>En el acto tambi\u00e9n estuvieron los subdirectores del IAD; Luis Freddy Guzm\u00e1n y Rivera Amador, los encargados departamentales; Julio G\u00f3nzalez, de Distribuci\u00f3n de Tierras; Manuel Mateo de Captaci\u00f3n de Tierras e Isidro Ram\u00edrez del programa de Titulaci\u00f3n, adem\u00e1s el encargado del departamento regional, Manuel de Jes\u00fas Liriano.<\/p>\n\n\n\n<p>Junto a ellos; Franklin de los \u00c1ngeles, subdirector regional del Ministerio de Agricultura; Wilfredo de la Rosa, presidente de la Asociaci\u00f3n de Ganaderos de La Altagracia, as\u00ed tambi\u00e9n Francisco Contreras, gerente provincial, entre otros.<\/p>\n\n\n\n<p><strong>Departamento de Comunicaciones IAD,<\/strong><\/p>\n\n\n\n<p><strong>23 de febrero del 2024.<\/strong><\/p>\n\n\n\n<p>Gracias por su acostumbrada colaboraci\u00f3n<\/p>\n\n\n\n<p>Departamento de Comunicaciones<\/p>\n\n\n\n<p><strong>Instituto Agrario Dominicano (IAD)<\/strong><\/p>\n\n\n\n<p>Tel.: 809-620-6585, ext. 122 \/113<\/p>\n\n\n\n<p><strong><a href=\"http:\/\/www.iad.gob.do\/\" target=\"_blank\" rel=\"noreferrer noopener\">www.iad.gob.do<\/a><\/strong><\/p>\n","protected":false},"excerpt":{"rendered":"<p>JUAN S\u00c1NCHEZ, Sabana Grande de Boy\u00e1: El director general del Instituto Agrario Dominicano (IAD), Francisco Guillermo Garc\u00eda, encabez\u00f3 este viernes, en la comunidad La Pista, en esta secci\u00f3n de la provincia Monte Plata, el acto de entrega de 186 t\u00edtulos provisionales de propiedad en beneficio de igual n\u00famero de familias de esta zona. En las [&hellip;]<\/p>\n","protected":false},"author":7,"featured_media":510449,"comment_status":"closed","ping_status":"open","sticky":true,"template":"","format":"standard","meta":{"footnotes":""},"categories":[20,27],"tags":[],"class_list":["post-510429","post","type-post","status-publish","format-standard","has-post-thumbnail","hentry","category-dominicana-hoy","category-portada"],"_links":{"self":[{"href":"https:\/\/diariodominicano.com\/index.php?rest_route=\/wp\/v2\/posts\/510429","targetHints":{"allow":["GET"]}}],"collection":[{"href":"https:\/\/diariodominicano.com\/index.php?rest_route=\/wp\/v2\/posts"}],"about":[{"href":"https:\/\/diariodominicano.com\/index.php?rest_route=\/wp\/v2\/types\/post"}],"author":[{"embeddable":true,"href":"https:\/\/diariodominicano.com\/index.php?rest_route=\/wp\/v2\/users\/7"}],"replies":[{"embeddable":true,"href":"https:\/\/diariodominicano.com\/index.php?rest_route=%2Fwp%2Fv2%2Fcomments&post=510429"}],"version-history":[{"count":1,"href":"https:\/\/diariodominicano.com\/index.php?rest_route=\/wp\/v2\/posts\/510429\/revisions"}],"predecessor-version":[{"id":510468,"href":"https:\/\/diariodominicano.com\/index.php?rest_route=\/wp\/v2\/posts\/510429\/revisions\/510468"}],"wp:featuredmedia":[{"embeddable":true,"href":"https:\/\/diariodominicano.com\/index.php?rest_route=\/wp\/v2\/media\/510449"}],"wp:attachment":[{"href":"https:\/\/diariodominicano.com\/index.php?rest_route=%2Fwp%2Fv2%2Fmedia&parent=510429"}],"wp:term":[{"taxonomy":"category","embeddable":true,"href":"https:\/\/diariodominicano.com\/index.php?rest_route=%2Fwp%2Fv2%2Fcategories&post=510429"},{"taxonomy":"post_tag","embeddable":true,"href":"https:\/\/diariodominicano.com\/index.php?rest_route=%2Fwp%2Fv2%2Ftags&post=510429"}],"curies":[{"name":"wp","href":"https:\/\/api.w.org\/{rel}","templated":true}]}}