{"id":51029,"date":"2020-08-04T09:51:42","date_gmt":"2020-08-04T09:51:42","guid":{"rendered":"http:\/\/diariodominicano.ddns.net\/?p=51029"},"modified":"2020-08-04T09:51:42","modified_gmt":"2020-08-04T09:51:42","slug":"adn-conmemorara-el-522-aniversario-de-la-ciudad-de-santo-domingo","status":"publish","type":"post","link":"https:\/\/diariodominicano.com\/?p=51029","title":{"rendered":"ADN conmemorar\u00e1 el 522 aniversario de la ciudad de Santo Domingo"},"content":{"rendered":"<p><body><\/p>\n<p><img decoding=\"async\" src=\"img3\/IMG-20200804-WA0010.jpg\" \/><br \/><img decoding=\"async\" src=\"img3\/IMG-20200804-WA0011.jpg\" \/>  <\/p>\n<p><strong>Diariodominicano.com<\/strong><\/p>\n<p><strong>ADN conmemorar\u00e1 el 522 aniversario de la ciudad de Santo Domingo <\/strong><\/p>\n<p><strong> <\/strong><\/p>\n<p><strong> <\/strong><\/p>\n<p><strong>Santo Domingo, D.N. <\/strong>&#8211; Un programa modesto de actividades desarrollar\u00e1 la Alcald\u00eda del Distrito Nacional para conmemorar el 522 aniversario de la fundaci\u00f3n de la ciudad de Santo Domingo, el 4 de agosto de 1498. <\/p>\n<\/p>\n<\/p>\n<p>La alcaldesa del Distrito Nacional, Carolina Mej\u00eda, estar\u00e1 este martes, a las 11:00 de la ma\u00f1ana, en el acto de puesta en circulaci\u00f3n de una emisi\u00f3n de sellos conmemorativos de la fundaci\u00f3n de Santo Domingo, en la sede del Ministerio de Cultura, actividad que  estar\u00e1 a cargo de la Direcci\u00f3n Nacional de Patrimonio Monumental de esa dependencia estatal y el Instituto Postal Dominicano (INPOSDOM). <\/p>\n<\/p>\n<\/p>\n<p>Ma\u00f1ana mi\u00e9rcoles se realizar\u00e1 un acto conmemorativo de la fecha, que inicia con una misa en la Catedral a las 10:00 de la ma\u00f1ana y posteriormente una actividad reducida en el Parque Col\u00f3n para recordar el 522 aniversario de la ciudad Primada de Am\u00e9rica, garantizando el distanciamiento y el uso de mascarilla. <\/p>\n<\/p>\n<\/p>\n<p>Tambi\u00e9n en las plataformas virtuales del ADN y el Ministerio de Cultura, ser\u00e1 puesta a circular la segunda edici\u00f3n del libro virtual para colorear titulado \u00abSanto Domingo, Ciudad Primada\u00bb, el cual contiene 12 im\u00e1genes de los monumentos de la capital, entre los que se destacan Las Casas Reales, la Catedral Primada de Am\u00e9rica, la Fortaleza de Santo Domingo y el Monasterio de San Francisco.  <\/p>\n<\/p>\n<\/p>\n<p>Direcci\u00f3n de Comunicaciones<\/p>\n<\/p>\n<p>4 Agosto 2020<\/p>\n<\/p>\n<h6> 2020-08-04 09:51:42 <\/h6>\n<p><!--\n<link rel=\"stylesheet\" href=\"css\/bootstrap.min.css\">\n\n\n<ul class=\"pagination\">\n\t    \n\t\n\n<li >\n\t<a href='?page_no=350'>Previous<\/a>\n\t<\/li>\n\n\n       \n    \n\n<li><a href='?page_no=1'>1<\/a><\/li>\n\n\n\n<li><a href='?page_no=2'>2<\/a><\/li>\n\n\n\n<li><a>...<\/a><\/li>\n\n\n\n<li><a href='?page_no=349'>349<\/a><\/li>\n\n\n\n<li><a href='?page_no=350'>350<\/a><\/li>\n\n\n\n<li class='active'><a>351<\/a><\/li>\n\n\n\n<li><a href='?page_no=352'>352<\/a><\/li>\n\n\n\n<li><a href='?page_no=353'>353<\/a><\/li>\n\n\n\n<li><a>...<\/a><\/li>\n\n\n\n<li><a href='?page_no=22911'>22911<\/a><\/li>\n\n\n\n<li><a href='?page_no=22912'>22912<\/a><\/li>\n\n    \n\t\n\n<li >\n\t<a href='?page_no=352'>Next<\/a>\n\t<\/li>\n\n\n    \n\n<li><a href='?page_no=22912'>Last &rsaquo;&rsaquo;<\/a><\/li>\n\n<\/ul>\n\n\n--><br \/>\n<\/body><\/p>\n","protected":false},"excerpt":{"rendered":"<p>Diariodominicano.com ADN conmemorar\u00e1 el 522 aniversario de la ciudad de Santo Domingo Santo Domingo, D.N. &#8211; Un programa modesto de actividades desarrollar\u00e1 la Alcald\u00eda del Distrito Nacional para conmemorar el 522 aniversario de la fundaci\u00f3n de la ciudad de Santo Domingo, el 4 de agosto de 1498. La alcaldesa del Distrito Nacional, Carolina Mej\u00eda, estar\u00e1 [&hellip;]<\/p>\n","protected":false},"author":3,"featured_media":0,"comment_status":"open","ping_status":"open","sticky":false,"template":"","format":"standard","meta":{"footnotes":""},"categories":[21],"tags":[],"class_list":["post-51029","post","type-post","status-publish","format-standard","hentry","category-cultura"],"_links":{"self":[{"href":"https:\/\/diariodominicano.com\/index.php?rest_route=\/wp\/v2\/posts\/51029","targetHints":{"allow":["GET"]}}],"collection":[{"href":"https:\/\/diariodominicano.com\/index.php?rest_route=\/wp\/v2\/posts"}],"about":[{"href":"https:\/\/diariodominicano.com\/index.php?rest_route=\/wp\/v2\/types\/post"}],"author":[{"embeddable":true,"href":"https:\/\/diariodominicano.com\/index.php?rest_route=\/wp\/v2\/users\/3"}],"replies":[{"embeddable":true,"href":"https:\/\/diariodominicano.com\/index.php?rest_route=%2Fwp%2Fv2%2Fcomments&post=51029"}],"version-history":[{"count":0,"href":"https:\/\/diariodominicano.com\/index.php?rest_route=\/wp\/v2\/posts\/51029\/revisions"}],"wp:attachment":[{"href":"https:\/\/diariodominicano.com\/index.php?rest_route=%2Fwp%2Fv2%2Fmedia&parent=51029"}],"wp:term":[{"taxonomy":"category","embeddable":true,"href":"https:\/\/diariodominicano.com\/index.php?rest_route=%2Fwp%2Fv2%2Fcategories&post=51029"},{"taxonomy":"post_tag","embeddable":true,"href":"https:\/\/diariodominicano.com\/index.php?rest_route=%2Fwp%2Fv2%2Ftags&post=51029"}],"curies":[{"name":"wp","href":"https:\/\/api.w.org\/{rel}","templated":true}]}}