{"id":510273,"date":"2024-02-23T10:49:26","date_gmt":"2024-02-23T14:49:26","guid":{"rendered":"https:\/\/diariodominicano.com\/?p=510273"},"modified":"2024-02-23T10:49:26","modified_gmt":"2024-02-23T14:49:26","slug":"uasd-rinde-homenaje-al-patricio-matias-ramon-mella","status":"publish","type":"post","link":"https:\/\/diariodominicano.com\/?p=510273","title":{"rendered":"UASD rinde homenaje al patricio Mat\u00edas Ram\u00f3n Mella"},"content":{"rendered":"\n<p>diariodominicano.com<\/p>\n\n\n\n<p>Santo Domingo, R. D.,\u200223 de febrero, 2024.- Autoridades de la Universidad Aut\u00f3noma de Santo Domingo UASD) depositaron\u00a0 una ofrenda floral en el busto del patricio Mat\u00edas Ram\u00f3n Mella, ubicado en el campus de esa academia, al conmemorarse el 208 aniversario de su nacimiento.<\/p>\n\n\n\n<p>La vicerrectora de Extensi\u00f3n, maestra Rosal\u00eda Sosa al hablar en el acto al pr\u00f3cer de la patria, dijo que la academia recuerda con profundo respeto a Mat\u00edas Ram\u00f3n Mella.<\/p>\n\n\n\n<p>\u00abCon esta ofrenda floral honramos su memoria y su legado en nuestra historia, y estas flores representan nuestro respeto y gratitud a esta figura emblem\u00e1tica en la vida independentista del pa\u00eds \u00ab, manifest\u00f3 la funcionaria del centro de altos estudios.<\/p>\n\n\n\n<p>Subray\u00f3 que Mat\u00edas Mella dedic\u00f3 su vida a la causa de una patria libre y soberana.<\/p>\n\n\n\n<p>Record\u00f3 que uno de los episodios m\u00e1s destacados en la vida de Mella fue su participaci\u00f3n en la gesta del 27 de febrero de 1844, en la cual jug\u00f3 un papel importante en la organizaci\u00f3n y&nbsp; ejecuci\u00f3n de ese magno acontecimiento.<\/p>\n\n\n\n<p>Agrega que el patricio tambi\u00e9n se destac\u00f3 en la batalla del 30 de marzo de 1844, donde combati\u00f3 con valent\u00eda y determinaci\u00f3n contra las fuerzas invasoras que intentaban revertir la reci\u00e9n proclamada independencia.<\/p>\n\n\n\n<p>\u00abMat\u00edas Ram\u00f3n Mella fue un pol\u00edtico y estadista, ocup\u00f3 posiciones importantes en la administraci\u00f3n p\u00fablica y ser\u00e1 siempre recordado por su integridad personal y su compromiso con los valores \u00e9ticos\u00bb, indic\u00f3 Sosa.<\/p>\n\n\n\n<p><\/p>\n\n\n\n<p>Relaciones P\u00fablicas<\/p>\n\n\n\n<p><a target=\"_blank\" href=\"mailto:relacionespublicas@uasd.edu.do\" rel=\"noreferrer noopener\">relacionespublicas@uasd.edu.do<\/a><\/p>\n","protected":false},"excerpt":{"rendered":"<p>diariodominicano.com Santo Domingo, R. D.,\u200223 de febrero, 2024.- Autoridades de la Universidad Aut\u00f3noma de Santo Domingo UASD) depositaron\u00a0 una ofrenda floral en el busto del patricio Mat\u00edas Ram\u00f3n Mella, ubicado en el campus de esa academia, al conmemorarse el 208 aniversario de su nacimiento. La vicerrectora de Extensi\u00f3n, maestra Rosal\u00eda Sosa al hablar en el [&hellip;]<\/p>\n","protected":false},"author":5,"featured_media":510274,"comment_status":"closed","ping_status":"","sticky":true,"template":"","format":"standard","meta":{"footnotes":""},"categories":[20,27],"tags":[],"class_list":["post-510273","post","type-post","status-publish","format-standard","has-post-thumbnail","hentry","category-dominicana-hoy","category-portada"],"_links":{"self":[{"href":"https:\/\/diariodominicano.com\/index.php?rest_route=\/wp\/v2\/posts\/510273","targetHints":{"allow":["GET"]}}],"collection":[{"href":"https:\/\/diariodominicano.com\/index.php?rest_route=\/wp\/v2\/posts"}],"about":[{"href":"https:\/\/diariodominicano.com\/index.php?rest_route=\/wp\/v2\/types\/post"}],"author":[{"embeddable":true,"href":"https:\/\/diariodominicano.com\/index.php?rest_route=\/wp\/v2\/users\/5"}],"replies":[{"embeddable":true,"href":"https:\/\/diariodominicano.com\/index.php?rest_route=%2Fwp%2Fv2%2Fcomments&post=510273"}],"version-history":[{"count":1,"href":"https:\/\/diariodominicano.com\/index.php?rest_route=\/wp\/v2\/posts\/510273\/revisions"}],"predecessor-version":[{"id":510275,"href":"https:\/\/diariodominicano.com\/index.php?rest_route=\/wp\/v2\/posts\/510273\/revisions\/510275"}],"wp:featuredmedia":[{"embeddable":true,"href":"https:\/\/diariodominicano.com\/index.php?rest_route=\/wp\/v2\/media\/510274"}],"wp:attachment":[{"href":"https:\/\/diariodominicano.com\/index.php?rest_route=%2Fwp%2Fv2%2Fmedia&parent=510273"}],"wp:term":[{"taxonomy":"category","embeddable":true,"href":"https:\/\/diariodominicano.com\/index.php?rest_route=%2Fwp%2Fv2%2Fcategories&post=510273"},{"taxonomy":"post_tag","embeddable":true,"href":"https:\/\/diariodominicano.com\/index.php?rest_route=%2Fwp%2Fv2%2Ftags&post=510273"}],"curies":[{"name":"wp","href":"https:\/\/api.w.org\/{rel}","templated":true}]}}