{"id":510181,"date":"2024-02-23T04:26:20","date_gmt":"2024-02-23T08:26:20","guid":{"rendered":"https:\/\/diariodominicano.com\/?p=510181"},"modified":"2024-02-23T04:26:20","modified_gmt":"2024-02-23T08:26:20","slug":"prodominicana-y-unapec-acuerdan-posibilitar-formacion-capital-humano-en-areas-empresariales-y-de-negocios","status":"publish","type":"post","link":"https:\/\/diariodominicano.com\/?p=510181","title":{"rendered":"ProDominicana y UNAPEC\u00a0acuerdan posibilitar formaci\u00f3n capital humano en \u00e1reas empresariales y de negocios"},"content":{"rendered":"\n<p>Santo Domingo. El Centro de Exportaci\u00f3n e Inversi\u00f3n de la Rep\u00fablica Dominicana y la Universidad Privada de Santo Domingo (UNAPEC), firmaron un convenio de cooperaci\u00f3n con el fin de fomentar programas acad\u00e9micos orientados a impulsar la educaci\u00f3n en el sector exportador y de inversi\u00f3n.&nbsp;<\/p>\n\n\n\n<p>El inter\u00e9s de este acuerdo es unir esfuerzos para desarrollar iniciativas acad\u00e9micas de investigaci\u00f3n, grado y formaci\u00f3n continua, que contribuyan a especializar el capital humano en las \u00e1reas empresariales, de econom\u00eda y negocios internacionales.&nbsp;<\/p>\n\n\n\n<p>En el marco de este acuerdo, la directora ejecutiva de ProDominicana, Biviana Riveiro expres\u00f3 que a trav\u00e9s de este convenio se a\u00fanan esfuerzos y recursos, en el \u00e1mbito para establecer las bases de una mutua colaboraci\u00f3n para realizar actividades acad\u00e9micas.&nbsp;<\/p>\n\n\n\n<figure class=\"wp-block-image size-large\"><img loading=\"lazy\" decoding=\"async\" width=\"1024\" height=\"682\" src=\"https:\/\/diariodominicano.com\/wp-content\/uploads\/2024\/02\/Biviana-Riveiro-Disla-directora-ejecutiva-de-ProDominicana-Franklin-Holguin-Hache-rector-de-UNAPEC-1024x682.jpg\" alt=\"\" class=\"wp-image-510206\" srcset=\"https:\/\/diariodominicano.com\/wp-content\/uploads\/2024\/02\/Biviana-Riveiro-Disla-directora-ejecutiva-de-ProDominicana-Franklin-Holguin-Hache-rector-de-UNAPEC-1024x682.jpg 1024w, https:\/\/diariodominicano.com\/wp-content\/uploads\/2024\/02\/Biviana-Riveiro-Disla-directora-ejecutiva-de-ProDominicana-Franklin-Holguin-Hache-rector-de-UNAPEC-300x200.jpg 300w, https:\/\/diariodominicano.com\/wp-content\/uploads\/2024\/02\/Biviana-Riveiro-Disla-directora-ejecutiva-de-ProDominicana-Franklin-Holguin-Hache-rector-de-UNAPEC-768x512.jpg 768w, https:\/\/diariodominicano.com\/wp-content\/uploads\/2024\/02\/Biviana-Riveiro-Disla-directora-ejecutiva-de-ProDominicana-Franklin-Holguin-Hache-rector-de-UNAPEC-1536x1023.jpg 1536w, https:\/\/diariodominicano.com\/wp-content\/uploads\/2024\/02\/Biviana-Riveiro-Disla-directora-ejecutiva-de-ProDominicana-Franklin-Holguin-Hache-rector-de-UNAPEC-816x544.jpg 816w, https:\/\/diariodominicano.com\/wp-content\/uploads\/2024\/02\/Biviana-Riveiro-Disla-directora-ejecutiva-de-ProDominicana-Franklin-Holguin-Hache-rector-de-UNAPEC.jpg 1600w\" sizes=\"auto, (max-width: 1024px) 100vw, 1024px\" \/><\/figure>\n\n\n\n<p>Riveiro indic\u00f3 que con este proyecto se realizar\u00e1n acciones de difusi\u00f3n y debates en torno a temas acad\u00e9micos-educativos o empresariales de mutuo inter\u00e9s.&nbsp;<\/p>\n\n\n\n<p>\u201cDesde que asumimos la direcci\u00f3n hemos tenido el firme&nbsp;prop\u00f3sito de actualizar y formalizar el Instituto&nbsp;ProDominicana&nbsp;para la formaci\u00f3n y el asesoramiento en comercio exterior e inversiones. En la actualidad, se encuentra operando y ofreciendo diplomados de: Diplomado Comercio Exterior, concentraci\u00f3n en Desarrollo de Nuevos Mercados, Diplomado en Gesti\u00f3n Operaciones de Exportaci\u00f3n y Gesti\u00f3n Internacional de Inversi\u00f3n Extranjera Directa, a la fecha se han graduado aproximadamente 200 participantes\u201d, puntualiz\u00f3 la ejecutiva.&nbsp;<\/p>\n\n\n\n<p>Al destacar la relevancia del acuerdo, el rector de UNAPEC, doctor Franklyn Holgu\u00edn Hach\u00e9, apunt\u00f3 que la internacionalizaci\u00f3n es el sello que marca la econom\u00eda del presente siglo, pero sin un capital humano especializado, refiere, es imposible competir con \u00e9xito en los mercados.&nbsp;<\/p>\n\n\n\n<p>\u201cUn capital humano correctamente capacitado constituye un activo estrat\u00e9gico y una fuente de ventaja competitiva, en vista de lo cual, a trav\u00e9s de este pacto estaremos creando oportunidades de programas acad\u00e9micos y de intercambios atinentes a los \u00e1mbitos de exportaci\u00f3n e inversi\u00f3n, lo que indudablemente contribuir\u00e1 a una cantera de recursos humanos m\u00e1s sostenible\u201d, enfatiz\u00f3 el acad\u00e9mico.&nbsp;&nbsp;<\/p>\n","protected":false},"excerpt":{"rendered":"<p>Santo Domingo. El Centro de Exportaci\u00f3n e Inversi\u00f3n de la Rep\u00fablica Dominicana y la Universidad Privada de Santo Domingo (UNAPEC), firmaron un convenio de cooperaci\u00f3n con el fin de fomentar programas acad\u00e9micos orientados a impulsar la educaci\u00f3n en el sector exportador y de inversi\u00f3n.&nbsp; El inter\u00e9s de este acuerdo es unir esfuerzos para desarrollar iniciativas [&hellip;]<\/p>\n","protected":false},"author":7,"featured_media":510205,"comment_status":"closed","ping_status":"","sticky":true,"template":"","format":"standard","meta":{"footnotes":""},"categories":[20,27],"tags":[],"class_list":["post-510181","post","type-post","status-publish","format-standard","has-post-thumbnail","hentry","category-dominicana-hoy","category-portada"],"_links":{"self":[{"href":"https:\/\/diariodominicano.com\/index.php?rest_route=\/wp\/v2\/posts\/510181","targetHints":{"allow":["GET"]}}],"collection":[{"href":"https:\/\/diariodominicano.com\/index.php?rest_route=\/wp\/v2\/posts"}],"about":[{"href":"https:\/\/diariodominicano.com\/index.php?rest_route=\/wp\/v2\/types\/post"}],"author":[{"embeddable":true,"href":"https:\/\/diariodominicano.com\/index.php?rest_route=\/wp\/v2\/users\/7"}],"replies":[{"embeddable":true,"href":"https:\/\/diariodominicano.com\/index.php?rest_route=%2Fwp%2Fv2%2Fcomments&post=510181"}],"version-history":[{"count":1,"href":"https:\/\/diariodominicano.com\/index.php?rest_route=\/wp\/v2\/posts\/510181\/revisions"}],"predecessor-version":[{"id":510240,"href":"https:\/\/diariodominicano.com\/index.php?rest_route=\/wp\/v2\/posts\/510181\/revisions\/510240"}],"wp:featuredmedia":[{"embeddable":true,"href":"https:\/\/diariodominicano.com\/index.php?rest_route=\/wp\/v2\/media\/510205"}],"wp:attachment":[{"href":"https:\/\/diariodominicano.com\/index.php?rest_route=%2Fwp%2Fv2%2Fmedia&parent=510181"}],"wp:term":[{"taxonomy":"category","embeddable":true,"href":"https:\/\/diariodominicano.com\/index.php?rest_route=%2Fwp%2Fv2%2Fcategories&post=510181"},{"taxonomy":"post_tag","embeddable":true,"href":"https:\/\/diariodominicano.com\/index.php?rest_route=%2Fwp%2Fv2%2Ftags&post=510181"}],"curies":[{"name":"wp","href":"https:\/\/api.w.org\/{rel}","templated":true}]}}