{"id":510121,"date":"2024-02-22T20:41:19","date_gmt":"2024-02-23T00:41:19","guid":{"rendered":"https:\/\/diariodominicano.com\/?p=510121"},"modified":"2024-02-22T20:41:19","modified_gmt":"2024-02-23T00:41:19","slug":"director-iad-anuncia-en-reunion-con-fedelac-preparacion-400-mil-tareas-de-tierras-gratis-este-ano","status":"publish","type":"post","link":"https:\/\/diariodominicano.com\/?p=510121","title":{"rendered":"Director IAD anuncia en reuni\u00f3n con FEDELAC preparaci\u00f3n 400 mil tareas de tierras gratis este a\u00f1o"},"content":{"rendered":"\n<p><strong>SANTO DOMINGO:<\/strong>&nbsp;El director general del Instituto Agrario Dominicano (IAD), agr\u00f3nomo Francisco Guillermo Garc\u00eda, destac\u00f3 este mi\u00e9rcoles durante un encuentro con la Federaci\u00f3n Dominicana de Ligas Agrarias Cristianas (FEDELAC), que este a\u00f1o el organismo preparar\u00e1 alrededor de 400 mil tareas de tierra de manera gratuita a parceleros de la Reforma Agraria.<\/p>\n\n\n\n<p>Garc\u00eda hizo el anuncio al hablar durante un encuentro con motivo del 62 aniversario de FEDELAC, filial CASC-CSA-CSI, celebrado en el Sal\u00f3n Rojo de la sede central del IAD.<\/p>\n\n\n\n<p>El titular del IAD indic\u00f3 que el presente Gobierno, en tres a\u00f1os y medio de gesti\u00f3n, ha entregado unos 90 mil t\u00edtulos definitivos de propiedad a igual n\u00famero de familias de todo el pa\u00eds, en programas ejecutados por el organismo en coordinaci\u00f3n con la Unidad Ejecutora de Titulaci\u00f3n de Terrenos del Estado (UTECT) y otras instituciones.<\/p>\n\n\n\n<figure class=\"wp-block-gallery has-nested-images columns-default is-cropped wp-block-gallery-1 is-layout-flex wp-block-gallery-is-layout-flex\">\n<figure class=\"wp-block-image size-large\"><img loading=\"lazy\" decoding=\"async\" width=\"1024\" height=\"682\" data-id=\"510134\" src=\"https:\/\/diariodominicano.com\/wp-content\/uploads\/2024\/02\/Director-IAD-anuncia-reunion-con-FEDELAC-1024x682.jpeg\" alt=\"\" class=\"wp-image-510134\" srcset=\"https:\/\/diariodominicano.com\/wp-content\/uploads\/2024\/02\/Director-IAD-anuncia-reunion-con-FEDELAC-1024x682.jpeg 1024w, https:\/\/diariodominicano.com\/wp-content\/uploads\/2024\/02\/Director-IAD-anuncia-reunion-con-FEDELAC-300x200.jpeg 300w, https:\/\/diariodominicano.com\/wp-content\/uploads\/2024\/02\/Director-IAD-anuncia-reunion-con-FEDELAC-768x512.jpeg 768w, https:\/\/diariodominicano.com\/wp-content\/uploads\/2024\/02\/Director-IAD-anuncia-reunion-con-FEDELAC-1536x1023.jpeg 1536w, https:\/\/diariodominicano.com\/wp-content\/uploads\/2024\/02\/Director-IAD-anuncia-reunion-con-FEDELAC-816x544.jpeg 816w, https:\/\/diariodominicano.com\/wp-content\/uploads\/2024\/02\/Director-IAD-anuncia-reunion-con-FEDELAC.jpeg 1600w\" sizes=\"auto, (max-width: 1024px) 100vw, 1024px\" \/><\/figure>\n\n\n\n<figure class=\"wp-block-image size-large\"><img loading=\"lazy\" decoding=\"async\" width=\"1024\" height=\"682\" data-id=\"510133\" src=\"https:\/\/diariodominicano.com\/wp-content\/uploads\/2024\/02\/Director-IAD-anuncia-en-reunion-con-FEDELAC-1024x682.jpeg\" alt=\"\" class=\"wp-image-510133\" srcset=\"https:\/\/diariodominicano.com\/wp-content\/uploads\/2024\/02\/Director-IAD-anuncia-en-reunion-con-FEDELAC-1024x682.jpeg 1024w, https:\/\/diariodominicano.com\/wp-content\/uploads\/2024\/02\/Director-IAD-anuncia-en-reunion-con-FEDELAC-300x200.jpeg 300w, https:\/\/diariodominicano.com\/wp-content\/uploads\/2024\/02\/Director-IAD-anuncia-en-reunion-con-FEDELAC-768x512.jpeg 768w, https:\/\/diariodominicano.com\/wp-content\/uploads\/2024\/02\/Director-IAD-anuncia-en-reunion-con-FEDELAC-1536x1023.jpeg 1536w, https:\/\/diariodominicano.com\/wp-content\/uploads\/2024\/02\/Director-IAD-anuncia-en-reunion-con-FEDELAC-816x544.jpeg 816w, https:\/\/diariodominicano.com\/wp-content\/uploads\/2024\/02\/Director-IAD-anuncia-en-reunion-con-FEDELAC.jpeg 1600w\" sizes=\"auto, (max-width: 1024px) 100vw, 1024px\" \/><\/figure>\n\n\n\n<figure class=\"wp-block-image size-large\"><img loading=\"lazy\" decoding=\"async\" width=\"1024\" height=\"682\" data-id=\"510132\" src=\"https:\/\/diariodominicano.com\/wp-content\/uploads\/2024\/02\/Director-IAD-anuncia-reunion-con-FEDELAC-preparacion-400-mil-tareas-de-tierras-1024x682.jpeg\" alt=\"\" class=\"wp-image-510132\" srcset=\"https:\/\/diariodominicano.com\/wp-content\/uploads\/2024\/02\/Director-IAD-anuncia-reunion-con-FEDELAC-preparacion-400-mil-tareas-de-tierras-1024x682.jpeg 1024w, https:\/\/diariodominicano.com\/wp-content\/uploads\/2024\/02\/Director-IAD-anuncia-reunion-con-FEDELAC-preparacion-400-mil-tareas-de-tierras-300x200.jpeg 300w, https:\/\/diariodominicano.com\/wp-content\/uploads\/2024\/02\/Director-IAD-anuncia-reunion-con-FEDELAC-preparacion-400-mil-tareas-de-tierras-768x512.jpeg 768w, https:\/\/diariodominicano.com\/wp-content\/uploads\/2024\/02\/Director-IAD-anuncia-reunion-con-FEDELAC-preparacion-400-mil-tareas-de-tierras-1536x1023.jpeg 1536w, https:\/\/diariodominicano.com\/wp-content\/uploads\/2024\/02\/Director-IAD-anuncia-reunion-con-FEDELAC-preparacion-400-mil-tareas-de-tierras-816x544.jpeg 816w, https:\/\/diariodominicano.com\/wp-content\/uploads\/2024\/02\/Director-IAD-anuncia-reunion-con-FEDELAC-preparacion-400-mil-tareas-de-tierras.jpeg 1600w\" sizes=\"auto, (max-width: 1024px) 100vw, 1024px\" \/><\/figure>\n<\/figure>\n\n\n\n<p>De&nbsp; su lado, Luciano Robles, secretario general de FEDELAC, manifest\u00f3 que, \u201cvali\u00f3 la pena la lucha porque hoy d\u00eda tenemos muchos parceleros que son los responsables de aportar el 50% de la Seguridad Alimentaria del pa\u00eds\u201d.<\/p>\n\n\n\n<p>A la vez, agradeci\u00f3 el apoyo que ha recibido la organizaci\u00f3n de las actuales autoridades del IAD, al tiempo que reconoci\u00f3 el gran trabajo que se viene haciendo en el campo dominicano desde que asumi\u00f3 el gobierno el presidente Abinader.<\/p>\n\n\n\n<p>Al acto, asistieron decenas de delegados de esta hist\u00f3rica federaci\u00f3n campesina que hoy arriba su 62 aniversario de fundaci\u00f3n y lucha por preservar la tierra.<\/p>\n\n\n\n<figure class=\"wp-block-gallery has-nested-images columns-default is-cropped wp-block-gallery-2 is-layout-flex wp-block-gallery-is-layout-flex\">\n<figure class=\"wp-block-image size-large\"><img loading=\"lazy\" decoding=\"async\" width=\"1024\" height=\"682\" data-id=\"510131\" src=\"https:\/\/diariodominicano.com\/wp-content\/uploads\/2024\/02\/Director-IAD-anuncia-en-reunion-con-FEDELAC-preparacion-400-mil-tareas-de-tierras-1024x682.jpeg\" alt=\"\" class=\"wp-image-510131\" srcset=\"https:\/\/diariodominicano.com\/wp-content\/uploads\/2024\/02\/Director-IAD-anuncia-en-reunion-con-FEDELAC-preparacion-400-mil-tareas-de-tierras-1024x682.jpeg 1024w, https:\/\/diariodominicano.com\/wp-content\/uploads\/2024\/02\/Director-IAD-anuncia-en-reunion-con-FEDELAC-preparacion-400-mil-tareas-de-tierras-300x200.jpeg 300w, https:\/\/diariodominicano.com\/wp-content\/uploads\/2024\/02\/Director-IAD-anuncia-en-reunion-con-FEDELAC-preparacion-400-mil-tareas-de-tierras-768x512.jpeg 768w, https:\/\/diariodominicano.com\/wp-content\/uploads\/2024\/02\/Director-IAD-anuncia-en-reunion-con-FEDELAC-preparacion-400-mil-tareas-de-tierras-1536x1023.jpeg 1536w, https:\/\/diariodominicano.com\/wp-content\/uploads\/2024\/02\/Director-IAD-anuncia-en-reunion-con-FEDELAC-preparacion-400-mil-tareas-de-tierras-816x544.jpeg 816w, https:\/\/diariodominicano.com\/wp-content\/uploads\/2024\/02\/Director-IAD-anuncia-en-reunion-con-FEDELAC-preparacion-400-mil-tareas-de-tierras.jpeg 1600w\" sizes=\"auto, (max-width: 1024px) 100vw, 1024px\" \/><\/figure>\n\n\n\n<figure class=\"wp-block-image size-large\"><img loading=\"lazy\" decoding=\"async\" width=\"1024\" height=\"682\" data-id=\"510130\" src=\"https:\/\/diariodominicano.com\/wp-content\/uploads\/2024\/02\/Director-IAD-anuncia-en-reunion-con-FEDELAC-preparacion-400-mil-tareas-de-tierras-gratis-1024x682.jpeg\" alt=\"\" class=\"wp-image-510130\" srcset=\"https:\/\/diariodominicano.com\/wp-content\/uploads\/2024\/02\/Director-IAD-anuncia-en-reunion-con-FEDELAC-preparacion-400-mil-tareas-de-tierras-gratis-1024x682.jpeg 1024w, https:\/\/diariodominicano.com\/wp-content\/uploads\/2024\/02\/Director-IAD-anuncia-en-reunion-con-FEDELAC-preparacion-400-mil-tareas-de-tierras-gratis-300x200.jpeg 300w, https:\/\/diariodominicano.com\/wp-content\/uploads\/2024\/02\/Director-IAD-anuncia-en-reunion-con-FEDELAC-preparacion-400-mil-tareas-de-tierras-gratis-768x512.jpeg 768w, https:\/\/diariodominicano.com\/wp-content\/uploads\/2024\/02\/Director-IAD-anuncia-en-reunion-con-FEDELAC-preparacion-400-mil-tareas-de-tierras-gratis-1536x1023.jpeg 1536w, https:\/\/diariodominicano.com\/wp-content\/uploads\/2024\/02\/Director-IAD-anuncia-en-reunion-con-FEDELAC-preparacion-400-mil-tareas-de-tierras-gratis-816x544.jpeg 816w, https:\/\/diariodominicano.com\/wp-content\/uploads\/2024\/02\/Director-IAD-anuncia-en-reunion-con-FEDELAC-preparacion-400-mil-tareas-de-tierras-gratis.jpeg 1600w\" sizes=\"auto, (max-width: 1024px) 100vw, 1024px\" \/><\/figure>\n\n\n\n<figure class=\"wp-block-image size-large\"><img loading=\"lazy\" decoding=\"async\" width=\"1024\" height=\"682\" data-id=\"510129\" src=\"https:\/\/diariodominicano.com\/wp-content\/uploads\/2024\/02\/Director-IAD-anuncia-en-reunion-con-FEDELAC-preparacion-400-mil-tareas-tierras-gratis-este-ano-1024x682.jpeg\" alt=\"\" class=\"wp-image-510129\" srcset=\"https:\/\/diariodominicano.com\/wp-content\/uploads\/2024\/02\/Director-IAD-anuncia-en-reunion-con-FEDELAC-preparacion-400-mil-tareas-tierras-gratis-este-ano-1024x682.jpeg 1024w, https:\/\/diariodominicano.com\/wp-content\/uploads\/2024\/02\/Director-IAD-anuncia-en-reunion-con-FEDELAC-preparacion-400-mil-tareas-tierras-gratis-este-ano-300x200.jpeg 300w, https:\/\/diariodominicano.com\/wp-content\/uploads\/2024\/02\/Director-IAD-anuncia-en-reunion-con-FEDELAC-preparacion-400-mil-tareas-tierras-gratis-este-ano-768x512.jpeg 768w, https:\/\/diariodominicano.com\/wp-content\/uploads\/2024\/02\/Director-IAD-anuncia-en-reunion-con-FEDELAC-preparacion-400-mil-tareas-tierras-gratis-este-ano-1536x1023.jpeg 1536w, https:\/\/diariodominicano.com\/wp-content\/uploads\/2024\/02\/Director-IAD-anuncia-en-reunion-con-FEDELAC-preparacion-400-mil-tareas-tierras-gratis-este-ano-816x544.jpeg 816w, https:\/\/diariodominicano.com\/wp-content\/uploads\/2024\/02\/Director-IAD-anuncia-en-reunion-con-FEDELAC-preparacion-400-mil-tareas-tierras-gratis-este-ano.jpeg 1600w\" sizes=\"auto, (max-width: 1024px) 100vw, 1024px\" \/><\/figure>\n<\/figure>\n\n\n\n<p>Durante la actividad tambi\u00e9n estuvieron&nbsp; presentes Esperid\u00f3n Villa Paredes, representante Confederaci\u00f3n Aut\u00f3noma Sindical Clasistas (CASC); Isidro Prensa, representante de FEDELAC y David de Jes\u00fas Polanco, director ejecutivo del Programa Comunidad Segura.<\/p>\n\n\n\n<p>Por el IAD, los encargados de Distribuci\u00f3n y Captaci\u00f3n de Tierras, Julio Gonzales y Manuel Mateo, respectivamente; Arsenio Toribio, Consultor Jur\u00eddico; el encargado de Producci\u00f3n, Porfirio Col\u00f3n (Leo); el encargado de Desarrollo Social, Romer Arnaud; de la Oficina de Titulaci\u00f3n Definitiva, Isidro Ram\u00edrez, entre otros encargados departamentales, provinciales y regionales.<\/p>\n\n\n\n<p><strong>Departamento de Comunicaciones IAD<\/strong><\/p>\n\n\n\n<p><strong>21 de febrero, 2024<\/strong><\/p>\n\n\n\n<p>Gracias por su acostumbrada colaboraci\u00f3n<\/p>\n\n\n\n<p>Departamento de Comunicaciones<\/p>\n\n\n\n<p><strong>Instituto Agrario Dominicano (IAD)<\/strong><\/p>\n","protected":false},"excerpt":{"rendered":"<p>SANTO DOMINGO:&nbsp;El director general del Instituto Agrario Dominicano (IAD), agr\u00f3nomo Francisco Guillermo Garc\u00eda, destac\u00f3 este mi\u00e9rcoles durante un encuentro con la Federaci\u00f3n Dominicana de Ligas Agrarias Cristianas (FEDELAC), que este a\u00f1o el organismo preparar\u00e1 alrededor de 400 mil tareas de tierra de manera gratuita a parceleros de la Reforma Agraria. Garc\u00eda hizo el anuncio al [&hellip;]<\/p>\n","protected":false},"author":7,"featured_media":510134,"comment_status":"closed","ping_status":"","sticky":true,"template":"","format":"standard","meta":{"footnotes":""},"categories":[20,27],"tags":[],"class_list":["post-510121","post","type-post","status-publish","format-standard","has-post-thumbnail","hentry","category-dominicana-hoy","category-portada"],"_links":{"self":[{"href":"https:\/\/diariodominicano.com\/index.php?rest_route=\/wp\/v2\/posts\/510121","targetHints":{"allow":["GET"]}}],"collection":[{"href":"https:\/\/diariodominicano.com\/index.php?rest_route=\/wp\/v2\/posts"}],"about":[{"href":"https:\/\/diariodominicano.com\/index.php?rest_route=\/wp\/v2\/types\/post"}],"author":[{"embeddable":true,"href":"https:\/\/diariodominicano.com\/index.php?rest_route=\/wp\/v2\/users\/7"}],"replies":[{"embeddable":true,"href":"https:\/\/diariodominicano.com\/index.php?rest_route=%2Fwp%2Fv2%2Fcomments&post=510121"}],"version-history":[{"count":2,"href":"https:\/\/diariodominicano.com\/index.php?rest_route=\/wp\/v2\/posts\/510121\/revisions"}],"predecessor-version":[{"id":510136,"href":"https:\/\/diariodominicano.com\/index.php?rest_route=\/wp\/v2\/posts\/510121\/revisions\/510136"}],"wp:featuredmedia":[{"embeddable":true,"href":"https:\/\/diariodominicano.com\/index.php?rest_route=\/wp\/v2\/media\/510134"}],"wp:attachment":[{"href":"https:\/\/diariodominicano.com\/index.php?rest_route=%2Fwp%2Fv2%2Fmedia&parent=510121"}],"wp:term":[{"taxonomy":"category","embeddable":true,"href":"https:\/\/diariodominicano.com\/index.php?rest_route=%2Fwp%2Fv2%2Fcategories&post=510121"},{"taxonomy":"post_tag","embeddable":true,"href":"https:\/\/diariodominicano.com\/index.php?rest_route=%2Fwp%2Fv2%2Ftags&post=510121"}],"curies":[{"name":"wp","href":"https:\/\/api.w.org\/{rel}","templated":true}]}}