{"id":51006,"date":"2020-08-05T01:32:28","date_gmt":"2020-08-05T01:32:28","guid":{"rendered":"http:\/\/diariodominicano.ddns.net\/?p=51006"},"modified":"2020-08-05T01:32:28","modified_gmt":"2020-08-05T01:32:28","slug":"buenaventura-baez-es-electo-presidente-de-la-republica-con-el-respaldo-de-santana","status":"publish","type":"post","link":"https:\/\/diariodominicano.com\/?p=51006","title":{"rendered":"Buenaventura B\u00e1ez es electo presidente de la Rep\u00fablica con el respaldo de Santana"},"content":{"rendered":"<p><body><\/p>\n<p><img decoding=\"async\" src=\"img3\/Baez I.jpg\" \/><br \/><img decoding=\"async\" src=\"img3\/General Pedro Santana.jpg\" \/>  <\/p>\n<p><strong>Diariodominicano.com<\/strong><\/p>\n<p><strong>Buenaventura B\u00e1ez es electo presidente de la Rep\u00fablica con el respaldo de Santana <\/strong><\/p>\n<p><strong>Luego de la ca\u00edda del Presidente Manuel Jimenes,  el 29 de mayo de 1849, las del 5 de agosto fueron las segundas elecciones convocadas por la voluntad del encargado del Poder Ejecutivo,  general Pedro Santana.<\/strong><\/p>\n<p><strong>Por H\u00e9ctor Tineo Nolasco<\/strong><\/p>\n<p><strong>Diariodominicano.com<\/strong><\/p>\n<\/p>\n<p><strong>SANTO DOMINGO, el  5 de agosto de 1849<\/strong>, se hizo efectiva la convocatoria que hizo el Congreso Nacional para escoger ese d\u00eda el nuevo Presidente de la Rep\u00fablica. El ganador fue Buenaventura B\u00e1ez,  quien se desempe\u00f1aba como presidente del Congreso Nacional.<\/p>\n<\/p>\n<p>   \tLuego de la ca\u00edda del Presidente Manuel Jimenes,  el 29 de mayo de 1849, las del 5 de agosto fueron las segundas elecciones convocadas por la voluntad del encargado del Poder Ejecutivo,  general Pedro Santana.<\/p>\n<\/p>\n<p>   \tEn las primeras celebradas el 5 de julio de 1849, fue electo Presidente el ciudadano Santiago Espaillat, quien declin\u00f3. <\/p>\n<\/p>\n<p>   \tLas elecciones del 5 de agosto hab\u00edan sido convocadas  por el General Pedro Santana, quien encabez\u00f3 una revuelta armada que oblig\u00f3 al Presidente Manuel Jimenes a entregar el poder el 29 de mayo de 1849.<\/p>\n<\/p>\n<p>    \tA partir del 30 de Mayo de 1849 Pedro Santana tom\u00f3 el Poder Ejecutivo.<\/p>\n<\/p>\n<p>      En las elecciones iniciadas el 5 de julio de 1849, fue electo Presidente de la Rep\u00fablica, Buenaventura B\u00e1ez,  quien se desempe\u00f1aba como presidente del Congreso Nacional.<\/p>\n<\/p>\n<p>La candidatura de Buenaventura B\u00e1ez, quien contribuy\u00f3 a la ca\u00edda del Presidente Manuel Jimenes,  era promovida por el general Pedro Santana. <\/p>\n<\/p>\n<p>    En efecto el proceso culmin\u00f3 con el triunfo de su candidatura el d\u00eda 18 de agosto de 1849.<\/p>\n<\/p>\n<p>     Cuando  Santiago Espaillat fue electo Presidente el 5 de julio,  aleg\u00f3 para no asumir la jefatura del Estado, razones de edad y salud.<\/p>\n<\/p>\n<p>       El ciudadano  Santiago Espaillat  hab\u00eda sido escogido para el cargo por el encargado del Poder Ejecutivo, general  Pedro Santana. El historiador Frank Moya Pons, en su obra  Manual de Historia Dominicana, expresa el criterio de  que declin\u00f3 la Presidencia a conciencia de que si no lo hac\u00eda, se convertir\u00eda en un t\u00edtere del Jefe del Ej\u00e9rcito.<\/p>\n<\/p>\n<p>    Ante esa situaci\u00f3n, el Congreso convoc\u00f3 a nuevas elecciones para el 5 de agosto de 1849.<\/p>\n<\/p>\n<p>    Cuando Pedro Santana se hizo cargo del Poder Ejecutivo el 30 de mayo de 1849, proclam\u00f3 que lo hizo \u00abpor mandato de los pueblos y el Ej\u00e9rcito\u00bb.<\/p>\n<\/p>\n<p>   Durante ese per\u00edodo desat\u00f3 una campa\u00f1a de represi\u00f3n contra sus adversarios. Algunos pudieron salir al exilio.<\/p>\n<\/p>\n<p>    En las  decisiones  el  autoritarismo de Pedro Santana fue evidente.<\/p>\n<\/p>\n<\/p>\n<\/p>\n<\/p>\n<h6> 2020-08-05 01:32:28 <\/h6>\n<p><!--\n<link rel=\"stylesheet\" href=\"css\/bootstrap.min.css\">\n\n\n<ul class=\"pagination\">\n\t    \n\t\n\n<li >\n\t<a href='?page_no=348'>Previous<\/a>\n\t<\/li>\n\n\n       \n    \n\n<li><a href='?page_no=1'>1<\/a><\/li>\n\n\n\n<li><a href='?page_no=2'>2<\/a><\/li>\n\n\n\n<li><a>...<\/a><\/li>\n\n\n\n<li><a href='?page_no=347'>347<\/a><\/li>\n\n\n\n<li><a href='?page_no=348'>348<\/a><\/li>\n\n\n\n<li class='active'><a>349<\/a><\/li>\n\n\n\n<li><a href='?page_no=350'>350<\/a><\/li>\n\n\n\n<li><a href='?page_no=351'>351<\/a><\/li>\n\n\n\n<li><a>...<\/a><\/li>\n\n\n\n<li><a href='?page_no=22911'>22911<\/a><\/li>\n\n\n\n<li><a href='?page_no=22912'>22912<\/a><\/li>\n\n    \n\t\n\n<li >\n\t<a href='?page_no=350'>Next<\/a>\n\t<\/li>\n\n\n    \n\n<li><a href='?page_no=22912'>Last &rsaquo;&rsaquo;<\/a><\/li>\n\n<\/ul>\n\n\n--><br \/>\n<\/body><\/p>\n","protected":false},"excerpt":{"rendered":"<p>Diariodominicano.com Buenaventura B\u00e1ez es electo presidente de la Rep\u00fablica con el respaldo de Santana Luego de la ca\u00edda del Presidente Manuel Jimenes, el 29 de mayo de 1849, las del 5 de agosto fueron las segundas elecciones convocadas por la voluntad del encargado del Poder Ejecutivo, general Pedro Santana. Por H\u00e9ctor Tineo Nolasco Diariodominicano.com SANTO [&hellip;]<\/p>\n","protected":false},"author":3,"featured_media":0,"comment_status":"open","ping_status":"open","sticky":false,"template":"","format":"standard","meta":{"footnotes":""},"categories":[21],"tags":[],"class_list":["post-51006","post","type-post","status-publish","format-standard","hentry","category-cultura"],"_links":{"self":[{"href":"https:\/\/diariodominicano.com\/index.php?rest_route=\/wp\/v2\/posts\/51006","targetHints":{"allow":["GET"]}}],"collection":[{"href":"https:\/\/diariodominicano.com\/index.php?rest_route=\/wp\/v2\/posts"}],"about":[{"href":"https:\/\/diariodominicano.com\/index.php?rest_route=\/wp\/v2\/types\/post"}],"author":[{"embeddable":true,"href":"https:\/\/diariodominicano.com\/index.php?rest_route=\/wp\/v2\/users\/3"}],"replies":[{"embeddable":true,"href":"https:\/\/diariodominicano.com\/index.php?rest_route=%2Fwp%2Fv2%2Fcomments&post=51006"}],"version-history":[{"count":0,"href":"https:\/\/diariodominicano.com\/index.php?rest_route=\/wp\/v2\/posts\/51006\/revisions"}],"wp:attachment":[{"href":"https:\/\/diariodominicano.com\/index.php?rest_route=%2Fwp%2Fv2%2Fmedia&parent=51006"}],"wp:term":[{"taxonomy":"category","embeddable":true,"href":"https:\/\/diariodominicano.com\/index.php?rest_route=%2Fwp%2Fv2%2Fcategories&post=51006"},{"taxonomy":"post_tag","embeddable":true,"href":"https:\/\/diariodominicano.com\/index.php?rest_route=%2Fwp%2Fv2%2Ftags&post=51006"}],"curies":[{"name":"wp","href":"https:\/\/api.w.org\/{rel}","templated":true}]}}