{"id":509995,"date":"2024-02-21T22:54:03","date_gmt":"2024-02-22T02:54:03","guid":{"rendered":"https:\/\/diariodominicano.com\/?p=509995"},"modified":"2024-02-21T23:01:55","modified_gmt":"2024-02-22T03:01:55","slug":"pedro-alvarez-pastor-recibe-la-nacionalidad-dominicana-privilegiada","status":"publish","type":"post","link":"https:\/\/diariodominicano.com\/?p=509995","title":{"rendered":"Pedro \u00c1lvarez Pastor recibe la nacionalidad dominicana privilegiada"},"content":{"rendered":"\n<p><em>El presidente de Rep\u00fablica Dominicana, Luis Abinader, acogi\u00f3 la solicitud de la Embajada de Rep\u00fablica Dominicana ante el Reino de&nbsp;<\/em><em>Espa\u00f1a<\/em><em>, al considerar que el ciudadano espa<\/em><em>\u00f1<\/em><em>ol ha prestado extraordinarios servicios a la comunidad dominicana en ese pa\u00eds europeo.<\/em><\/p>\n\n\n\n<figure class=\"wp-block-image size-large\"><img loading=\"lazy\" decoding=\"async\" width=\"1024\" height=\"682\" src=\"https:\/\/diariodominicano.com\/wp-content\/uploads\/2024\/02\/EMBAJADA-FOTO-4-1024x682.jpg\" alt=\"\" class=\"wp-image-509998\" srcset=\"https:\/\/diariodominicano.com\/wp-content\/uploads\/2024\/02\/EMBAJADA-FOTO-4-1024x682.jpg 1024w, https:\/\/diariodominicano.com\/wp-content\/uploads\/2024\/02\/EMBAJADA-FOTO-4-300x200.jpg 300w, https:\/\/diariodominicano.com\/wp-content\/uploads\/2024\/02\/EMBAJADA-FOTO-4-768x511.jpg 768w, https:\/\/diariodominicano.com\/wp-content\/uploads\/2024\/02\/EMBAJADA-FOTO-4-1536x1022.jpg 1536w, https:\/\/diariodominicano.com\/wp-content\/uploads\/2024\/02\/EMBAJADA-FOTO-4-816x543.jpg 816w, https:\/\/diariodominicano.com\/wp-content\/uploads\/2024\/02\/EMBAJADA-FOTO-4.jpg 1600w\" sizes=\"auto, (max-width: 1024px) 100vw, 1024px\" \/><\/figure>\n\n\n\n<p>El licenciado en Teolog\u00eda y Filosof\u00eda, Don Pedro \u00c1lvarez Pastor, quien naci\u00f3 el 23 de febrero de 1941 en Segovia, Espa\u00f1a, ha recibido este martes la nacionalidad dominicana a t\u00edtulo de naturalizaci\u00f3n privilegiada que le entreg\u00f3 el presidente Luis Abinader, en un acto celebrado en el Palacio Nacional, donde tambi\u00e9n le acompa\u00f1\u00f3 el embajador de Rep\u00fablica Dominicana ante el Reino de Espa\u00f1a y proponente de esta iniciativa, Sr. Juan Bol\u00edvar D\u00edaz.<\/p>\n\n\n\n<figure class=\"wp-block-image size-large\"><img loading=\"lazy\" decoding=\"async\" width=\"1024\" height=\"682\" src=\"https:\/\/diariodominicano.com\/wp-content\/uploads\/2024\/02\/EMBAJADA-FOTO-3-1024x682.jpg\" alt=\"\" class=\"wp-image-510003\" srcset=\"https:\/\/diariodominicano.com\/wp-content\/uploads\/2024\/02\/EMBAJADA-FOTO-3-1024x682.jpg 1024w, https:\/\/diariodominicano.com\/wp-content\/uploads\/2024\/02\/EMBAJADA-FOTO-3-300x200.jpg 300w, https:\/\/diariodominicano.com\/wp-content\/uploads\/2024\/02\/EMBAJADA-FOTO-3-768x511.jpg 768w, https:\/\/diariodominicano.com\/wp-content\/uploads\/2024\/02\/EMBAJADA-FOTO-3-1536x1022.jpg 1536w, https:\/\/diariodominicano.com\/wp-content\/uploads\/2024\/02\/EMBAJADA-FOTO-3-816x543.jpg 816w, https:\/\/diariodominicano.com\/wp-content\/uploads\/2024\/02\/EMBAJADA-FOTO-3.jpg 1600w\" sizes=\"auto, (max-width: 1024px) 100vw, 1024px\" \/><\/figure>\n\n\n\n<p>Abinader describi\u00f3 a \u00c1lvarez como \u201cun amigo de Rep\u00fablica Dominicana\u201d quien desde hace a\u00f1os ha mantenido una relaci\u00f3n cercana con el pa\u00eds y su gente, habiendo fungido como director de C\u00e1ritas Internacional para Mesoam\u00e9rica y el Caribe, trabajando en proyectos de Cooperaci\u00f3n y Desarrollo para Am\u00e9rica Latina.&nbsp;&nbsp;&nbsp;&nbsp;&nbsp;&nbsp;&nbsp;&nbsp;&nbsp;<\/p>\n\n\n\n<p>Casado en 1980 con la m\u00e9dica dominicana Bernarda Jim\u00e9nez, con quien procre\u00f3 dos hijos. Una pareja que desde hace m\u00e1s de dos d\u00e9cadas ha sido apoyo fundamental en Espa\u00f1a para l\u00edderes pol\u00edticos dominicanos y quienes fueron fundadores de 1987 del Voluntariado de Madres Dominicanas en Espa\u00f1a (VOMADE) dedicado a brindar apoyo a la masiva inmigraci\u00f3n de mujeres dominicanas para trabajar en servicios dom\u00e9sticos y tur\u00edsticos, contribuyendo a la regularizaci\u00f3n de m\u00e1s de 40 mil inmigrantes dominicanas.<\/p>\n\n\n\n<figure class=\"wp-block-image size-large\"><img loading=\"lazy\" decoding=\"async\" width=\"1024\" height=\"682\" src=\"https:\/\/diariodominicano.com\/wp-content\/uploads\/2024\/02\/EMBAJADA-FOTO-5-1024x682.jpg\" alt=\"\" class=\"wp-image-510009\" srcset=\"https:\/\/diariodominicano.com\/wp-content\/uploads\/2024\/02\/EMBAJADA-FOTO-5-1024x682.jpg 1024w, https:\/\/diariodominicano.com\/wp-content\/uploads\/2024\/02\/EMBAJADA-FOTO-5-300x200.jpg 300w, https:\/\/diariodominicano.com\/wp-content\/uploads\/2024\/02\/EMBAJADA-FOTO-5-768x511.jpg 768w, https:\/\/diariodominicano.com\/wp-content\/uploads\/2024\/02\/EMBAJADA-FOTO-5-1536x1022.jpg 1536w, https:\/\/diariodominicano.com\/wp-content\/uploads\/2024\/02\/EMBAJADA-FOTO-5-816x543.jpg 816w, https:\/\/diariodominicano.com\/wp-content\/uploads\/2024\/02\/EMBAJADA-FOTO-5.jpg 1600w\" sizes=\"auto, (max-width: 1024px) 100vw, 1024px\" \/><\/figure>\n\n\n\n<p>Asimismo, se destaca la gran labor desempe\u00f1ada por Don Pedro \u00c1lvarez desde 2002 hasta el 2012 en calidad de director del programa de radio denominado \u201cVereda Tropical\u201d con audiencia en Espa\u00f1a y Rep\u00fablica Dominicana, a trav\u00e9s de las emisoras cat\u00f3licas de Santo Domingo, enfocado en orientar a los dominicanos en temas de legalizaci\u00f3n de su residencia, encontrar trabajo e integrarse en Espa\u00f1a.<\/p>\n\n\n\n<p>\u201cLos valores que ha defendido Don Pedro \u00c1lvarez Pastor son los mismos que defendemos y con los que nos sentimos identificados como dominicanos, por lo que reconocemos su trabajo y entrega en el fortalecimiento de las relaciones de Espa\u00f1a, Iberoam\u00e9rica y en especial con Rep\u00fablica Dominicana\u201d, asegur\u00f3 el embajador Juan Bol\u00edvar D\u00edaz.<\/p>\n\n\n\n<p>La disposici\u00f3n est\u00e1 contenida en el Decreto n\u00famero 665-23, de fecha 29 de diciembre de 2023.<\/p>\n\n\n\n<p><em>Martes 20 febrero<\/em><\/p>\n\n\n\n<p><em>Madrid, Espa\u00f1a<\/em><\/p>\n","protected":false},"excerpt":{"rendered":"<p>El presidente de Rep\u00fablica Dominicana, Luis Abinader, acogi\u00f3 la solicitud de la Embajada de Rep\u00fablica Dominicana ante el Reino de&nbsp;Espa\u00f1a, al considerar que el ciudadano espa\u00f1ol ha prestado extraordinarios servicios a la comunidad dominicana en ese pa\u00eds europeo. El licenciado en Teolog\u00eda y Filosof\u00eda, Don Pedro \u00c1lvarez Pastor, quien naci\u00f3 el 23 de febrero de [&hellip;]<\/p>\n","protected":false},"author":28,"featured_media":509996,"comment_status":"closed","ping_status":"","sticky":true,"template":"","format":"standard","meta":{"footnotes":""},"categories":[36,20,27],"tags":[],"class_list":["post-509995","post","type-post","status-publish","format-standard","has-post-thumbnail","hentry","category-hombresmujeresycosas","category-dominicana-hoy","category-portada"],"_links":{"self":[{"href":"https:\/\/diariodominicano.com\/index.php?rest_route=\/wp\/v2\/posts\/509995","targetHints":{"allow":["GET"]}}],"collection":[{"href":"https:\/\/diariodominicano.com\/index.php?rest_route=\/wp\/v2\/posts"}],"about":[{"href":"https:\/\/diariodominicano.com\/index.php?rest_route=\/wp\/v2\/types\/post"}],"author":[{"embeddable":true,"href":"https:\/\/diariodominicano.com\/index.php?rest_route=\/wp\/v2\/users\/28"}],"replies":[{"embeddable":true,"href":"https:\/\/diariodominicano.com\/index.php?rest_route=%2Fwp%2Fv2%2Fcomments&post=509995"}],"version-history":[{"count":7,"href":"https:\/\/diariodominicano.com\/index.php?rest_route=\/wp\/v2\/posts\/509995\/revisions"}],"predecessor-version":[{"id":510010,"href":"https:\/\/diariodominicano.com\/index.php?rest_route=\/wp\/v2\/posts\/509995\/revisions\/510010"}],"wp:featuredmedia":[{"embeddable":true,"href":"https:\/\/diariodominicano.com\/index.php?rest_route=\/wp\/v2\/media\/509996"}],"wp:attachment":[{"href":"https:\/\/diariodominicano.com\/index.php?rest_route=%2Fwp%2Fv2%2Fmedia&parent=509995"}],"wp:term":[{"taxonomy":"category","embeddable":true,"href":"https:\/\/diariodominicano.com\/index.php?rest_route=%2Fwp%2Fv2%2Fcategories&post=509995"},{"taxonomy":"post_tag","embeddable":true,"href":"https:\/\/diariodominicano.com\/index.php?rest_route=%2Fwp%2Fv2%2Ftags&post=509995"}],"curies":[{"name":"wp","href":"https:\/\/api.w.org\/{rel}","templated":true}]}}