{"id":509994,"date":"2024-02-21T22:56:08","date_gmt":"2024-02-22T02:56:08","guid":{"rendered":"https:\/\/diariodominicano.com\/?p=509994"},"modified":"2024-02-21T22:56:08","modified_gmt":"2024-02-22T02:56:08","slug":"presidente-abinader-juramenta-nuevos-miembros-de-los-consejos-de-la-orden-del-merito-duarte-sanchez-y-mella-y-orden-heraldica-de-cristobal-colon","status":"publish","type":"post","link":"https:\/\/diariodominicano.com\/?p=509994","title":{"rendered":"Presidente Abinader juramenta nuevos miembros de los consejos de la Orden del M\u00e9rito Duarte, S\u00e1nchez y Mella, y Orden Her\u00e1ldica de Crist\u00f3bal Col\u00f3n"},"content":{"rendered":"\n<p>diariodominicano.com<\/p>\n\n\n\n<p>Santo Domingo, R. D.,\u200221 de febrero, 2024.-\u00a0<strong>El presidente Luis Abinader<\/strong>\u00a0jurament\u00f3 este mi\u00e9rcoles a los miembros del\u00a0<strong>Consejo de la Orden del M\u00e9rito Duarte, S\u00e1nchez y Mella<\/strong>, as\u00ed como de la\u00a0<strong>Orden Her\u00e1ldica de Crist\u00f3bal Col\u00f3n<\/strong>, que destacan la\u00a0<strong>labor extraordinaria de civiles y militares<\/strong>, que enaltecen a su persona y a la naci\u00f3n.<\/p>\n\n\n\n<p>Estos consejos deber\u00e1n&nbsp;<strong>analizar los perfiles<\/strong>&nbsp;de las personalidades tomadas en consideraci\u00f3n para recibir estas condecoraciones y&nbsp;<strong>velar fielmente<\/strong>&nbsp;por que se cumplan las disposiciones y los criterios que emanan de las leyes vigentes al momento de rendir sus veredictos.&nbsp;<\/p>\n\n\n\n<p><strong>El ministro de Relaciones Exteriores, Roberto \u00c1lvarez<\/strong>, resalt\u00f3 adem\u00e1s que desde hace&nbsp;<strong>23 a\u00f1os<\/strong>&nbsp;estos no hab\u00edan sido reformados, y que estos cambios buscan robustecer el tr\u00e1mite de concesi\u00f3n de condecoraciones y devolver su exclusividad a estas \u00f3rdenes.&nbsp;<\/p>\n\n\n\n<p><em>\u201cNos corresponde seguir criterios minuciosos para que quienes sean seleccionados est\u00e9n revestidos de los m\u00e1s altos valores y de una intachable reputaci\u00f3n, tanto por cumplir y hacer cumplir la ley, como por defender la dignidad humana\u201d,<\/em>&nbsp;concluy\u00f3 \u00c1lvarez.<\/p>\n\n\n<div class=\"wp-block-image\">\n<figure class=\"alignright is-resized\"><img decoding=\"async\" src=\"https:\/\/presidencia.gob.do\/sites\/default\/files\/inline-images\/WhatsApp%20Image%202024-02-21%20at%206.24.12%20PM%20%281%29.jpeg\" alt=\"\" style=\"width:292px;height:auto\"\/><\/figure>\n<\/div>\n\n\n<p><strong>Nuevos miembros<\/strong><\/p>\n\n\n\n<p>Los miembros que fueron juramentados en el Consejo de la Orden del M\u00e9rito de Duarte, S\u00e1nchez, y Mella, fueron: Julio Bernardo Nicol\u00e1s Vega Boyrie; Carlos Jos\u00e9 de Jes\u00fas Guzm\u00e1n Abreu; Elena Hortencia Viyella Caolo de Paliza y Grecia Fiorda Licia Pichardo Polanco de Decamps.<\/p>\n\n\n\n<p>Tambi\u00e9n Jorge Antonio del Jes\u00fas Subero Isa; Jos\u00e9 Manuel Trullols Yabra; Miguel An\u00edbal Pichardo Olivier; Miguel Eduardo Reyes S\u00e1nchez y MuKien Adriana Sang Ben.<\/p>\n\n\n\n<p>En tanto, los nuevos miembros del Consejo de la Orden Her\u00e1ldica de Crist\u00f3bal Col\u00f3n son: Monse\u00f1or Francisco Ozoria Acosta, arzobispo metropolitano de Santo Domingo; Celso Jos\u00e9 Marranzini P\u00e9rez; Jos\u00e9 Guillermo de la Altagracia Guerrero S\u00e1nchez; Mar\u00eda Amalia Le\u00f3n Cabral; Miguel Enrique Amelio Estrella G\u00f3mez; Radhys Iris Abreu Blondet y Servio Tulio Casta\u00f1os Guzm\u00e1n.<\/p>\n\n\n\n<p>Estas designaciones, que cubren vacantes existentes, est\u00e1n contenidas en los&nbsp;<strong>Decretos 683-23 y 684-23.<\/strong><\/p>\n\n\n\n<p>En los referidos documentos se derogan los&nbsp;<strong>Decretos 827-01 y 1201-01,&nbsp;<\/strong>que designaban, respectivamente, a Marino Emilio C\u00e1ceres Troncoso, miembro del Consejo de la Orden del M\u00e9rito de Duarte, S\u00e1nchez y Mella, y a Carlos J. Guzm\u00e1n, miembro del Consejo de la Orden Her\u00e1ldica de Crist\u00f3bal Col\u00f3n.<\/p>\n\n\n\n<p>Igualmente se derogaron el\u00a0<strong>numeral 1 del Decreto 15-01<\/strong>, y el\u00a0<strong>Decreto 826-01,<\/strong>\u00a0que designaron a Nicol\u00e1s de Jes\u00fas L\u00f3pez Rodr\u00edguez, Mary P\u00e9rez de Marranzini y Jos\u00e9 Miguel Bonetti, como miembros del Consejo de la Orden Her\u00e1ldica de Crist\u00f3bal Col\u00f3n.<\/p>\n\n\n\n<p>Fuente: Direcci\u00f3n de Estrategia y Comunicaci\u00f3n<\/p>\n\n\n\n<p>Ministerio Administrativo de la Presidencia de la Rep\u00fablica Dominicana<\/p>\n","protected":false},"excerpt":{"rendered":"<p>diariodominicano.com Santo Domingo, R. D.,\u200221 de febrero, 2024.-\u00a0El presidente Luis Abinader\u00a0jurament\u00f3 este mi\u00e9rcoles a los miembros del\u00a0Consejo de la Orden del M\u00e9rito Duarte, S\u00e1nchez y Mella, as\u00ed como de la\u00a0Orden Her\u00e1ldica de Crist\u00f3bal Col\u00f3n, que destacan la\u00a0labor extraordinaria de civiles y militares, que enaltecen a su persona y a la naci\u00f3n. Estos consejos deber\u00e1n&nbsp;analizar los [&hellip;]<\/p>\n","protected":false},"author":5,"featured_media":510000,"comment_status":"closed","ping_status":"","sticky":true,"template":"","format":"standard","meta":{"footnotes":""},"categories":[20,27],"tags":[],"class_list":["post-509994","post","type-post","status-publish","format-standard","has-post-thumbnail","hentry","category-dominicana-hoy","category-portada"],"_links":{"self":[{"href":"https:\/\/diariodominicano.com\/index.php?rest_route=\/wp\/v2\/posts\/509994","targetHints":{"allow":["GET"]}}],"collection":[{"href":"https:\/\/diariodominicano.com\/index.php?rest_route=\/wp\/v2\/posts"}],"about":[{"href":"https:\/\/diariodominicano.com\/index.php?rest_route=\/wp\/v2\/types\/post"}],"author":[{"embeddable":true,"href":"https:\/\/diariodominicano.com\/index.php?rest_route=\/wp\/v2\/users\/5"}],"replies":[{"embeddable":true,"href":"https:\/\/diariodominicano.com\/index.php?rest_route=%2Fwp%2Fv2%2Fcomments&post=509994"}],"version-history":[{"count":1,"href":"https:\/\/diariodominicano.com\/index.php?rest_route=\/wp\/v2\/posts\/509994\/revisions"}],"predecessor-version":[{"id":510002,"href":"https:\/\/diariodominicano.com\/index.php?rest_route=\/wp\/v2\/posts\/509994\/revisions\/510002"}],"wp:featuredmedia":[{"embeddable":true,"href":"https:\/\/diariodominicano.com\/index.php?rest_route=\/wp\/v2\/media\/510000"}],"wp:attachment":[{"href":"https:\/\/diariodominicano.com\/index.php?rest_route=%2Fwp%2Fv2%2Fmedia&parent=509994"}],"wp:term":[{"taxonomy":"category","embeddable":true,"href":"https:\/\/diariodominicano.com\/index.php?rest_route=%2Fwp%2Fv2%2Fcategories&post=509994"},{"taxonomy":"post_tag","embeddable":true,"href":"https:\/\/diariodominicano.com\/index.php?rest_route=%2Fwp%2Fv2%2Ftags&post=509994"}],"curies":[{"name":"wp","href":"https:\/\/api.w.org\/{rel}","templated":true}]}}