{"id":509909,"date":"2024-02-21T19:04:58","date_gmt":"2024-02-21T23:04:58","guid":{"rendered":"https:\/\/diariodominicano.com\/?p=509909"},"modified":"2024-02-21T19:06:17","modified_gmt":"2024-02-21T23:06:17","slug":"unphu-abre-sus-puertas-a-la-excelencia-educativa-con-su-feria-universitaria-anual-expo-unphu-2024","status":"publish","type":"post","link":"https:\/\/diariodominicano.com\/?p=509909","title":{"rendered":"UNPHU abre sus puertas a la excelencia educativa con su Feria Universitaria Anual \u201cEXPO UNPHU 2024\u201d"},"content":{"rendered":"\n<p>Estudiantes.<\/p>\n\n\n\n<p><strong>Diariodominicano.com<\/strong><\/p>\n\n\n\n<p>La Universidad Nacional Pedro Henr\u00edquez Ure\u00f1a, estar\u00e1 realizando su Feria Universitaria Anual, \u201cEXPO UNPHU 2024\u201d; dise\u00f1ada para dar a conocer a estudiantes y padres, las ofertas acad\u00e9micas y programas innovadores que ofrece la instituci\u00f3n.<\/p>\n\n\n\n<p>La actividad universitaria se llevar\u00e1 a cabo este viernes 23 de febrero de 2024, en el campus principal de la Universidad, de 9:00 am a 8:00 pm.<\/p>\n\n\n\n<p>Durante este emocionante evento, los asistentes tendr\u00e1n la oportunidad de interactuar directamente con profesores destacados, participar en talleres interactivos, explorar las instalaciones de vanguardia y descubrir las diversas opciones de carreras y especialidades disponibles. Adem\u00e1s, habr\u00e1 presentaciones informativas sobre becas, movilidad estudiantil, actividades extracurriculares y servicios de apoyo estudiantil, todo dise\u00f1ado para empoderar a los futuros profesionales.<\/p>\n\n\n\n<p>\u201cEXPO UNPHU 2024\u201d, brindar\u00e1 una experiencia educativa enriquecedora para que los futuros profesionales puedan alcanzar sus metas acad\u00e9micas.<\/p>\n\n\n\n<p>Yajaira Soriano Victoriano<\/p>\n\n\n\n<p><a target=\"_blank\" href=\"mailto:ysoriano@unphu.edu.do\" rel=\"noreferrer noopener\">ysoriano@unphu.edu.do<\/a><\/p>\n","protected":false},"excerpt":{"rendered":"<p>Estudiantes. Diariodominicano.com La Universidad Nacional Pedro Henr\u00edquez Ure\u00f1a, estar\u00e1 realizando su Feria Universitaria Anual, \u201cEXPO UNPHU 2024\u201d; dise\u00f1ada para dar a conocer a estudiantes y padres, las ofertas acad\u00e9micas y programas innovadores que ofrece la instituci\u00f3n. La actividad universitaria se llevar\u00e1 a cabo este viernes 23 de febrero de 2024, en el campus principal de [&hellip;]<\/p>\n","protected":false},"author":28,"featured_media":509910,"comment_status":"closed","ping_status":"","sticky":true,"template":"","format":"standard","meta":{"footnotes":""},"categories":[36,20,27],"tags":[],"class_list":["post-509909","post","type-post","status-publish","format-standard","has-post-thumbnail","hentry","category-hombresmujeresycosas","category-dominicana-hoy","category-portada"],"_links":{"self":[{"href":"https:\/\/diariodominicano.com\/index.php?rest_route=\/wp\/v2\/posts\/509909","targetHints":{"allow":["GET"]}}],"collection":[{"href":"https:\/\/diariodominicano.com\/index.php?rest_route=\/wp\/v2\/posts"}],"about":[{"href":"https:\/\/diariodominicano.com\/index.php?rest_route=\/wp\/v2\/types\/post"}],"author":[{"embeddable":true,"href":"https:\/\/diariodominicano.com\/index.php?rest_route=\/wp\/v2\/users\/28"}],"replies":[{"embeddable":true,"href":"https:\/\/diariodominicano.com\/index.php?rest_route=%2Fwp%2Fv2%2Fcomments&post=509909"}],"version-history":[{"count":3,"href":"https:\/\/diariodominicano.com\/index.php?rest_route=\/wp\/v2\/posts\/509909\/revisions"}],"predecessor-version":[{"id":509913,"href":"https:\/\/diariodominicano.com\/index.php?rest_route=\/wp\/v2\/posts\/509909\/revisions\/509913"}],"wp:featuredmedia":[{"embeddable":true,"href":"https:\/\/diariodominicano.com\/index.php?rest_route=\/wp\/v2\/media\/509910"}],"wp:attachment":[{"href":"https:\/\/diariodominicano.com\/index.php?rest_route=%2Fwp%2Fv2%2Fmedia&parent=509909"}],"wp:term":[{"taxonomy":"category","embeddable":true,"href":"https:\/\/diariodominicano.com\/index.php?rest_route=%2Fwp%2Fv2%2Fcategories&post=509909"},{"taxonomy":"post_tag","embeddable":true,"href":"https:\/\/diariodominicano.com\/index.php?rest_route=%2Fwp%2Fv2%2Ftags&post=509909"}],"curies":[{"name":"wp","href":"https:\/\/api.w.org\/{rel}","templated":true}]}}