{"id":509873,"date":"2024-02-21T12:31:53","date_gmt":"2024-02-21T16:31:53","guid":{"rendered":"https:\/\/diariodominicano.com\/?p=509873"},"modified":"2024-02-21T12:31:53","modified_gmt":"2024-02-21T16:31:53","slug":"presidente-abinader-recibe-delegacion-de-empresa-japonesa-yazaki-invertira-90-millones-de-dolares-en-planta-de-fabricacion-de-piezas-para-automoviles-en-el-pais","status":"publish","type":"post","link":"https:\/\/diariodominicano.com\/?p=509873","title":{"rendered":"Presidente Abinader recibe delegaci\u00f3n de empresa japonesa Yazaki; invertir\u00e1 90 millones de d\u00f3lares en planta de fabricaci\u00f3n de piezas para autom\u00f3viles en el pa\u00eds"},"content":{"rendered":"\n<p>diariodominicano.com<\/p>\n\n\n\n<p>Santo Domingo, R. D.,\u200221 de febrero, 2024.-\u00a0<strong>El presidente Luis Abinader<\/strong>\u00a0recibi\u00f3 a una delegaci\u00f3n de la empresa japonesa\u00a0<strong>Yazaki Corporation<\/strong>, en una reuni\u00f3n donde se convers\u00f3 sobre la\u00a0<strong>inversi\u00f3n de 90 millones de d\u00f3lares<\/strong>\u00a0que realizar\u00e1 la empresa para construir una nueva planta de producci\u00f3n en\u00a0<strong>Santiago de los Caballeros<\/strong>, la cual emplear\u00e1 a\u00a0<strong>m\u00e1s de 1,500 personas\u00a0<\/strong>en una fase inicial.<\/p>\n\n\n\n<p>Esta visita protocolar fue canalizada a trav\u00e9s del ministro de Industria, Comercio y Mipymes<strong>, V\u00edctor Bison\u00f3<\/strong>. La delegaci\u00f3n japonesa la encabeza el presidente y CEO de Yazaki para Norteam\u00e9rica,&nbsp;<strong>Kenichi Fujisawa<\/strong>, acompa\u00f1ado de&nbsp;<strong>Itaru Motobayashi<\/strong>, vicepresidente ejecutivo;&nbsp;<strong>Manish Mehta<\/strong>, vicepresidente de Planificaci\u00f3n Corporativa y Asuntos Gubernamentales;&nbsp;<strong>Joe Carrera y Tony S\u00e1nchez<\/strong>, asesores especiales de la empresa, junto con el embajador de Jap\u00f3n en la Rep\u00fablica Dominicana,&nbsp;<strong>Takagi Masahiro<\/strong>.<\/p>\n\n\n\n<p>Yazaki es&nbsp;<strong>una de las principales empresas automotrices<\/strong>&nbsp;de todo el mundo, con cerca de 100 a\u00f1os de experiencia, dedicada a la fabricaci\u00f3n de arneses y otras piezas de autom\u00f3viles para las principales marcas comercializadas en Estados Unidos y a nivel mundial. La empresa japonesa se instalar\u00e1 en el pa\u00eds bajo el&nbsp;<strong>r\u00e9gimen de zonas francas<\/strong>&nbsp;y se dedicar\u00e1 a la fabricaci\u00f3n de ramales el\u00e9ctricos y otras piezas.<\/p>\n\n\n<div class=\"wp-block-image\">\n<figure class=\"alignright is-resized\"><img decoding=\"async\" src=\"https:\/\/presidencia.gob.do\/sites\/default\/files\/inline-images\/8C8A6229.JPG\" alt=\"\" style=\"width:331px;height:auto\"\/><\/figure>\n<\/div>\n\n\n<p>Estar\u00e1 ubicada en su fase inicial, en la&nbsp;<strong>zona franca de Pisano<\/strong>, en Santiago de los Caballeros, en un espacio de 12,000metros cuadrados, con posibilidades de expandirse a 100,000 metros cuadrados. Generar\u00e1 unos 1,500 empleos, entre operadores y personal administrativo.<\/p>\n\n\n\n<p>El Sr. Fujisawa declar\u00f3 que Yazaki produce estos componentes para muchos de los fabricantes de autom\u00f3viles en los&nbsp;<strong>Estados Unidos<\/strong>, a donde se exportar\u00e1n estos productos espec\u00edficos. Adem\u00e1s mostr\u00f3 su&nbsp;<strong>agradecimiento<\/strong>&nbsp;al gobierno dominicano por el apoyo recibido.<\/p>\n\n\n\n<p>En su rol de ministro de Industria, Comercio y Mipymes, Bison\u00f3 expres\u00f3 su satisfacci\u00f3n por la decisi\u00f3n de la empresa de invertir en la Rep\u00fablica Dominicana y traer un estimado de 1,500 empleos directos al pa\u00eds, lo que demuestra la&nbsp;<strong>confianza del sector privado en el r\u00e9gimen de zonas francas del pa\u00eds.<\/strong><\/p>\n\n\n\n<p>El presidente Abinader concluy\u00f3 la reuni\u00f3n manifestando\u00a0<strong>su respaldo<\/strong>\u00a0para hacer de la inversi\u00f3n de Yazaki una\u00a0<strong>historia de \u00e9xito<\/strong>. Agreg\u00f3 que esta inversi\u00f3n demuestra la confianza que tienen los\u00a0<strong>inversionistas extranjeros<\/strong>\u00a0en la Rep\u00fablica Dominicana.<\/p>\n\n\n\n<p>Fuente: Direcci\u00f3n de Estrategia y Comunicaci\u00f3n<\/p>\n\n\n\n<p>Ministerio Administrativo de la Presidencia de la Rep\u00fablica Dominicana<\/p>\n","protected":false},"excerpt":{"rendered":"<p>diariodominicano.com Santo Domingo, R. D.,\u200221 de febrero, 2024.-\u00a0El presidente Luis Abinader\u00a0recibi\u00f3 a una delegaci\u00f3n de la empresa japonesa\u00a0Yazaki Corporation, en una reuni\u00f3n donde se convers\u00f3 sobre la\u00a0inversi\u00f3n de 90 millones de d\u00f3lares\u00a0que realizar\u00e1 la empresa para construir una nueva planta de producci\u00f3n en\u00a0Santiago de los Caballeros, la cual emplear\u00e1 a\u00a0m\u00e1s de 1,500 personas\u00a0en una fase [&hellip;]<\/p>\n","protected":false},"author":5,"featured_media":509874,"comment_status":"closed","ping_status":"","sticky":true,"template":"","format":"standard","meta":{"footnotes":""},"categories":[20,27],"tags":[],"class_list":["post-509873","post","type-post","status-publish","format-standard","has-post-thumbnail","hentry","category-dominicana-hoy","category-portada"],"_links":{"self":[{"href":"https:\/\/diariodominicano.com\/index.php?rest_route=\/wp\/v2\/posts\/509873","targetHints":{"allow":["GET"]}}],"collection":[{"href":"https:\/\/diariodominicano.com\/index.php?rest_route=\/wp\/v2\/posts"}],"about":[{"href":"https:\/\/diariodominicano.com\/index.php?rest_route=\/wp\/v2\/types\/post"}],"author":[{"embeddable":true,"href":"https:\/\/diariodominicano.com\/index.php?rest_route=\/wp\/v2\/users\/5"}],"replies":[{"embeddable":true,"href":"https:\/\/diariodominicano.com\/index.php?rest_route=%2Fwp%2Fv2%2Fcomments&post=509873"}],"version-history":[{"count":1,"href":"https:\/\/diariodominicano.com\/index.php?rest_route=\/wp\/v2\/posts\/509873\/revisions"}],"predecessor-version":[{"id":509875,"href":"https:\/\/diariodominicano.com\/index.php?rest_route=\/wp\/v2\/posts\/509873\/revisions\/509875"}],"wp:featuredmedia":[{"embeddable":true,"href":"https:\/\/diariodominicano.com\/index.php?rest_route=\/wp\/v2\/media\/509874"}],"wp:attachment":[{"href":"https:\/\/diariodominicano.com\/index.php?rest_route=%2Fwp%2Fv2%2Fmedia&parent=509873"}],"wp:term":[{"taxonomy":"category","embeddable":true,"href":"https:\/\/diariodominicano.com\/index.php?rest_route=%2Fwp%2Fv2%2Fcategories&post=509873"},{"taxonomy":"post_tag","embeddable":true,"href":"https:\/\/diariodominicano.com\/index.php?rest_route=%2Fwp%2Fv2%2Ftags&post=509873"}],"curies":[{"name":"wp","href":"https:\/\/api.w.org\/{rel}","templated":true}]}}