{"id":509870,"date":"2024-02-21T12:21:04","date_gmt":"2024-02-21T16:21:04","guid":{"rendered":"https:\/\/diariodominicano.com\/?p=509870"},"modified":"2024-02-21T12:21:04","modified_gmt":"2024-02-21T16:21:04","slug":"copardom-empresas-sostenibles-generan-trabajo-decente-e-inclusion","status":"publish","type":"post","link":"https:\/\/diariodominicano.com\/?p=509870","title":{"rendered":"Copardom: empresas sostenibles generan trabajo decente e inclusi\u00f3n"},"content":{"rendered":"\n<p>diariodominicano.com<\/p>\n\n\n\n<p><em><strong>La presidenta del gremio empresarial Laura Pe\u00f1a Izquierdo destaca que en la mayor\u00eda de los pa\u00edses son las empresas privadas las que crean el mayor n\u00famero de empleos, y es el sector privado el que m\u00e1s contribuye con el crecimiento y la reducci\u00f3n de la pobreza.<\/strong><\/em><\/p>\n\n\n\n<p><strong>Santo Domingo, R. D.,<\/strong>\u2002<strong>21 de febrero, 2024.-<\/strong>\u00a0La presidenta de la Confederaci\u00f3n Patronal de la Rep\u00fablica Dominicana (Copardom), Laura Pe\u00f1a Izquierdo, consider\u00f3 como una herramienta valiosa para el desarrollo econ\u00f3mico y social promover pol\u00edticas que generen empresas sostenibles y trabajo decente en el ambiente laboral, porque permitir\u00e1 que los individuos tengan acceso a condiciones justas, salarios dignos, seguridad en el empleo y las empresas oportunidades de crecimiento que impacte el entorno.<\/p>\n\n\n\n<p>\u201cSe deben de crear las condiciones para los que carecen de las oportunidades y garant\u00edas que ofrece el mercado formal y puedan insertarse en este de manera efectiva y sostenible\u201d, destac\u00f3 la dirigente empresarial al intervenir en la apertura de la \u201cSesi\u00f3n tripartita del Programa de Trabajo Decente de Rep\u00fablica Dominicana 2024-2027\u201d, auspiciada por la Organizaci\u00f3n Internacional del Trabajo (OIT), en un hotel de Santo Domingo.<\/p>\n\n\n\n<p>Dijo que la Copardom est\u00e1 comprometida con la Agenda 2030 de Desarrollo Sostenible, y de manera muy particular con su objetivo n\u00famero 8 que insta a promover un crecimiento econ\u00f3mico sostenido, inclusivo y sostenible, el pleno empleo productivo y el trabajo decente.<\/p>\n\n\n\n<p>Pe\u00f1a Izquierdo valor\u00f3 como muy positivo el programa de \u201ctrabajo decente\u201d que promueven con la OIT junto a empleadores, trabajadores y el Ministerio de Trabajo, del cual expres\u00f3 impactar\u00e1 positivamente a los trabajadores, empleadores y contribuir\u00e1 con el crecimiento econ\u00f3mico sostenible y crear\u00e1 un entorno que fomente el di\u00e1logo, el respeto y la igualdad de oportunidades.<\/p>\n\n\n\n<p>En ese sentido, la presidenta de la Copardom, se\u00f1al\u00f3 que en la mayor\u00eda de los pa\u00edses son las empresas privadas las que crean el mayor n\u00famero de empleos, y es el sector privado el que m\u00e1s contribuye directamente con el crecimiento, el bienestar, as\u00ed como la reducci\u00f3n de la pobreza y desigualdades.<\/p>\n\n\n\n<p>Adem\u00e1s de Pe\u00f1a Izquierdo, en la apertura de la sesi\u00f3n tripartita hablaron Luis Miguel de Camps, ministro de Trabajo; Juan Hunt, director de la OIT; y Eulogia Familia, representante del sector sindical de los trabajadores.<\/p>\n\n\n\n<p><strong>Sobre el programa \u201cTrabajo Decente\u201d<\/strong><\/p>\n\n\n\n<p>Es auspiciado por la oficina de la OIT para Am\u00e9rica Central, Hait\u00ed, Panam\u00e1 y Rep\u00fablica Dominicana, con sede en San Jos\u00e9, Costa Rica, trabaja con 24 constituyentes en 8 pa\u00edses, con retos importantes en materia pol\u00edtica, econ\u00f3mica, laboral, social y ambiental.<\/p>\n\n\n\n<p>Desde el 2007 a la fecha, se firmaron de forma tripartita 13 programas de \u201cTrabajo Decente\u201d por Pa\u00eds (PTDP) y memorandos de entendimiento, con resultados consensuados en torno a sus 4 pilares que son el de promover el empleo y las empresas, garantizar los derechos en el trabajo, extender la protecci\u00f3n social y fomentar el di\u00e1logo social, con la igualdad de g\u00e9nero como tema transversal.<\/p>\n\n\n\n<p>Los Programas de Trabajo Decente por Pa\u00eds (PTDP) son el instrumento de programaci\u00f3n de la OIT que identifica las prioridades de los constituyentes basados en los objetivos nacionales de desarrollo y en los objetivos estrat\u00e9gicos y resultados esperados de la labor de la organizaci\u00f3n, establecidos en el presupuesto de la OIT para el bienio 2024-2025, aprobado por la Conferencia Internacional del Trabajo.<\/p>\n\n\n\n<p>Enver L\u00f3pez Milander\u00a0<\/p>\n","protected":false},"excerpt":{"rendered":"<p>diariodominicano.com La presidenta del gremio empresarial Laura Pe\u00f1a Izquierdo destaca que en la mayor\u00eda de los pa\u00edses son las empresas privadas las que crean el mayor n\u00famero de empleos, y es el sector privado el que m\u00e1s contribuye con el crecimiento y la reducci\u00f3n de la pobreza. Santo Domingo, R. D.,\u200221 de febrero, 2024.-\u00a0La presidenta [&hellip;]<\/p>\n","protected":false},"author":5,"featured_media":509871,"comment_status":"closed","ping_status":"","sticky":true,"template":"","format":"standard","meta":{"footnotes":""},"categories":[20,27],"tags":[],"class_list":["post-509870","post","type-post","status-publish","format-standard","has-post-thumbnail","hentry","category-dominicana-hoy","category-portada"],"_links":{"self":[{"href":"https:\/\/diariodominicano.com\/index.php?rest_route=\/wp\/v2\/posts\/509870","targetHints":{"allow":["GET"]}}],"collection":[{"href":"https:\/\/diariodominicano.com\/index.php?rest_route=\/wp\/v2\/posts"}],"about":[{"href":"https:\/\/diariodominicano.com\/index.php?rest_route=\/wp\/v2\/types\/post"}],"author":[{"embeddable":true,"href":"https:\/\/diariodominicano.com\/index.php?rest_route=\/wp\/v2\/users\/5"}],"replies":[{"embeddable":true,"href":"https:\/\/diariodominicano.com\/index.php?rest_route=%2Fwp%2Fv2%2Fcomments&post=509870"}],"version-history":[{"count":1,"href":"https:\/\/diariodominicano.com\/index.php?rest_route=\/wp\/v2\/posts\/509870\/revisions"}],"predecessor-version":[{"id":509872,"href":"https:\/\/diariodominicano.com\/index.php?rest_route=\/wp\/v2\/posts\/509870\/revisions\/509872"}],"wp:featuredmedia":[{"embeddable":true,"href":"https:\/\/diariodominicano.com\/index.php?rest_route=\/wp\/v2\/media\/509871"}],"wp:attachment":[{"href":"https:\/\/diariodominicano.com\/index.php?rest_route=%2Fwp%2Fv2%2Fmedia&parent=509870"}],"wp:term":[{"taxonomy":"category","embeddable":true,"href":"https:\/\/diariodominicano.com\/index.php?rest_route=%2Fwp%2Fv2%2Fcategories&post=509870"},{"taxonomy":"post_tag","embeddable":true,"href":"https:\/\/diariodominicano.com\/index.php?rest_route=%2Fwp%2Fv2%2Ftags&post=509870"}],"curies":[{"name":"wp","href":"https:\/\/api.w.org\/{rel}","templated":true}]}}