{"id":509861,"date":"2024-02-21T11:47:39","date_gmt":"2024-02-21T15:47:39","guid":{"rendered":"https:\/\/diariodominicano.com\/?p=509861"},"modified":"2024-02-21T11:47:39","modified_gmt":"2024-02-21T15:47:39","slug":"ninguna-banda-se-atribuye-atentado-a-obispo-pierre-andre-dumas-de-haiti","status":"publish","type":"post","link":"https:\/\/diariodominicano.com\/?p=509861","title":{"rendered":"Ninguna banda se atribuye atentado a Obispo, Pierre Andr\u00e9 Dumas de Hait\u00ed"},"content":{"rendered":"\n<p>diariodominicano.com<\/p>\n\n\n\n<p>Puerto Pr\u00edncipe, 21 feb (Prensa Latina) La Polic\u00eda Nacional de Hait\u00ed sigue hoy sin dar con el paradero de los autores de un atentado con explosivos contra el vicepresidente de la Conferencia de Obispos, Pierre Andr\u00e9 Dumas.<\/p>\n\n\n\n<p>Ninguna banda se atribuy\u00f3 el acto violento dirigido al prelado de Anse-\u00e0-Veau Mirago\u00e2ne, quien estaba alojado el domingo en una casa en esta capital.<\/p>\n\n\n\n<p>Dumas \u2013herido de gravedad, pero estable \u2013 es un cr\u00edtico sin medida contra las bandas criminales que operan en Hait\u00ed, en especial, contra el delito del secuestro calific\u00e1ndolo de pr\u00e1ctica inhumana y despreciable.<\/p>\n\n\n\n<p>En enero se ofreci\u00f3 como reh\u00e9n a cambio de las seis monjas de la Congregaci\u00f3n Hermanas de Santa Ana, que fueron plagiadas en Puerto Pr\u00edncipe, y que hasta el Papa Francisco tuvo que suplicar por su liberaci\u00f3n.<\/p>\n\n\n\n<p>Dumas tambi\u00e9n es bien severo con la clase pol\u00edtica de Hait\u00ed, y llama constantemente a dejar atr\u00e1s el individualismo para superar la crisis econ\u00f3mica, pol\u00edtica y social que agobia al pa\u00eds caribe\u00f1o.<\/p>\n\n\n\n<p>Recientemente expres\u00f3, es necesaria una transici\u00f3n pac\u00edfica del poder, la sociedad est\u00e1 paralizada por el miedo y esto es un s\u00edmbolo del fracaso.<\/p>\n\n\n\n<p>\u00abEn nombre de Dios, pedimos a las autoridades que pongan fin al sufrimiento del pueblo haitiano\u00bb.<\/p>\n\n\n\n<p>mem\/joe<\/p>\n","protected":false},"excerpt":{"rendered":"<p>diariodominicano.com Puerto Pr\u00edncipe, 21 feb (Prensa Latina) La Polic\u00eda Nacional de Hait\u00ed sigue hoy sin dar con el paradero de los autores de un atentado con explosivos contra el vicepresidente de la Conferencia de Obispos, Pierre Andr\u00e9 Dumas. Ninguna banda se atribuy\u00f3 el acto violento dirigido al prelado de Anse-\u00e0-Veau Mirago\u00e2ne, quien estaba alojado el [&hellip;]<\/p>\n","protected":false},"author":5,"featured_media":509862,"comment_status":"closed","ping_status":"","sticky":true,"template":"","format":"standard","meta":{"footnotes":""},"categories":[112,23,27],"tags":[],"class_list":["post-509861","post","type-post","status-publish","format-standard","has-post-thumbnail","hentry","category-haiti","category-internacional","category-portada"],"_links":{"self":[{"href":"https:\/\/diariodominicano.com\/index.php?rest_route=\/wp\/v2\/posts\/509861","targetHints":{"allow":["GET"]}}],"collection":[{"href":"https:\/\/diariodominicano.com\/index.php?rest_route=\/wp\/v2\/posts"}],"about":[{"href":"https:\/\/diariodominicano.com\/index.php?rest_route=\/wp\/v2\/types\/post"}],"author":[{"embeddable":true,"href":"https:\/\/diariodominicano.com\/index.php?rest_route=\/wp\/v2\/users\/5"}],"replies":[{"embeddable":true,"href":"https:\/\/diariodominicano.com\/index.php?rest_route=%2Fwp%2Fv2%2Fcomments&post=509861"}],"version-history":[{"count":1,"href":"https:\/\/diariodominicano.com\/index.php?rest_route=\/wp\/v2\/posts\/509861\/revisions"}],"predecessor-version":[{"id":509863,"href":"https:\/\/diariodominicano.com\/index.php?rest_route=\/wp\/v2\/posts\/509861\/revisions\/509863"}],"wp:featuredmedia":[{"embeddable":true,"href":"https:\/\/diariodominicano.com\/index.php?rest_route=\/wp\/v2\/media\/509862"}],"wp:attachment":[{"href":"https:\/\/diariodominicano.com\/index.php?rest_route=%2Fwp%2Fv2%2Fmedia&parent=509861"}],"wp:term":[{"taxonomy":"category","embeddable":true,"href":"https:\/\/diariodominicano.com\/index.php?rest_route=%2Fwp%2Fv2%2Fcategories&post=509861"},{"taxonomy":"post_tag","embeddable":true,"href":"https:\/\/diariodominicano.com\/index.php?rest_route=%2Fwp%2Fv2%2Ftags&post=509861"}],"curies":[{"name":"wp","href":"https:\/\/api.w.org\/{rel}","templated":true}]}}