{"id":50984,"date":"2020-08-06T11:17:48","date_gmt":"2020-08-06T11:17:48","guid":{"rendered":"http:\/\/diariodominicano.ddns.net\/?p=50984"},"modified":"2020-08-06T11:17:48","modified_gmt":"2020-08-06T11:17:48","slug":"el-milagro-de-hiroshima-jesuitas-sobrevivieron-a-la-bomba-atomica-gracias-al-rosario-2","status":"publish","type":"post","link":"https:\/\/diariodominicano.com\/?p=50984","title":{"rendered":"El Milagro de Hiroshima: Jesuitas sobrevivieron a la bomba at\u00f3mica gracias al Rosario"},"content":{"rendered":"<p><body><\/p>\n<p><img decoding=\"async\" src=\"img3\/hiroshimaruinas6-8-20.jpg\" \/><br \/><img decoding=\"async\" src=\"img3\/sacerdote6-8-20.jpg\" \/><br \/><img decoding=\"async\" src=\"img3\/Sacerdotesjesuistas6-8-20.jpg\" \/>  <\/p>\n<p>diariodominicano.com<\/p>\n<\/p>\n<p>POR \u00c1LVARO DE JUANA | ACI Prensa<\/p>\n<\/p>\n<p>Vaticano,  6 de agosto de 2020.- Frente al 75 aniversario de los ataques at\u00f3micos a las ciudades japonesas de Hiroshima y Nagasaki, la Iglesia recuerda un episodio documentado por historiadores y m\u00e9dicos que es conocido como el Milagro de Hiroshima.<\/p>\n<\/p>\n<p>El 6 de agosto de 1945, fiesta de la Transfiguraci\u00f3n, cuatro sacerdotes jesuitas alemanes sobrevivieron al impacto de la bomba nuclear \u00abLittle Boy\u00bb en Hiroshima durante la Segunda Guerra Mundial.<\/p>\n<\/p>\n<p>Los jesuitas Hugo Lassalle, superior en Jap\u00f3n, Hubert Schiffer, Wilhelm Kleinsorge y Hubert Cieslik, se encontraban en la casa parroquial de la iglesia de Nuestra Se\u00f1ora de la Asunci\u00f3n, uno de los pocos edificios que resisti\u00f3 a la bomba. En el momento de la explosi\u00f3n, uno de ellos se encontraba celebrando la Eucarist\u00eda, otro desayunaba y el resto en las dependencias de la parroquia.<\/p>\n<\/p>\n<p>Seg\u00fan escribi\u00f3 el propio P. Hubert Cieslik en su diario, \u00fanicamente sufrieron da\u00f1os menores producto de cristales rotos, pero ninguno a consecuencia de la energ\u00eda at\u00f3mica liberada por la bomba. <\/p>\n<\/p>\n<p>Los m\u00e9dicos que los atendieron tiempo despu\u00e9s les advirtieron que la radiaci\u00f3n recibida les producir\u00eda lesiones graves, as\u00ed como enfermedades e incluso una muerte prematura.<\/p>\n<\/p>\n<p>El pron\u00f3stico nunca se cumpli\u00f3. No desarrollaron ning\u00fan trastorno y en 1976, 31 a\u00f1os despu\u00e9s del lanzamiento de la bomba, el P. Schiffer acudi\u00f3 al Congreso Eucar\u00edstico de Filadelfia (Estados Unidos) y relat\u00f3 su historia, donde confirm\u00f3 que los cuatro jesuitas estaban a\u00fan vivos y sin ninguna dolencia.<\/p>\n<\/p>\n<p>Fueron examinados por decenas de doctores unas 200 veces a lo largo de los a\u00f1os posteriores y no se hall\u00f3 en sus cuerpos rastro alguno de la radiaci\u00f3n.<\/p>\n<\/p>\n<p>Los cuatro religiosos nunca dudaron de que hab\u00edan gozado de la protecci\u00f3n divina y de intercesi\u00f3n de la Virgen: \u00abViv\u00edamos el mensaje de F\u00e1tima y rez\u00e1bamos juntos el Rosario todos los d\u00edas\u00bb, explicaron.<\/p>\n<\/p>\n<p>Adem\u00e1s, el P. Schiffer escribi\u00f3 el libro \u00abEl Rosario de Hiroshima\u00bb donde narra todo lo que vivi\u00f3.<\/p>\n<\/p>\n<p>Hace unos a\u00f1os, al celebrarse un aniversario m\u00e1s de la bomba de Hiroshima, el Obispo de Niigata, Mons. Tarcisius Isao Kikuchi, difundi\u00f3 un mensaje en el que subray\u00f3 que Jap\u00f3n puede contribuir a la paz \u00abno con nuevas armas, sino con sus actividades de nobleza y amplia historia en el crecimiento mundial, de modo particular en las consideradas naciones en v\u00eda de desarrollo\u00bb.<\/p>\n<\/p>\n<p>El Prelado a\u00f1adi\u00f3 que \u00abcon esta contribuci\u00f3n al desarrollo, que lleva al pleno respeto y a la realizaci\u00f3n de la dignidad humana, ser\u00eda muy apreciado y respetado por la comunidad internacional\u00bb. Cada a\u00f1o, del 5 al 15 de agosto, el pa\u00eds celebra una Oraci\u00f3n por la Paz.<\/p>\n<\/p>\n<p>En Hiroshima y Nagasaki murieron unas 246 mil personas, la mitad en el momento del impacto de las bombas y el resto en las semanas posteriores por los efectos de la radiaci\u00f3n.<\/p>\n<\/p>\n<p>La bomba de Hiroshima fue arrojada el dia de la Solemnidad de la Transfiguraci\u00f3n del Se\u00f1or y la rendici\u00f3n de Jap\u00f3n ocurri\u00f3 el 15 de agosto, cuando la Iglesia celebra la Solemnidad de la Asunci\u00f3n de la Virgen Mar\u00eda.<\/p>\n<h6> 2020-08-06 11:17:48 <\/h6>\n<p><!--\n<link rel=\"stylesheet\" href=\"css\/bootstrap.min.css\">\n\n\n<ul class=\"pagination\">\n\t    \n\t\n\n<li >\n\t<a href='?page_no=346'>Previous<\/a>\n\t<\/li>\n\n\n       \n    \n\n<li><a href='?page_no=1'>1<\/a><\/li>\n\n\n\n<li><a href='?page_no=2'>2<\/a><\/li>\n\n\n\n<li><a>...<\/a><\/li>\n\n\n\n<li><a href='?page_no=345'>345<\/a><\/li>\n\n\n\n<li><a href='?page_no=346'>346<\/a><\/li>\n\n\n\n<li class='active'><a>347<\/a><\/li>\n\n\n\n<li><a href='?page_no=348'>348<\/a><\/li>\n\n\n\n<li><a href='?page_no=349'>349<\/a><\/li>\n\n\n\n<li><a>...<\/a><\/li>\n\n\n\n<li><a href='?page_no=22911'>22911<\/a><\/li>\n\n\n\n<li><a href='?page_no=22912'>22912<\/a><\/li>\n\n    \n\t\n\n<li >\n\t<a href='?page_no=348'>Next<\/a>\n\t<\/li>\n\n\n    \n\n<li><a href='?page_no=22912'>Last &rsaquo;&rsaquo;<\/a><\/li>\n\n<\/ul>\n\n\n--><br \/>\n<\/body><\/p>\n","protected":false},"excerpt":{"rendered":"<p>diariodominicano.com POR \u00c1LVARO DE JUANA | ACI Prensa Vaticano, 6 de agosto de 2020.- Frente al 75 aniversario de los ataques at\u00f3micos a las ciudades japonesas de Hiroshima y Nagasaki, la Iglesia recuerda un episodio documentado por historiadores y m\u00e9dicos que es conocido como el Milagro de Hiroshima. El 6 de agosto de 1945, fiesta [&hellip;]<\/p>\n","protected":false},"author":3,"featured_media":0,"comment_status":"open","ping_status":"open","sticky":false,"template":"","format":"standard","meta":{"footnotes":""},"categories":[21],"tags":[],"class_list":["post-50984","post","type-post","status-publish","format-standard","hentry","category-cultura"],"_links":{"self":[{"href":"https:\/\/diariodominicano.com\/index.php?rest_route=\/wp\/v2\/posts\/50984","targetHints":{"allow":["GET"]}}],"collection":[{"href":"https:\/\/diariodominicano.com\/index.php?rest_route=\/wp\/v2\/posts"}],"about":[{"href":"https:\/\/diariodominicano.com\/index.php?rest_route=\/wp\/v2\/types\/post"}],"author":[{"embeddable":true,"href":"https:\/\/diariodominicano.com\/index.php?rest_route=\/wp\/v2\/users\/3"}],"replies":[{"embeddable":true,"href":"https:\/\/diariodominicano.com\/index.php?rest_route=%2Fwp%2Fv2%2Fcomments&post=50984"}],"version-history":[{"count":0,"href":"https:\/\/diariodominicano.com\/index.php?rest_route=\/wp\/v2\/posts\/50984\/revisions"}],"wp:attachment":[{"href":"https:\/\/diariodominicano.com\/index.php?rest_route=%2Fwp%2Fv2%2Fmedia&parent=50984"}],"wp:term":[{"taxonomy":"category","embeddable":true,"href":"https:\/\/diariodominicano.com\/index.php?rest_route=%2Fwp%2Fv2%2Fcategories&post=50984"},{"taxonomy":"post_tag","embeddable":true,"href":"https:\/\/diariodominicano.com\/index.php?rest_route=%2Fwp%2Fv2%2Ftags&post=50984"}],"curies":[{"name":"wp","href":"https:\/\/api.w.org\/{rel}","templated":true}]}}