{"id":509733,"date":"2024-02-20T21:45:31","date_gmt":"2024-02-21T01:45:31","guid":{"rendered":"https:\/\/diariodominicano.com\/?p=509733"},"modified":"2024-02-21T00:34:22","modified_gmt":"2024-02-21T04:34:22","slug":"companias-teatrales-de-argentina-cuba-espana-y-republica-checa-seleccionadas-para-la-sexta-feria-internacional-de-titeres-y-objetos-fito-rd-2024","status":"publish","type":"post","link":"https:\/\/diariodominicano.com\/?p=509733","title":{"rendered":"Compa\u00f1\u00edas teatrales de Argentina, Cuba, Espa\u00f1a y Rep\u00fablica Checa seleccionadas para la sexta Feria Internacional de T\u00edteres y Objetos (FITO RD-2024)"},"content":{"rendered":"\n<p>Obra Cami y el Drag\u00f3n, de Argentina <\/p>\n\n\n\n<p><em>Esta feria que se llevar\u00e1 a cabo del lunes 5 al s\u00e1bado 17 de marzo, tendr\u00e1 funciones&nbsp;simult\u00e1neas en la sala La Dram\u00e1tica del Palacio de Bellas Artes, Teatro Guloya,&nbsp;CHAO Teatro&nbsp;y NOVA Teatro.<\/em><\/p>\n\n\n\n<p><strong>Santo Domingo, febrero 2024.<\/strong>&nbsp;Despu\u00e9s de una ardua tarea de evaluaci\u00f3n de las 87 agrupaciones pertenecientes a 24 pa\u00edses que formalizaron su solicitud para participar en la sexta edici\u00f3n de la Feria Internacional de T\u00edteres y Objetos (FITO-RD 2024), el equipo de curadur\u00eda inform\u00f3 que fueron escogidas las agrupaciones de Argentina, Cuba, Espa\u00f1a, Rep\u00fablica Checa y de Rep\u00fablica Dominicana, como pa\u00eds anfitri\u00f3n.<\/p>\n\n\n\n<p>Esta feria de t\u00edteres y objetos que se llevar\u00e1 a cabo del lunes 5 al s\u00e1bado 17 de marzo, tendr\u00e1&nbsp;&nbsp;funciones simult\u00e1neas en prestigiosas salas teatrales p\u00fabicas e independientes como la sala La Dram\u00e1tica del Palacio de Bellas Artes, CHAO Teatro, Teatro Guloya y NOVA Teatro.<\/p>\n\n\n\n<p>El&nbsp;destacado&nbsp;actor,&nbsp;director y productor&nbsp;Basilio Nova dijo que la convocatoria presentada en diciembre de 2023 cerr\u00f3 el s\u00e1bado 13 de enero, y conforme a las bases, los representantes de las agrupaciones escogidas fueron informados el 23 de enero<\/p>\n\n\n\n<p>Las compa\u00f1\u00edas que se alegraron al recibir la noticia son: Teatro Piedra Libre + Chichina de Argentina, con su espect\u00e1culo&nbsp;<strong>Cami y el Drag\u00f3n;&nbsp;<\/strong>de Espa\u00f1a vendr\u00e1n las compa\u00f1\u00edas \u00d1as Teatro con&nbsp;<strong>El Faro de los Colores y Luz<\/strong>, y Micro y Punto con&nbsp;<strong>Celeste;&nbsp;<\/strong>desde Cuba llegar\u00e1 Teatro Retablos conla obra<strong>&nbsp;El Ruise\u00f1or<\/strong>; desde la Rep\u00fablica Checa The Old Actress Theatr con&nbsp;<strong>Mowgli.<\/strong>&nbsp;Teatro C\u00facara-M\u00e1cara en representaci\u00f3n de Rep\u00fablica Dominicana pondr\u00e1n en escena su nuevo espect\u00e1culo<strong>&nbsp;Cantares de Cigarra.<\/strong><\/p>\n\n\n\n<p>Nova precis\u00f3 que la Feria Internacional de T\u00edteres y Objetos (FITO-RD) es una de las principales actividades que realiza la Fundaci\u00f3n Teatro C\u00facara-M\u00e1cara, y que la selecci\u00f3n de los espect\u00e1culos garantiza una experiencia rica y diversa tanto para el p\u00fablico escolar y familiar que disfruta la creatividad y el talento de artistas de diferentes lugares del mundo.<\/p>\n\n\n\n<p>Expres\u00f3 que la FITO-RD se consolida como un espacio para la celebraci\u00f3n del arte y la cultura, fomentando el intercambio entre las agrupaciones teatrales de los diversos pa\u00edses que estar\u00e1n participando.<\/p>\n\n\n\n<p>\u201cLa FITO-RD est\u00e1 concebida como un concepto moderno de teatro que integra los objetos puros, los de uso cotidiano los transforma en objetos encontrados que generan un nuevo lenguaje que transporta al p\u00fablico a un universo desconocido y apasionante. Al liberar a los objetos de la condici\u00f3n pasiva que la realidad les confiere e incorporarlos a la escena de manera animada; \u00e9sta les conecta a las nuevas tendencias mundiales del teatro para la infancia y la juventud\u201d, indic\u00f3 Nova.<\/p>\n\n\n\n<p>Con esta feria, el pa\u00eds se suma a la conmemoraci\u00f3n del D\u00eda Mundial del Teatro de T\u00edteres y del D\u00eda Mundial del Teatro para la Infancia y la Juventud, eventos que promueve la UNESCO a trav\u00e9s de la Asociaci\u00f3n Internacional del Teatro para la Infancia y la Juventud (ASSITEJ) y la Uni\u00f3n Internacional de la Marioneta (UNIMA), \u201cpor eso, desde ya invitamos a los centros educativos que cada a\u00f1o programan su visita a los teatros, a unirse a esta celebraci\u00f3n \u00fanica que promete sorprender y emocionar a grandes y peque\u00f1os por igual\u201d.<\/p>\n\n\n\n<p>Basilio Nova y Ana Jim\u00e9nez Grull\u00f3n, productores de esta sexta edici\u00f3n de la Feria Internacional de T\u00edteres y Objetos aseguraron que est\u00e1n muy felices \u201ccon las agrupaciones seleccionadas y los espect\u00e1culos que traer\u00e1n para este singular evento con el que deslumbrar\u00e1n al p\u00fablico con un despliegue inigualable de creatividad y talento teatral\u201d.<\/p>\n\n\n\n<p><strong>Pie de fotos.<\/strong><\/p>\n\n\n\n<p>1. Obra Cami y el Drag\u00f3n, de Argentina.<\/p>\n\n\n\n<p>2. ObraEl Ruise\u00f1or, de Cuba.<\/p>\n\n\n\n<p>3. Obra El Faro de los Colores y Luz, de Espa\u00f1a.<\/p>\n\n\n\n<p>4. Obra Mowgli, de la Rep\u00fablica Checa.<\/p>\n","protected":false},"excerpt":{"rendered":"<p>Obra Cami y el Drag\u00f3n, de Argentina Esta feria que se llevar\u00e1 a cabo del lunes 5 al s\u00e1bado 17 de marzo, tendr\u00e1 funciones&nbsp;simult\u00e1neas en la sala La Dram\u00e1tica del Palacio de Bellas Artes, Teatro Guloya,&nbsp;CHAO Teatro&nbsp;y NOVA Teatro. Santo Domingo, febrero 2024.&nbsp;Despu\u00e9s de una ardua tarea de evaluaci\u00f3n de las 87 agrupaciones pertenecientes a [&hellip;]<\/p>\n","protected":false},"author":28,"featured_media":0,"comment_status":"closed","ping_status":"","sticky":true,"template":"","format":"standard","meta":{"footnotes":""},"categories":[21,36,25,27],"tags":[],"class_list":["post-509733","post","type-post","status-publish","format-standard","hentry","category-cultura","category-hombresmujeresycosas","category-gente","category-portada"],"_links":{"self":[{"href":"https:\/\/diariodominicano.com\/index.php?rest_route=\/wp\/v2\/posts\/509733","targetHints":{"allow":["GET"]}}],"collection":[{"href":"https:\/\/diariodominicano.com\/index.php?rest_route=\/wp\/v2\/posts"}],"about":[{"href":"https:\/\/diariodominicano.com\/index.php?rest_route=\/wp\/v2\/types\/post"}],"author":[{"embeddable":true,"href":"https:\/\/diariodominicano.com\/index.php?rest_route=\/wp\/v2\/users\/28"}],"replies":[{"embeddable":true,"href":"https:\/\/diariodominicano.com\/index.php?rest_route=%2Fwp%2Fv2%2Fcomments&post=509733"}],"version-history":[{"count":3,"href":"https:\/\/diariodominicano.com\/index.php?rest_route=\/wp\/v2\/posts\/509733\/revisions"}],"predecessor-version":[{"id":509794,"href":"https:\/\/diariodominicano.com\/index.php?rest_route=\/wp\/v2\/posts\/509733\/revisions\/509794"}],"wp:attachment":[{"href":"https:\/\/diariodominicano.com\/index.php?rest_route=%2Fwp%2Fv2%2Fmedia&parent=509733"}],"wp:term":[{"taxonomy":"category","embeddable":true,"href":"https:\/\/diariodominicano.com\/index.php?rest_route=%2Fwp%2Fv2%2Fcategories&post=509733"},{"taxonomy":"post_tag","embeddable":true,"href":"https:\/\/diariodominicano.com\/index.php?rest_route=%2Fwp%2Fv2%2Ftags&post=509733"}],"curies":[{"name":"wp","href":"https:\/\/api.w.org\/{rel}","templated":true}]}}