{"id":50973,"date":"2020-08-06T12:51:50","date_gmt":"2020-08-06T12:51:50","guid":{"rendered":"http:\/\/diariodominicano.ddns.net\/?p=50973"},"modified":"2020-08-06T12:51:50","modified_gmt":"2020-08-06T12:51:50","slug":"hiroshima-conmemora-75-anos-del-primer-ataque-nuclear","status":"publish","type":"post","link":"https:\/\/diariodominicano.com\/?p=50973","title":{"rendered":"Hiroshima conmemora 75 a\u00f1os del primer ataque nuclear"},"content":{"rendered":"<p><body><\/p>\n<p><img decoding=\"async\" src=\"img3\/hiroshima06.jpg\" \/>  <\/p>\n<p>Hiroshima conmemora 75 a\u00f1os del primer ataque nuclear<\/p>\n<p>Por MARI YAMAGUCHI<\/p>\n<\/p>\n<p>El Domo de la Bomba At\u00f3mica al amanecer en Hiroshima, Jap\u00f3n, el 2 de agosto de 2020. La ciudad conmemor\u00f3 75 a\u00f1os del bombardeo de EEUU el 6 de agosto de 2020, el primer ataque at\u00f3mico en la historia del mundo. (AP Foto\/Eugene Hoshiko)<\/p>\n<p>HIROSHIMA, Jap\u00f3n (AP) ? Un grupo reducido de sobrevivientes del primer bombardeo at\u00f3mico de la historia se reuni\u00f3 cerca de una c\u00fapula emblem\u00e1tica en Hiroshima el jueves para conmemorar el 75 aniversario del ataque, mientras reiteraron su llamado a su gobierno y al mundo a prohibir las armas nucleares.<\/p>\n<\/p>\n<p>Debido al coronavirus, el jueves hubo una participaci\u00f3n mucho menor que la normal, pero el mensaje de los sobrevivientes ?cuya edad promedio es de 83 a\u00f1os? fue m\u00e1s urgente que nunca. Aunque cada vez hay menos testigos de lo sucedido, muchas naciones han reforzado o mantenido sus arsenales y Jap\u00f3n se niega a firmar un tratado de prohibici\u00f3n de armas nucleares.<\/p>\n<\/p>\n<p>ADVERTISEMENT<\/p>\n<\/p>\n<p>Lamentando la hipocres\u00eda del gobierno japon\u00e9s, sobrevivientes, familiares y funcionarios recordaron la explosi\u00f3n de las 8:15 de la ma\u00f1ana con un minuto de silencio.<\/p>\n<\/p>\n<p>Estados Unidos lanz\u00f3 la primera bomba at\u00f3mica del mundo sobre Hiroshima el 6 de agosto de 1945, que destruy\u00f3 la ciudad y mat\u00f3 a 140.000 personas. Lanz\u00f3 un segundo ataque tres d\u00edas despu\u00e9s sobre Nagasaki, donde murieron 70.000 personas. Jap\u00f3n se rindi\u00f3 el 15 de agosto, poniendo fin a la Segunda Guerra Mundial y su casi medio siglo de agresi\u00f3n en Asia.<\/p>\n<\/p>\n<p>Pero en las d\u00e9cadas posteriores se han almacenado armas de la Guerra Fr\u00eda y persiste hasta nuestros d\u00edas tensi\u00f3n nuclear entre naciones.<\/p>\n<\/p>\n<p>En el Parque de la Paz de Hiroshima, el primer ministro Shinzo Abe fue confrontado el jueves por seis miembros de grupos de sobrevivientes por no firmar el tratado de prohibici\u00f3n de armas.<\/p>\n<\/p>\n<p>\u00ab\u00bfPodr\u00eda responder a nuestra solicitud de firmar el Tratado de Prohibici\u00f3n de Armas Nucleares?\u00bb, le dijo Tomoyuki Mimaki, miembro de Hidankyo. \u00abEl hito del 75 aniversario del bombardeo at\u00f3mico es una oportunidad\u00bb para cambiar de rumbo.<\/p>\n<\/p>\n<p>Abe insisti\u00f3 en la pol\u00edtica de Jap\u00f3n de no firmar el tratado, citando vagamente un \u00abenfoque diferente\u00bb, aunque agreg\u00f3 que el gobierno comparte el objetivo de eliminar las armas nucleares.<\/p>\n<\/p>\n<p>\u00abLas acciones de Abe no parecen coincidir con sus palabras\u00bb, dijo Manabu Iwasa, de 47 a\u00f1os, quien acudi\u00f3 al parque a rezar por su padre, un sobreviviente del ataque nuclear que muri\u00f3 en marzo a los 87 a\u00f1os.<\/p>\n<\/p>\n<p>Asistieron a la ceremonia menos de 1.000 personas debido a las restricciones por la pandemia de COVID-19, apenas una d\u00e9cima parte de los que acud\u00edan en los \u00faltimos a\u00f1os.<\/p>\n<\/p>\n<p>El registro de las v\u00edctimas de los bombardeos se almacena en el cenotafio, cuya inscripci\u00f3n dice: \u00abQue todas las almas descansen en paz, porque no repetiremos el error\u00bb.<\/p>\n<\/p>\n<p>___<\/p>\n<\/p>\n<p>Mari Yamaguchi est\u00e1 en Twitter como @mariyamaguchi<\/p>\n<h6> 2020-08-06 12:51:50 <\/h6>\n<p><!--\n<link rel=\"stylesheet\" href=\"css\/bootstrap.min.css\">\n\n\n<ul class=\"pagination\">\n\t    \n\t\n\n<li >\n\t<a href='?page_no=345'>Previous<\/a>\n\t<\/li>\n\n\n       \n    \n\n<li><a href='?page_no=1'>1<\/a><\/li>\n\n\n\n<li><a href='?page_no=2'>2<\/a><\/li>\n\n\n\n<li><a>...<\/a><\/li>\n\n\n\n<li><a href='?page_no=344'>344<\/a><\/li>\n\n\n\n<li><a href='?page_no=345'>345<\/a><\/li>\n\n\n\n<li class='active'><a>346<\/a><\/li>\n\n\n\n<li><a href='?page_no=347'>347<\/a><\/li>\n\n\n\n<li><a href='?page_no=348'>348<\/a><\/li>\n\n\n\n<li><a>...<\/a><\/li>\n\n\n\n<li><a href='?page_no=22911'>22911<\/a><\/li>\n\n\n\n<li><a href='?page_no=22912'>22912<\/a><\/li>\n\n    \n\t\n\n<li >\n\t<a href='?page_no=347'>Next<\/a>\n\t<\/li>\n\n\n    \n\n<li><a href='?page_no=22912'>Last &rsaquo;&rsaquo;<\/a><\/li>\n\n<\/ul>\n\n\n--><br \/>\n<\/body><\/p>\n","protected":false},"excerpt":{"rendered":"<p>Hiroshima conmemora 75 a\u00f1os del primer ataque nuclear Por MARI YAMAGUCHI El Domo de la Bomba At\u00f3mica al amanecer en Hiroshima, Jap\u00f3n, el 2 de agosto de 2020. La ciudad conmemor\u00f3 75 a\u00f1os del bombardeo de EEUU el 6 de agosto de 2020, el primer ataque at\u00f3mico en la historia del mundo. (AP Foto\/Eugene Hoshiko) [&hellip;]<\/p>\n","protected":false},"author":3,"featured_media":0,"comment_status":"open","ping_status":"open","sticky":false,"template":"","format":"standard","meta":{"footnotes":""},"categories":[21],"tags":[],"class_list":["post-50973","post","type-post","status-publish","format-standard","hentry","category-cultura"],"_links":{"self":[{"href":"https:\/\/diariodominicano.com\/index.php?rest_route=\/wp\/v2\/posts\/50973","targetHints":{"allow":["GET"]}}],"collection":[{"href":"https:\/\/diariodominicano.com\/index.php?rest_route=\/wp\/v2\/posts"}],"about":[{"href":"https:\/\/diariodominicano.com\/index.php?rest_route=\/wp\/v2\/types\/post"}],"author":[{"embeddable":true,"href":"https:\/\/diariodominicano.com\/index.php?rest_route=\/wp\/v2\/users\/3"}],"replies":[{"embeddable":true,"href":"https:\/\/diariodominicano.com\/index.php?rest_route=%2Fwp%2Fv2%2Fcomments&post=50973"}],"version-history":[{"count":0,"href":"https:\/\/diariodominicano.com\/index.php?rest_route=\/wp\/v2\/posts\/50973\/revisions"}],"wp:attachment":[{"href":"https:\/\/diariodominicano.com\/index.php?rest_route=%2Fwp%2Fv2%2Fmedia&parent=50973"}],"wp:term":[{"taxonomy":"category","embeddable":true,"href":"https:\/\/diariodominicano.com\/index.php?rest_route=%2Fwp%2Fv2%2Fcategories&post=50973"},{"taxonomy":"post_tag","embeddable":true,"href":"https:\/\/diariodominicano.com\/index.php?rest_route=%2Fwp%2Fv2%2Ftags&post=50973"}],"curies":[{"name":"wp","href":"https:\/\/api.w.org\/{rel}","templated":true}]}}