{"id":509630,"date":"2024-02-20T12:18:13","date_gmt":"2024-02-20T16:18:13","guid":{"rendered":"https:\/\/diariodominicano.com\/?p=509630"},"modified":"2024-02-20T12:18:13","modified_gmt":"2024-02-20T16:18:13","slug":"dos-generaciones-lamenta-fallecimiento-del-periodista-adriano-de-la-cruz","status":"publish","type":"post","link":"https:\/\/diariodominicano.com\/?p=509630","title":{"rendered":"Dos Generaciones lamenta fallecimiento del periodista Adriano de la Cruz"},"content":{"rendered":"\n<p>diariodominicano.com<\/p>\n\n\n\n<p>Santiago, R. D., 20 de febrero, 2024.-\u2002La representaci\u00f3n Santiago del Movimiento Period\u00edstico Dos Generaciones expres\u00f3 su<br>m\u00e1s profundo pesar por la muerte del ex presidente del Colegio Dominicano de Periodistas y profesor de generaciones, Adriano de la Cruz.<br>La entidad destaca que el tambi\u00e9n locutor y escritor padec\u00eda desde hace varios a\u00f1os de serios quebrantos de salud, y que muri\u00f3 mientras recib\u00eda atenciones m\u00e9dicas en la Plaza de la Salud de la ciudad capital.<br>Destaca las cualidades humanas de su colega, as\u00ed como su pasi\u00f3n por la formaci\u00f3n de nuevos periodistas a trav\u00e9s Escuela de Periodismo profesor Adriano de la Cruz, que fundara para esos fines hace m\u00e1s de una d\u00e9cada.<br>De igual manera, lo destaca como autor de ocho libros de periodismo y tambi\u00e9n de oratoria, mientras que en el campo gremial se desempe\u00f1\u00f3 como presidente en tres ocasiones del Tribunal Disciplinario del CDP y vicepresidente del IPPP.<br>\u201cExpresamos nuestro m\u00e1s profundo pesar por la sentida muerte de nuestro colega y amigo Adriano de la Cruz, a quien apoyamos como movimiento a la presidencia del CDP en las elecciones de 2019. Extendemos nuestra sincera solidaridad a sus familiares para quienes pedimos fortaleza al todopoderoso\u201d, indica una nota de Dos<br>Generaciones Santiago.<br>Dos Generaciones narra que Adriano de la Cruz naci\u00f3 en Santo Domingo el 17 de junio de 1945, estudi\u00f3 artes gr\u00e1ficas, realiz\u00f3 estudios superiores de periodismo y comunicaci\u00f3n social en la Universidad Sim\u00f3n Bol\u00edvar, obtuvo una maestr\u00eda en la<br>Universidad Complutense de Madrid, Espa\u00f1a, fue Director del Instituto Dominicano de Periodismo (IDP), vicepresidente de la Asociaci\u00f3n de Escritores y Periodistas Dominicanos (ASEPED), adem\u00e1s de que labor\u00f3 varios a\u00f1os como Embajador Adscrito<br>de la Secretar\u00eda de relaciones exteriores de la Rep\u00fablica Dominicana.<br>Informa que los restos mortales del destacado periodista, profesor y escritor ser\u00e1n expuestos al p\u00fablico esta tarde a partir de las 4 en la funeraria Blandino de la avenida Abraham Lincoln.<\/p>\n\n\n\n<p>\u201cEl periodismo profesional, la academia y el gremialismo period\u00edstico pierden a un gran exponente con el fallecimiento de Adriano de la Cruz\u201d, indica la nota de Dos Generaciones que firman el coordinador general, Perfecto Martinez, y los directivos<br>Juan Carlos Bison\u00f3, Carlos Arroyo, Adriano de la Rosa, Jos\u00e9 Armando Toribio, Frank Reyes, Margarita Bautista y Lisa Gonz\u00e1lez, entre otros.<br>Santiago, 20 de febrero 2024.<\/p>\n\n\n\n<p>Nota para la Prensa:<\/p>\n","protected":false},"excerpt":{"rendered":"<p>diariodominicano.com Santiago, R. D., 20 de febrero, 2024.-\u2002La representaci\u00f3n Santiago del Movimiento Period\u00edstico Dos Generaciones expres\u00f3 sum\u00e1s profundo pesar por la muerte del ex presidente del Colegio Dominicano de Periodistas y profesor de generaciones, Adriano de la Cruz.La entidad destaca que el tambi\u00e9n locutor y escritor padec\u00eda desde hace varios a\u00f1os de serios quebrantos de [&hellip;]<\/p>\n","protected":false},"author":5,"featured_media":509631,"comment_status":"closed","ping_status":"","sticky":true,"template":"","format":"standard","meta":{"footnotes":""},"categories":[20,27],"tags":[],"class_list":["post-509630","post","type-post","status-publish","format-standard","has-post-thumbnail","hentry","category-dominicana-hoy","category-portada"],"_links":{"self":[{"href":"https:\/\/diariodominicano.com\/index.php?rest_route=\/wp\/v2\/posts\/509630","targetHints":{"allow":["GET"]}}],"collection":[{"href":"https:\/\/diariodominicano.com\/index.php?rest_route=\/wp\/v2\/posts"}],"about":[{"href":"https:\/\/diariodominicano.com\/index.php?rest_route=\/wp\/v2\/types\/post"}],"author":[{"embeddable":true,"href":"https:\/\/diariodominicano.com\/index.php?rest_route=\/wp\/v2\/users\/5"}],"replies":[{"embeddable":true,"href":"https:\/\/diariodominicano.com\/index.php?rest_route=%2Fwp%2Fv2%2Fcomments&post=509630"}],"version-history":[{"count":1,"href":"https:\/\/diariodominicano.com\/index.php?rest_route=\/wp\/v2\/posts\/509630\/revisions"}],"predecessor-version":[{"id":509632,"href":"https:\/\/diariodominicano.com\/index.php?rest_route=\/wp\/v2\/posts\/509630\/revisions\/509632"}],"wp:featuredmedia":[{"embeddable":true,"href":"https:\/\/diariodominicano.com\/index.php?rest_route=\/wp\/v2\/media\/509631"}],"wp:attachment":[{"href":"https:\/\/diariodominicano.com\/index.php?rest_route=%2Fwp%2Fv2%2Fmedia&parent=509630"}],"wp:term":[{"taxonomy":"category","embeddable":true,"href":"https:\/\/diariodominicano.com\/index.php?rest_route=%2Fwp%2Fv2%2Fcategories&post=509630"},{"taxonomy":"post_tag","embeddable":true,"href":"https:\/\/diariodominicano.com\/index.php?rest_route=%2Fwp%2Fv2%2Ftags&post=509630"}],"curies":[{"name":"wp","href":"https:\/\/api.w.org\/{rel}","templated":true}]}}