{"id":50962,"date":"2020-08-07T01:01:19","date_gmt":"2020-08-07T01:01:19","guid":{"rendered":"http:\/\/diariodominicano.ddns.net\/?p=50962"},"modified":"2020-08-07T01:01:19","modified_gmt":"2020-08-07T01:01:19","slug":"trasladan-universidad-de-santo-domingo-a-la-alma-mater","status":"publish","type":"post","link":"https:\/\/diariodominicano.com\/?p=50962","title":{"rendered":"Trasladan Universidad de Santo Domingo a la Alma Mater"},"content":{"rendered":"<p><body><\/p>\n<p><img decoding=\"async\" src=\"http:\/\/localhost:8080\/img3\/ASD 1.jpg\" \/>  <\/p>\n<p><strong>Diariodominicano.com<\/strong><\/p>\n<p><strong>Alma Mater (archivo)<\/strong><\/p>\n<p><strong>  Hasta el d\u00eda 7 de agosto de 1947, la Universidad de Santo Domingo, funcion\u00f3 en la \u00abCasa del Sacramento\u00bb, hoy la sede del Arzobispado de Santo Domingo, en la zona colonial.<\/strong><\/p>\n<p><strong>Por H\u00e9ctor Tineo Nolasco<\/strong><\/p>\n<p><strong>Diariodominicano.com<\/strong><\/p>\n<\/p>\n<p><strong>Trasladan Universidad de Santo Domingo a la Alma Mater<\/strong><\/p>\n<p><strong>    Sabto Domingo, RD, El  7 de agosto de 1947,<\/strong>  la Universidad de Santo Domingo, fue trasladada a la sede que  ocupa en la Alma Mater.<\/p>\n<p>El nuevo campo universitario fue construido en la administraci\u00f3n del dictador Rafael Le\u00f3nidas Trujillo Molina.<\/p>\n<p>    Hasta el d\u00eda 7 de agosto de 1947, la Universidad de Santo Domingo, funcion\u00f3 en la \u00abCasa del Sacramento\u00bb, hoy la sede del Arzobispado de Santo Domingo, en la zona colonial.<\/p>\n<p>    La  hoy Universidad  Aut\u00f3noma de Santo Domingo, fue fundada el 28 de octubre de 1538. Tiene sus or\u00edgenes en el Centro de Estudios Generales Santo Tom\u00e1s de Aquino, el cual fue elevado a la categor\u00eda de Universidad en virtud de la Bula In Apostalatus Culmine, del Papa Paulo III.<\/p>\n<p>    La instituci\u00f3n de Educaci\u00f3n  era dirigida por los padres dominicos y naci\u00f3 en su Iglesia de la calle Padre Billini, en la Zona  Colonial de Santo Domingo.<\/p>\n<p>    Cuando termin\u00f3 la dictadura de Trujillo, en el a\u00f1o 1961, la universidad  ten\u00eda una poblaci\u00f3n de tres mil estudiantes. En la actualidad la Universidad Aut\u00f3noma  de Santo Domingo, tiene una poblaci\u00f3n de m\u00e1s de 100 mil estudiantes.<\/p>\n<\/p>\n<\/p>\n<h6> 2020-08-07 01:01:19 <\/h6>\n<p><!--\n<link rel=\"stylesheet\" href=\"css\/bootstrap.min.css\">\n\n\n<ul class=\"pagination\">\n\t    \n\t\n\n<li >\n\t<a href='?page_no=344'>Previous<\/a>\n\t<\/li>\n\n\n       \n    \n\n<li><a href='?page_no=1'>1<\/a><\/li>\n\n\n\n<li><a href='?page_no=2'>2<\/a><\/li>\n\n\n\n<li><a>...<\/a><\/li>\n\n\n\n<li><a href='?page_no=343'>343<\/a><\/li>\n\n\n\n<li><a href='?page_no=344'>344<\/a><\/li>\n\n\n\n<li class='active'><a>345<\/a><\/li>\n\n\n\n<li><a href='?page_no=346'>346<\/a><\/li>\n\n\n\n<li><a href='?page_no=347'>347<\/a><\/li>\n\n\n\n<li><a>...<\/a><\/li>\n\n\n\n<li><a href='?page_no=22911'>22911<\/a><\/li>\n\n\n\n<li><a href='?page_no=22912'>22912<\/a><\/li>\n\n    \n\t\n\n<li >\n\t<a href='?page_no=346'>Next<\/a>\n\t<\/li>\n\n\n    \n\n<li><a href='?page_no=22912'>Last &rsaquo;&rsaquo;<\/a><\/li>\n\n<\/ul>\n\n\n--><br \/>\n<\/body><\/p>\n","protected":false},"excerpt":{"rendered":"<p>Diariodominicano.com Alma Mater (archivo) Hasta el d\u00eda 7 de agosto de 1947, la Universidad de Santo Domingo, funcion\u00f3 en la \u00abCasa del Sacramento\u00bb, hoy la sede del Arzobispado de Santo Domingo, en la zona colonial. Por H\u00e9ctor Tineo Nolasco Diariodominicano.com Trasladan Universidad de Santo Domingo a la Alma Mater Sabto Domingo, RD, El 7 de [&hellip;]<\/p>\n","protected":false},"author":3,"featured_media":0,"comment_status":"open","ping_status":"open","sticky":false,"template":"","format":"standard","meta":{"footnotes":""},"categories":[21],"tags":[],"class_list":["post-50962","post","type-post","status-publish","format-standard","hentry","category-cultura"],"_links":{"self":[{"href":"https:\/\/diariodominicano.com\/index.php?rest_route=\/wp\/v2\/posts\/50962","targetHints":{"allow":["GET"]}}],"collection":[{"href":"https:\/\/diariodominicano.com\/index.php?rest_route=\/wp\/v2\/posts"}],"about":[{"href":"https:\/\/diariodominicano.com\/index.php?rest_route=\/wp\/v2\/types\/post"}],"author":[{"embeddable":true,"href":"https:\/\/diariodominicano.com\/index.php?rest_route=\/wp\/v2\/users\/3"}],"replies":[{"embeddable":true,"href":"https:\/\/diariodominicano.com\/index.php?rest_route=%2Fwp%2Fv2%2Fcomments&post=50962"}],"version-history":[{"count":0,"href":"https:\/\/diariodominicano.com\/index.php?rest_route=\/wp\/v2\/posts\/50962\/revisions"}],"wp:attachment":[{"href":"https:\/\/diariodominicano.com\/index.php?rest_route=%2Fwp%2Fv2%2Fmedia&parent=50962"}],"wp:term":[{"taxonomy":"category","embeddable":true,"href":"https:\/\/diariodominicano.com\/index.php?rest_route=%2Fwp%2Fv2%2Fcategories&post=50962"},{"taxonomy":"post_tag","embeddable":true,"href":"https:\/\/diariodominicano.com\/index.php?rest_route=%2Fwp%2Fv2%2Ftags&post=50962"}],"curies":[{"name":"wp","href":"https:\/\/api.w.org\/{rel}","templated":true}]}}