{"id":509617,"date":"2024-02-20T10:47:53","date_gmt":"2024-02-20T14:47:53","guid":{"rendered":"https:\/\/diariodominicano.com\/?p=509617"},"modified":"2024-02-20T10:48:16","modified_gmt":"2024-02-20T14:48:16","slug":"rd-se-encamina-a-erradicacion-en-tiempo-record-mosca-del-mediterraneo","status":"publish","type":"post","link":"https:\/\/diariodominicano.com\/?p=509617","title":{"rendered":"RD se encamina a erradicaci\u00f3n mosca del mediterr\u00e1neo"},"content":{"rendered":"\n<p>diariodominicano.com<\/p>\n\n\n\n<p>Santo Domingo, R. D.,\u200220 de febrero, 2024.- La Rep\u00fablica Dominicana se encamina a lograr en tiempo r\u00e9cord la\u00a0<strong>erradicaci\u00f3n de la mosca del mediterr\u00e1neo<\/strong>\u00a0con el proceso de liberaci\u00f3n de los machos est\u00e9riles,\u00a0<strong>\u00faltima etapa del protocolo internacional,<\/strong>\u00a0precis\u00f3 la ingeniera\u00a0<strong>Rosa Lazala<\/strong>, directora de Sanidad Vegetal del\u00a0<strong>Ministerio de Agricultura<\/strong>.<\/p>\n\n\n\n<p><em>\u201cCon la liberaci\u00f3n de los primeros 300 millones de machos est\u00e9riles esta semana, nos encaminamos al proceso de erradicaci\u00f3n de la mosca en un tiempo r\u00e9cord\u201d,<\/em>&nbsp;indic\u00f3 Lazala.<\/p>\n\n\n<div class=\"wp-block-image\">\n<figure class=\"alignright size-large is-resized\"><img loading=\"lazy\" decoding=\"async\" width=\"1024\" height=\"576\" src=\"https:\/\/diariodominicano.com\/wp-content\/uploads\/2024\/02\/ministerio-de-agricultura-20-2-24-1024x576.jpg\" alt=\"\" class=\"wp-image-509619\" style=\"width:254px;height:auto\" srcset=\"https:\/\/diariodominicano.com\/wp-content\/uploads\/2024\/02\/ministerio-de-agricultura-20-2-24-1024x576.jpg 1024w, https:\/\/diariodominicano.com\/wp-content\/uploads\/2024\/02\/ministerio-de-agricultura-20-2-24-300x169.jpg 300w, https:\/\/diariodominicano.com\/wp-content\/uploads\/2024\/02\/ministerio-de-agricultura-20-2-24-768x432.jpg 768w, https:\/\/diariodominicano.com\/wp-content\/uploads\/2024\/02\/ministerio-de-agricultura-20-2-24-816x459.jpg 816w, https:\/\/diariodominicano.com\/wp-content\/uploads\/2024\/02\/ministerio-de-agricultura-20-2-24.jpg 1300w\" sizes=\"auto, (max-width: 1024px) 100vw, 1024px\" \/><\/figure>\n<\/div>\n\n\n<p>Destac\u00f3 que desde el pasado 23 de enero no tienen ninguna captura en las trampas colocadas en la zona de detecci\u00f3n en Punta Cana y que se mantiene un MTD en cero.<\/p>\n\n\n\n<p>Lazala puntualiz\u00f3 que los pa\u00edses que son&nbsp;<strong>socios comerciales&nbsp;<\/strong>de la Rep\u00fablica Dominicana pueden contar con la&nbsp;<strong>seguridad<\/strong>&nbsp;de que las autoridades nacionales e internacionales est\u00e1n trabajando en la erradicaci\u00f3n de la mosca y que en los pr\u00f3ximos d\u00edas se estar\u00e1 anunciando la&nbsp;<strong>eliminaci\u00f3n total de los insectos<\/strong>.<\/p>\n\n\n\n<p>Agricultura cuenta con la cooperaci\u00f3n, apoyo y esfuerzo de organismos internacionales de protecci\u00f3n agroalimentaria como el\u00a0<strong>Oirsa, IICA, FAO, y Aphis-USDA<\/strong>, adem\u00e1s del arduo trabajo realizado por los t\u00e9cnicos de Sanidad Vegetal.<\/p>\n\n\n\n<p>Fuente: Direcci\u00f3n de Estrategia y Comunicaci\u00f3n<\/p>\n\n\n\n<p>Ministerio Administrativo de la Presidencia de la Rep\u00fablica Dominicana<\/p>\n","protected":false},"excerpt":{"rendered":"<p>diariodominicano.com Santo Domingo, R. D.,\u200220 de febrero, 2024.- La Rep\u00fablica Dominicana se encamina a lograr en tiempo r\u00e9cord la\u00a0erradicaci\u00f3n de la mosca del mediterr\u00e1neo\u00a0con el proceso de liberaci\u00f3n de los machos est\u00e9riles,\u00a0\u00faltima etapa del protocolo internacional,\u00a0precis\u00f3 la ingeniera\u00a0Rosa Lazala, directora de Sanidad Vegetal del\u00a0Ministerio de Agricultura. \u201cCon la liberaci\u00f3n de los primeros 300 millones de [&hellip;]<\/p>\n","protected":false},"author":5,"featured_media":509618,"comment_status":"closed","ping_status":"","sticky":true,"template":"","format":"standard","meta":{"footnotes":""},"categories":[20,27],"tags":[],"class_list":["post-509617","post","type-post","status-publish","format-standard","has-post-thumbnail","hentry","category-dominicana-hoy","category-portada"],"_links":{"self":[{"href":"https:\/\/diariodominicano.com\/index.php?rest_route=\/wp\/v2\/posts\/509617","targetHints":{"allow":["GET"]}}],"collection":[{"href":"https:\/\/diariodominicano.com\/index.php?rest_route=\/wp\/v2\/posts"}],"about":[{"href":"https:\/\/diariodominicano.com\/index.php?rest_route=\/wp\/v2\/types\/post"}],"author":[{"embeddable":true,"href":"https:\/\/diariodominicano.com\/index.php?rest_route=\/wp\/v2\/users\/5"}],"replies":[{"embeddable":true,"href":"https:\/\/diariodominicano.com\/index.php?rest_route=%2Fwp%2Fv2%2Fcomments&post=509617"}],"version-history":[{"count":2,"href":"https:\/\/diariodominicano.com\/index.php?rest_route=\/wp\/v2\/posts\/509617\/revisions"}],"predecessor-version":[{"id":509621,"href":"https:\/\/diariodominicano.com\/index.php?rest_route=\/wp\/v2\/posts\/509617\/revisions\/509621"}],"wp:featuredmedia":[{"embeddable":true,"href":"https:\/\/diariodominicano.com\/index.php?rest_route=\/wp\/v2\/media\/509618"}],"wp:attachment":[{"href":"https:\/\/diariodominicano.com\/index.php?rest_route=%2Fwp%2Fv2%2Fmedia&parent=509617"}],"wp:term":[{"taxonomy":"category","embeddable":true,"href":"https:\/\/diariodominicano.com\/index.php?rest_route=%2Fwp%2Fv2%2Fcategories&post=509617"},{"taxonomy":"post_tag","embeddable":true,"href":"https:\/\/diariodominicano.com\/index.php?rest_route=%2Fwp%2Fv2%2Ftags&post=509617"}],"curies":[{"name":"wp","href":"https:\/\/api.w.org\/{rel}","templated":true}]}}