{"id":509540,"date":"2024-02-19T15:23:06","date_gmt":"2024-02-19T19:23:06","guid":{"rendered":"https:\/\/diariodominicano.com\/?p=509540"},"modified":"2024-02-19T15:23:06","modified_gmt":"2024-02-19T19:23:06","slug":"sns-implementa-nuevos-servicios-en-centros-de-salud-dos-de-estos-se-desarrollan-por-primera-vez-en-la-red-publica-de-salud","status":"publish","type":"post","link":"https:\/\/diariodominicano.com\/?p=509540","title":{"rendered":"SNS implementa nuevos servicios en centros de salud; dos de estos se desarrollan por primera vez en la Red P\u00fablica de Salud"},"content":{"rendered":"\n<p>diariodominicano.com<\/p>\n\n\n\n<p>Santo Domingo, R. D.,\u200219 de febrero, 2024.- Alrededor de\u00a0<strong>172 centros de salud de la Red P\u00fablica<\/strong>\u00a0cuentan por\u00a0<strong>primera vez<\/strong>\u00a0en su historia con\u00a0<strong>nuevos servicios<\/strong>\u00a0a disposici\u00f3n de sus usuarios, que van desde tomograf\u00edas, mamograf\u00edas, pruebas de laboratorios y unidades odontol\u00f3gicas, hasta Programa de Detecci\u00f3n Temprana de D\u00e9ficit Auditivo, Terapia de Hipotermia y Unidades de Cuidados Intensivos Neonatales.<\/p>\n\n\n\n<p>Estos servicios, que se implementan como algo nuevo en varios centros de salud y algunos por primera vez en la Red P\u00fablica, forman parte del&nbsp;<strong>fortalecimiento en m\u00e1s de 192 hospitales y Centros de Primer Nivel<\/strong>, con una inversi\u00f3n de casi dos mil millones de pesos en&nbsp;<strong>equipos<\/strong>, adem\u00e1s de&nbsp;<strong>remozamiento<\/strong>&nbsp;de obras y dotaci\u00f3n de&nbsp;<strong>nuevo personal.&nbsp;<\/strong><\/p>\n\n\n\n<p>Desde el 2023,&nbsp;<strong>12 hospitales<\/strong>&nbsp;ofrecen&nbsp;<strong>tomograf\u00edas<\/strong>&nbsp;de \u00faltima generaci\u00f3n y 9 de ellos cuentan por primera vez con el moderno equipo. Estos son los hospitales Vinicio Calventi, Toribio Bencosme, Padre Billini, Luis Morillo King, Taiw\u00e1n 19 de Marzo, Mario Tolentino Dipp, San Bartolom\u00e9, Estrella Ure\u00f1a y el Municipal de Ver\u00f3n.<\/p>\n\n\n\n<p>El Hospital Morillo King, de La Vega, tambi\u00e9n empez\u00f3 a ofrecer el servicio de&nbsp;<strong>mamograf\u00edas.&nbsp;<\/strong>La directora del centro,&nbsp;<strong>Margarita Paulino<\/strong>, expres\u00f3 que estos nuevos equipos han sido una&nbsp;<strong>bendici\u00f3n para los pacientes<\/strong>,&nbsp;<em>\u201cprincipalmente los de menos recursos econ\u00f3micos, quienes no pueden pagarlos a nivel privado y ahora encuentran esos servicios en el hospital\u201d.<\/em><\/p>\n\n\n\n<figure class=\"wp-block-image\"><img decoding=\"async\" src=\"https:\/\/presidencia.gob.do\/sites\/default\/files\/inline-images\/SNS%20%283%29.jpeg\" alt=\"\"\/><\/figure>\n\n\n\n<p>Asimismo, disponen por primera vez de&nbsp;<strong>mam\u00f3grafo<\/strong>&nbsp;los hospitales Santo Socorro, Moscoso Puello, Evangelina Rodr\u00edguez y el Estrella Ure\u00f1a.&nbsp; El&nbsp;<strong>ecocardiograma<\/strong>&nbsp;se realiza por primera vez en el Hospital Luis L. Bogaert.<\/p>\n\n\n\n<p>En cuanto a nuevos&nbsp;<strong>servicios de<\/strong>&nbsp;<strong>laboratorios<\/strong>, estos fueron implementados por primera vez en&nbsp;<strong>16 centros de salud<\/strong>, espec\u00edficamente en 8 hospitales y 8 Centros Diagn\u00f3sticos pertenecientes a las regiones Metropolitana, Valdesia, Norcentral, Enriquillo, Este, Cibao Central y Cibao Occidental, los que contribuyeron a la&nbsp;<strong>hist\u00f3rica cifra de casi 25 millones de pruebas<\/strong>&nbsp;realizadas el pasado a\u00f1o en la Red P\u00fablica de Salud.<\/p>\n\n\n\n<p>La actual gesti\u00f3n del SNS tambi\u00e9n ha inaugurado<strong>&nbsp;5 Unidades de Cuidados Intensivos Neonatales<\/strong>&nbsp;en los hospitales Ciudad Juan Bosch, Pedro E. de Marchena, Nuestra Se\u00f1ora de Regla, Inmaculada Concepci\u00f3n y Jos\u00e9 Francisco Pe\u00f1a G\u00f3mez, lo que permiti\u00f3 la&nbsp;<strong>supervivencia de m\u00e1s de 3,000 reci\u00e9n nacidos.<\/strong><\/p>\n\n\n\n<p>Los servicios de&nbsp;<strong>Terapia de Hipotermia y Detecci\u00f3n Temprana de D\u00e9ficit Auditivo<\/strong>&nbsp;se implementan por primera vez en la Red P\u00fablica de Salud. La Terapia de Hipotermia en los hospitales Reynaldo Alm\u00e1nzar y San Lorenzo de Los Minas; lo cual permiti\u00f3 que en solo siete meses diez ni\u00f1os est\u00e9n libres de par\u00e1lisis cerebral. Por su parte, el Programa de D\u00e9ficit Auditivo, que se desarrolla bajo la iniciativa&nbsp;<strong>\u201cUniendo Voluntades\u201d, de la oficina de la primera dama Raquel Arbaje<\/strong>, desde octubre 2022 ha tamizado a 27,944 pacientes. Se ejecuta en los hospitales Reynaldo Alm\u00e1nzar, Hugo Mendoza, Robert Reid, San Lorenzo de Los Minas, Arturo Grull\u00f3n, Presidente Estrella Ure\u00f1a, Marcelino V\u00e9lez y Nuestra Se\u00f1ora de La Altagracia de Hig\u00fcey.<\/p>\n\n\n\n<p><strong>El doctor Freddy Novas<\/strong>, director del Materno Reynaldo Alm\u00e1nzar, dijo que de 10,549 nacidos vivos el pasado a\u00f1o,\u00a0<strong>9,448<\/strong>\u00a0fueron evaluados en el Programa de D\u00e9ficit Auditivo y un\u00a0<strong>7 % result\u00f3 con hallazgos<\/strong>, lo que implica que, gracias a la implementaci\u00f3n de dicho programa, esos ni\u00f1os no tendr\u00e1n\u00a0<strong>sordera<\/strong>\u00a0o podr\u00e1n recibir a tiempo el tratamiento adecuado para reducirla. Mientras que, con la Terapia de Hipotermia, se logr\u00f3 salvar a 5 prematuros de\u00a0<strong>par\u00e1lisis cerebral,<\/strong>\u00a0condici\u00f3n que impide el desarrollo de las funciones b\u00e1sicas de una persona y causa gran impacto en su familia y la sociedad.<\/p>\n\n\n\n<p>Fuente: Direcci\u00f3n de Estrategia y Comunicaci\u00f3n<\/p>\n\n\n\n<p>Ministerio Administrativo de la Presidencia de la Rep\u00fablica Dominicana<\/p>\n","protected":false},"excerpt":{"rendered":"<p>diariodominicano.com Santo Domingo, R. D.,\u200219 de febrero, 2024.- Alrededor de\u00a0172 centros de salud de la Red P\u00fablica\u00a0cuentan por\u00a0primera vez\u00a0en su historia con\u00a0nuevos servicios\u00a0a disposici\u00f3n de sus usuarios, que van desde tomograf\u00edas, mamograf\u00edas, pruebas de laboratorios y unidades odontol\u00f3gicas, hasta Programa de Detecci\u00f3n Temprana de D\u00e9ficit Auditivo, Terapia de Hipotermia y Unidades de Cuidados Intensivos Neonatales. [&hellip;]<\/p>\n","protected":false},"author":5,"featured_media":509541,"comment_status":"closed","ping_status":"","sticky":true,"template":"","format":"standard","meta":{"footnotes":""},"categories":[20,27],"tags":[],"class_list":["post-509540","post","type-post","status-publish","format-standard","has-post-thumbnail","hentry","category-dominicana-hoy","category-portada"],"_links":{"self":[{"href":"https:\/\/diariodominicano.com\/index.php?rest_route=\/wp\/v2\/posts\/509540","targetHints":{"allow":["GET"]}}],"collection":[{"href":"https:\/\/diariodominicano.com\/index.php?rest_route=\/wp\/v2\/posts"}],"about":[{"href":"https:\/\/diariodominicano.com\/index.php?rest_route=\/wp\/v2\/types\/post"}],"author":[{"embeddable":true,"href":"https:\/\/diariodominicano.com\/index.php?rest_route=\/wp\/v2\/users\/5"}],"replies":[{"embeddable":true,"href":"https:\/\/diariodominicano.com\/index.php?rest_route=%2Fwp%2Fv2%2Fcomments&post=509540"}],"version-history":[{"count":1,"href":"https:\/\/diariodominicano.com\/index.php?rest_route=\/wp\/v2\/posts\/509540\/revisions"}],"predecessor-version":[{"id":509542,"href":"https:\/\/diariodominicano.com\/index.php?rest_route=\/wp\/v2\/posts\/509540\/revisions\/509542"}],"wp:featuredmedia":[{"embeddable":true,"href":"https:\/\/diariodominicano.com\/index.php?rest_route=\/wp\/v2\/media\/509541"}],"wp:attachment":[{"href":"https:\/\/diariodominicano.com\/index.php?rest_route=%2Fwp%2Fv2%2Fmedia&parent=509540"}],"wp:term":[{"taxonomy":"category","embeddable":true,"href":"https:\/\/diariodominicano.com\/index.php?rest_route=%2Fwp%2Fv2%2Fcategories&post=509540"},{"taxonomy":"post_tag","embeddable":true,"href":"https:\/\/diariodominicano.com\/index.php?rest_route=%2Fwp%2Fv2%2Ftags&post=509540"}],"curies":[{"name":"wp","href":"https:\/\/api.w.org\/{rel}","templated":true}]}}