{"id":509535,"date":"2024-02-19T15:04:11","date_gmt":"2024-02-19T19:04:11","guid":{"rendered":"https:\/\/diariodominicano.com\/?p=509535"},"modified":"2024-02-19T15:04:11","modified_gmt":"2024-02-19T19:04:11","slug":"detienen-a-348-personas-en-dominicana-por-delitos-ambientales","status":"publish","type":"post","link":"https:\/\/diariodominicano.com\/?p=509535","title":{"rendered":"Detienen a 348 personas en Dominicana por delitos ambientales"},"content":{"rendered":"\n<p>diariodominicano.com<\/p>\n\n\n\n<p>Santo Domingo, 19 feb (Prensa Latina) El Servicio Nacional de Protecci\u00f3n Ambiental (Senpa) arrest\u00f3 y puso a disposici\u00f3n del Ministerio P\u00fablico a 348 individuos por violaciones a las leyes ambientales dominicanas durante enero \u00faltimo, inform\u00f3 hoy esa entidad.<\/p>\n\n\n\n<p>Los infractores fueron detenidos en 953 operativos realizados ese mes en todo el pa\u00eds, en tanto se ocuparon 146 veh\u00edculos de motor que incluyen retroexcavadoras, palas mec\u00e1nicas, volquetas, camiones y motocicletas.<\/p>\n\n\n\n<p>El Senpa indic\u00f3 que los operativos y patrullajes continuar\u00e1n con el prop\u00f3sito de investigar, detener y someter ante la autoridad competente a las personas naturales o jur\u00eddicas que infrinjan las leyes ambientales, para garantizar as\u00ed la sostenibilidad de los recursos naturales.<\/p>\n\n\n\n<p>El director del Senpa, capit\u00e1n de nav\u00edo de la Armada, Ren\u00e9 Rodr\u00edguez \u00c1lvarez, record\u00f3 a la ciudadan\u00eda que la responsabilidad del cuidado del medioambiente es de todos y exhort\u00f3 a apoyar la lucha contra los delitos que da\u00f1an el entorno.<\/p>\n\n\n\n<p>De acuerdo con la informaci\u00f3n brindada por la Direcci\u00f3n de Operaciones de esa entidad, solo en el Parque Nacional Los Haitises fueron detenidas 52 personas en enero, mientras que la provincia de Santiago de los Caballeros tuvo el n\u00famero m\u00e1s alto de veh\u00edculos retenidos (32 en total).<\/p>\n\n\n\n<p>Los Haitises se encuentra en la provincia de Saman\u00e1 (incluyendo parte de la Bah\u00eda de Saman\u00e1) y se completa en las provincias de Monte Plata y Hato Mayor.<\/p>\n\n\n\n<p>Pertenece al sistema de \u00e1reas protegidas del pa\u00eds desde 1976 y cuenta con una de las muestras m\u00e1s grande de manglar caribe\u00f1o y una de las reservas de esas formaciones vegetales m\u00e1s ricas del planeta.<\/p>\n\n\n\n<p>ro\/mpv<\/p>\n","protected":false},"excerpt":{"rendered":"<p>diariodominicano.com Santo Domingo, 19 feb (Prensa Latina) El Servicio Nacional de Protecci\u00f3n Ambiental (Senpa) arrest\u00f3 y puso a disposici\u00f3n del Ministerio P\u00fablico a 348 individuos por violaciones a las leyes ambientales dominicanas durante enero \u00faltimo, inform\u00f3 hoy esa entidad. Los infractores fueron detenidos en 953 operativos realizados ese mes en todo el pa\u00eds, en tanto [&hellip;]<\/p>\n","protected":false},"author":5,"featured_media":439048,"comment_status":"closed","ping_status":"","sticky":true,"template":"","format":"standard","meta":{"footnotes":""},"categories":[20,27],"tags":[],"class_list":["post-509535","post","type-post","status-publish","format-standard","has-post-thumbnail","hentry","category-dominicana-hoy","category-portada"],"_links":{"self":[{"href":"https:\/\/diariodominicano.com\/index.php?rest_route=\/wp\/v2\/posts\/509535","targetHints":{"allow":["GET"]}}],"collection":[{"href":"https:\/\/diariodominicano.com\/index.php?rest_route=\/wp\/v2\/posts"}],"about":[{"href":"https:\/\/diariodominicano.com\/index.php?rest_route=\/wp\/v2\/types\/post"}],"author":[{"embeddable":true,"href":"https:\/\/diariodominicano.com\/index.php?rest_route=\/wp\/v2\/users\/5"}],"replies":[{"embeddable":true,"href":"https:\/\/diariodominicano.com\/index.php?rest_route=%2Fwp%2Fv2%2Fcomments&post=509535"}],"version-history":[{"count":1,"href":"https:\/\/diariodominicano.com\/index.php?rest_route=\/wp\/v2\/posts\/509535\/revisions"}],"predecessor-version":[{"id":509536,"href":"https:\/\/diariodominicano.com\/index.php?rest_route=\/wp\/v2\/posts\/509535\/revisions\/509536"}],"wp:featuredmedia":[{"embeddable":true,"href":"https:\/\/diariodominicano.com\/index.php?rest_route=\/wp\/v2\/media\/439048"}],"wp:attachment":[{"href":"https:\/\/diariodominicano.com\/index.php?rest_route=%2Fwp%2Fv2%2Fmedia&parent=509535"}],"wp:term":[{"taxonomy":"category","embeddable":true,"href":"https:\/\/diariodominicano.com\/index.php?rest_route=%2Fwp%2Fv2%2Fcategories&post=509535"},{"taxonomy":"post_tag","embeddable":true,"href":"https:\/\/diariodominicano.com\/index.php?rest_route=%2Fwp%2Fv2%2Ftags&post=509535"}],"curies":[{"name":"wp","href":"https:\/\/api.w.org\/{rel}","templated":true}]}}