{"id":509503,"date":"2024-02-19T13:24:15","date_gmt":"2024-02-19T17:24:15","guid":{"rendered":"https:\/\/diariodominicano.com\/?p=509503"},"modified":"2024-02-19T13:24:15","modified_gmt":"2024-02-19T17:24:15","slug":"tribunal-superior-electoral-lamenta-fallecimiento-del-dr-rafael-luciano-pichardo","status":"publish","type":"post","link":"https:\/\/diariodominicano.com\/?p=509503","title":{"rendered":"Tribunal Superior Electoral lamenta fallecimiento del DR. Rafael Luciano Pichardo"},"content":{"rendered":"\n<p>Doctor Rafael M. Luciano Pichardo<\/p>\n\n\n\n<p><strong>Santo Domingo, RD.<\/strong>\u00a0-El Tribunal Superior Electoral lament\u00f3 el fallecimiento del doctor Rafael M. Luciano Pichardo, quien fu\u00e9 primer sustituto del presidente de la Suprema Corte de Justicia (SCJ), y presidente de la C\u00e1mara Civil y Comercial de esa Alta Corte\u00a0hasta el 2011.<\/p>\n\n\n\n<p>El Pleno del TSE, encabezado por su presidente, magistrado Ygnacio Pascual Camacho Hidalgo, y los jueces titulares, Hermenegilda del Rosario Fondeur Ram\u00edrez; Rosa P\u00e9rez de Garc\u00eda; Pedro Pablo Yermenos Forastieri y Fernando Fern\u00e1ndez Cruz, se une al dolor que embarga a sus familiares en este momento dif\u00edcil para sus vidas. &nbsp; &nbsp; &nbsp;<\/p>\n\n\n\n<p>El magistrado Luciano Pichardo fue seleccionado el 3 de agosto de 1997 por el Consejo Nacional de la Magistratura como juez Primer Sustituto de presidente y presidente de la Primera Sala de la Suprema Corte de Justicia, funciones que ocup\u00f3 hasta diciembre del a\u00f1o 2011.<\/p>\n\n\n\n<p>Su cuerpo ser\u00e1 expuesto en la capilla B, a partir de las 12:00 del mediod\u00eda en la Funeraria Blandino de la avenida Abraham Lincoln&nbsp;y sus familiares dar\u00e1n cristiana sepultura a las 11:30 de la ma\u00f1ana en el Cementerio Cristo Redentor.<\/p>\n\n\n\n<p>Se gradu\u00f3 en la Universidad de Santo Domingo con el t\u00edtulo de doctor en Derecho en el a\u00f1o 1961, fecha desde la cual, hasta agosto de 1997, ejerci\u00f3 de manera exitosa la profesi\u00f3n de abogado, particularmente en el \u00e1rea civil.<\/p>\n\n\n\n<p>Su muerte produce una profunda tristeza en la comunidad jur\u00eddica dominicana, la cual, reconoce en el exmagistrado un profesional y juez de profunda capacidad y talento.<\/p>\n\n\n\n<p>Se desempe\u00f1\u00f3 como \u00e1rbitro del Consejo de Conciliaci\u00f3n y Arbitraje de la C\u00e1mara de Comercio y Producci\u00f3n del Distrito Nacional; Consultor Jur\u00eddico de los Bancos Central y de Reservas de Rep\u00fablica Dominicana y Coordinador de la Comisi\u00f3n de Reforma al C\u00f3digo Civil.<\/p>\n","protected":false},"excerpt":{"rendered":"<p>Doctor Rafael M. Luciano Pichardo Santo Domingo, RD.\u00a0-El Tribunal Superior Electoral lament\u00f3 el fallecimiento del doctor Rafael M. Luciano Pichardo, quien fu\u00e9 primer sustituto del presidente de la Suprema Corte de Justicia (SCJ), y presidente de la C\u00e1mara Civil y Comercial de esa Alta Corte\u00a0hasta el 2011. El Pleno del TSE, encabezado por su presidente, [&hellip;]<\/p>\n","protected":false},"author":28,"featured_media":509504,"comment_status":"closed","ping_status":"","sticky":true,"template":"","format":"standard","meta":{"footnotes":""},"categories":[20,26,24],"tags":[],"class_list":["post-509503","post","type-post","status-publish","format-standard","has-post-thumbnail","hentry","category-dominicana-hoy","category-efemerides","category-justicia-y-derecho"],"_links":{"self":[{"href":"https:\/\/diariodominicano.com\/index.php?rest_route=\/wp\/v2\/posts\/509503","targetHints":{"allow":["GET"]}}],"collection":[{"href":"https:\/\/diariodominicano.com\/index.php?rest_route=\/wp\/v2\/posts"}],"about":[{"href":"https:\/\/diariodominicano.com\/index.php?rest_route=\/wp\/v2\/types\/post"}],"author":[{"embeddable":true,"href":"https:\/\/diariodominicano.com\/index.php?rest_route=\/wp\/v2\/users\/28"}],"replies":[{"embeddable":true,"href":"https:\/\/diariodominicano.com\/index.php?rest_route=%2Fwp%2Fv2%2Fcomments&post=509503"}],"version-history":[{"count":1,"href":"https:\/\/diariodominicano.com\/index.php?rest_route=\/wp\/v2\/posts\/509503\/revisions"}],"predecessor-version":[{"id":509505,"href":"https:\/\/diariodominicano.com\/index.php?rest_route=\/wp\/v2\/posts\/509503\/revisions\/509505"}],"wp:featuredmedia":[{"embeddable":true,"href":"https:\/\/diariodominicano.com\/index.php?rest_route=\/wp\/v2\/media\/509504"}],"wp:attachment":[{"href":"https:\/\/diariodominicano.com\/index.php?rest_route=%2Fwp%2Fv2%2Fmedia&parent=509503"}],"wp:term":[{"taxonomy":"category","embeddable":true,"href":"https:\/\/diariodominicano.com\/index.php?rest_route=%2Fwp%2Fv2%2Fcategories&post=509503"},{"taxonomy":"post_tag","embeddable":true,"href":"https:\/\/diariodominicano.com\/index.php?rest_route=%2Fwp%2Fv2%2Ftags&post=509503"}],"curies":[{"name":"wp","href":"https:\/\/api.w.org\/{rel}","templated":true}]}}