{"id":509459,"date":"2024-02-19T01:56:25","date_gmt":"2024-02-19T05:56:25","guid":{"rendered":"https:\/\/diariodominicano.com\/?p=509459"},"modified":"2024-02-19T01:56:25","modified_gmt":"2024-02-19T05:56:25","slug":"presentaran-habeas-corpus-a-favor-de-opositor-en-haiti","status":"publish","type":"post","link":"https:\/\/diariodominicano.com\/?p=509459","title":{"rendered":"Presentar\u00e1n Habeas Corpus a favor de opositor en Hait\u00ed"},"content":{"rendered":"\n<p>Puerto Pr\u00edncipe, 19 feb (Prensa Latina) Un recurso de Habeas Corpus ser\u00e1s presentado hoy a favor del opositor haitiano Mirthyl Marcelin, quien es acusado por el gobierno del primer ministro Ariel Henry de atentar contra la seguridad del Estado.<\/p>\n\n\n\n<ul class=\"wp-block-list\">\n<li>febrero 19, 2024<\/li>\n\n\n\n<li>CST00:35 (GMT) -0500<\/li>\n<\/ul>\n\n\n\n<p>Est\u00e1 previsto que el tr\u00e1mite jur\u00eddico sea formalizado en horas de la ma\u00f1ana, coment\u00f3 el abogado de la defensa Arnel R\u00e9my, quien adelant\u00f3 que tambi\u00e9n har\u00e1 campa\u00f1a para la anulaci\u00f3n de la orden de detenci\u00f3n dictada contra otro activista pol\u00edtico, Pierre Nicholson, alias Babe.<\/p>\n\n\n\n<p>El \u00c1rabe, como es conocido Marcelin, fue trasladado a la Penitenciar\u00eda Nacional tras una orden de detenci\u00f3n de la Fiscal\u00eda de Puerto Pr\u00edncipe.<\/p>\n\n\n\n<p>Mirthyl fue encarcelado despu\u00e9s de rechazar la citaci\u00f3n que le hizo la Fiscal\u00eda de Puerto Pr\u00edncipe el 9 de febrero.<\/p>\n\n\n\n<p>El \u00c1rabe est\u00e1 acusado de incitaci\u00f3n a la violencia, conspiraci\u00f3n contra la seguridad del Estado, amenazas de muerte y conspiraci\u00f3n criminal, entre otros.<\/p>\n\n\n\n<p>Magalie Habitant, otra activista opositora, tambi\u00e9n fue llamada por la Fiscal\u00eda de Puerto Pr\u00edncipe el 9 de febrero.<\/p>\n\n\n\n<p>Pesan sobre Habitant los cargos de promover la violencia, conspiraci\u00f3n contra la seguridad del Estado, amenazas de muerte y complot criminal.<\/p>\n\n\n\n<p>En tanto, el exsenador Jean Charles Mo\u00efse llam\u00f3 a paralizar el pa\u00eds por cinco d\u00edas e insisti\u00f3 en que las revueltas no fueran pac\u00edficas y pidi\u00f3 a la polic\u00eda no intervenir.<\/p>\n\n\n\n<p>El secretario general de la Plataforma Pitit Desalin tambi\u00e9n invit\u00f3 a la poblaci\u00f3n a atacar todas las instituciones del pa\u00eds, en particular los ministerios, las residencias de los miembros del Gobierno y los bancos comerciales.<\/p>\n\n\n\n<p>Los medios locales que abren fuego todo el tiempo contra la corrupci\u00f3n en el pa\u00eds, ahora podr\u00edan volver a cuestionar la diferencia en el trato judicial entre los dos activistas y el exsenador, pues este no fue citado por la Fiscal\u00eda.<\/p>\n\n\n\n<p>jf\/joe<\/p>\n","protected":false},"excerpt":{"rendered":"<p>Puerto Pr\u00edncipe, 19 feb (Prensa Latina) Un recurso de Habeas Corpus ser\u00e1s presentado hoy a favor del opositor haitiano Mirthyl Marcelin, quien es acusado por el gobierno del primer ministro Ariel Henry de atentar contra la seguridad del Estado. Est\u00e1 previsto que el tr\u00e1mite jur\u00eddico sea formalizado en horas de la ma\u00f1ana, coment\u00f3 el abogado [&hellip;]<\/p>\n","protected":false},"author":28,"featured_media":0,"comment_status":"closed","ping_status":"","sticky":false,"template":"","format":"standard","meta":{"footnotes":""},"categories":[112,23],"tags":[],"class_list":["post-509459","post","type-post","status-publish","format-standard","hentry","category-haiti","category-internacional"],"_links":{"self":[{"href":"https:\/\/diariodominicano.com\/index.php?rest_route=\/wp\/v2\/posts\/509459","targetHints":{"allow":["GET"]}}],"collection":[{"href":"https:\/\/diariodominicano.com\/index.php?rest_route=\/wp\/v2\/posts"}],"about":[{"href":"https:\/\/diariodominicano.com\/index.php?rest_route=\/wp\/v2\/types\/post"}],"author":[{"embeddable":true,"href":"https:\/\/diariodominicano.com\/index.php?rest_route=\/wp\/v2\/users\/28"}],"replies":[{"embeddable":true,"href":"https:\/\/diariodominicano.com\/index.php?rest_route=%2Fwp%2Fv2%2Fcomments&post=509459"}],"version-history":[{"count":1,"href":"https:\/\/diariodominicano.com\/index.php?rest_route=\/wp\/v2\/posts\/509459\/revisions"}],"predecessor-version":[{"id":509460,"href":"https:\/\/diariodominicano.com\/index.php?rest_route=\/wp\/v2\/posts\/509459\/revisions\/509460"}],"wp:attachment":[{"href":"https:\/\/diariodominicano.com\/index.php?rest_route=%2Fwp%2Fv2%2Fmedia&parent=509459"}],"wp:term":[{"taxonomy":"category","embeddable":true,"href":"https:\/\/diariodominicano.com\/index.php?rest_route=%2Fwp%2Fv2%2Fcategories&post=509459"},{"taxonomy":"post_tag","embeddable":true,"href":"https:\/\/diariodominicano.com\/index.php?rest_route=%2Fwp%2Fv2%2Ftags&post=509459"}],"curies":[{"name":"wp","href":"https:\/\/api.w.org\/{rel}","templated":true}]}}