{"id":50940,"date":"2020-08-07T10:30:32","date_gmt":"2020-08-07T10:30:32","guid":{"rendered":"http:\/\/diariodominicano.ddns.net\/?p=50940"},"modified":"2020-08-07T10:30:32","modified_gmt":"2020-08-07T10:30:32","slug":"comision-de-transicion-del-minerd-entrega-a-autoridades-entrantes-informe-tecnico-de-la-oei-sobre-los-libros-de-textos-de-inicial-y-primaria","status":"publish","type":"post","link":"https:\/\/diariodominicano.com\/?p=50940","title":{"rendered":"Comisi\u00f3n de transici\u00f3n del MINERD entrega a autoridades entrantes informe t\u00e9cnico de la OEI sobre los libros de textos de Inicial y Primaria"},"content":{"rendered":"<p><body><\/p>\n<p><span class=\"text1noticias\">diariodominicano.com<\/span><\/p>\n<\/p>\n<p><span class=\"text1noticias\">Santo Domingo, R. D., 7 de agosto, 2020.- La comisi\u00f3n de transici\u00f3n del Ministerio de Educaci\u00f3n, encabezada por el director de Gabinete Ministerial, Henry Santos, entreg\u00f3 a las autoridades que iniciar\u00e1n la nueva gesti\u00f3n el 16 de agosto, el informe completo sobre la \u00abReevaluaci\u00f3n de Libros de Textos de los Niveles Inicial y Primario del Sistema Educativo Dominicano\u00bb, elaborado por la Organizaci\u00f3n de Estados Iberoamericanos para la Educaci\u00f3n, la Ciencia y la Cultura (OEI). <\/span><\/p>\n<p><span class=\"text1noticias\"> <\/span><\/p>\n<p><span class=\"text1noticias\">Santos, inform\u00f3 que esta entrega se hace para que las nuevas autoridades tengan pleno conocimiento de los procesos que se mantienen en el sistema educativo, a los fines de darle el mejor seguimiento antes, durante y despu\u00e9s de iniciado el A\u00f1o Escolar 2020-2021. <\/span><\/p>\n<p><span class=\"text1noticias\"> <\/span><\/p>\n<p><span class=\"text1noticias\">\u00abConsideramos que estos resultados son trascendentales para el desarrollo educativo dominicano. Estamos a la disposici\u00f3n de ustedes si necesitan cualquier otra informaci\u00f3n, pero les recomendamos analizar este tema y considerar todas las recomendaciones para la elaboraci\u00f3n y distribuci\u00f3n de nuevos libros de texto\u00bb, acot\u00f3 Santos<\/span><\/p>\n<p><span class=\"text1noticias\"> <\/span><\/p>\n<p><span class=\"text1noticias\">Mientras, Julito Fulcar, presidente de la comisi\u00f3n de transici\u00f3n del siguiente ministro Roberto Fulcar, dijo que llevar\u00e1n el informe de la OEI a las m\u00e1s altas instancias para fines de evaluaci\u00f3n, discusi\u00f3n y posterior toma de decisiones donde puedan concluir con los resultados m\u00e1s favorables para la comunidad educativa, especialmente los estudiantes. <\/span><\/p>\n<p><span class=\"text1noticias\"> <\/span><\/p>\n<p><span class=\"text1noticias\">Importancia de la evaluaci\u00f3n <\/span><\/p>\n<p><span class=\"text1noticias\"> <\/span><\/p>\n<p><span class=\"text1noticias\">Este proyecto de reevaluaci\u00f3n a los libros de textos fue concebido para dise\u00f1ar una estrategia que permita diagnosticar las fortalezas y debilidades de al menos 376 libros de textos de Inicial y de las ocho \u00e1reas de Primaria, de acuerdo a la Ordenanza 26-2017 que regula la evaluaci\u00f3n de los materiales educativos, incluyendo los estos productos formativos.<\/span><\/p>\n<p><span class=\"text1noticias\"> <\/span><\/p>\n<p><span class=\"text1noticias\"> <\/span><\/p>\n<p><span class=\"text1noticias\"> <\/span><\/p>\n<p><span class=\"text1noticias\">Para evaluar estos libros la OEI cont\u00f3 con la pericia de 51 especialistas y cuatro t\u00e9cnicos de la unidad de proyectos, todos con previa preparaci\u00f3n para realizar esta labor de la manera m\u00e1s eficiente posible.<\/span><\/p>\n<p><span class=\"text1noticias\"> <\/span><\/p>\n<p><span class=\"text1noticias\"> <\/span><\/p>\n<p><span class=\"text1noticias\"> <\/span><\/p>\n<p><span class=\"text1noticias\">De los libros evaluados, m\u00e1s del 60 % se recomienda su difusi\u00f3n por considerarse aptos. Los restantes tienen observaciones que ser\u00e1n acotadas de inmediato para adecuarlas y sumarlos a la parrilla literaria del sistema educativo. <\/span><\/p>\n<p><span class=\"text1noticias\"> <\/span><\/p>\n<p><span class=\"text1noticias\">Comisiones activas <\/span><\/p>\n<p><span class=\"text1noticias\"> <\/span><\/p>\n<p><span class=\"text1noticias\">La comisi\u00f3n de transici\u00f3n designada por el ministro Pe\u00f1a  Mirabal, encabezada por el director de Gabinete Ministerial, Henry Santos, y la designada por el entrante ministro Roberto Fulcar, presidida por Julito Fulcar, se han reunido en varias ocasiones para ultimar detalles y garantizar la fluidez necesaria en el cambio de direcci\u00f3n. <\/span><\/p>\n<p><span class=\"text1noticias\"> <\/span><\/p>\n<p><span class=\"text1noticias\">Ya se entreg\u00f3 a la comisi\u00f3n de las nuevas autoridades el protocolo sanitario, log\u00edstico y pedag\u00f3gico elaborado por la delegaci\u00f3n conformada por el Consejo Nacional de Educaci\u00f3n para que sea viable el A\u00f1o Escolar 2020-2021 durante la pandemia por COVID-19. <\/span><\/p>\n<p><span class=\"text1noticias\"> <\/span><\/p>\n<p><span class=\"text1noticias\">La comisi\u00f3n del MINERD est\u00e1 conformada, adem\u00e1s de Henry Santos, por Vivian B\u00e1ez, directora de Recursos Humanos; Denia Burgos, viceministra  de Servicios T\u00e9cnicos y Pedag\u00f3gicos; V\u00edctor S\u00e1nchez, viceministro de Planificaci\u00f3n y Desarrollo; Dar\u00edo Rodr\u00edguez, viceministro de Gesti\u00f3n Administrativa; y Teresa Garc\u00e9s, consultora jur\u00eddica.<\/span><\/p>\n<p><span class=\"text1noticias\">  <\/span><\/p>\n<p><span class=\"text1noticias\">En tanto, la comisi\u00f3n designada por las nuevas autoridades la integran Julito Fulcar como presidente, Paulino Ogando, Franco de los Santos, Rafael Bello D\u00edaz, Ligia P\u00e9rez, Luis Soto y Julio C\u00e9sar de los Santos. En caso de requerirse pudieran ingresar nuevos miembros.<\/span><\/p>\n<p><span class=\"text1noticias\"> <\/span><\/p>\n<p><span class=\"text1noticias\"> Fuente: <\/span>Prensa MINERD<span class=\"text1noticias\"> <\/span><\/p>\n<p><span class=\"text1noticias\">Direcci\u00f3n de Comunicaci\u00f3n y Relaciones P\u00fablicas <\/span><\/p>\n<p><span class=\"text1noticias\">7 de agosto 2020 <\/span><\/p>\n<p><span class=\"text1noticias\"> Licda. Magdalena Nu\u00f1ez<\/span><\/p>\n<p><span class=\"text1noticias\">Enc. Relaciones P\u00fablicas<\/span><\/p>\n<h6> 2020-08-07 10:30:32 <\/h6>\n<p><!--\n<link rel=\"stylesheet\" href=\"css\/bootstrap.min.css\">\n\n\n<ul class=\"pagination\">\n\t    \n\t\n\n<li >\n\t<a href='?page_no=342'>Previous<\/a>\n\t<\/li>\n\n\n       \n    \n\n<li><a href='?page_no=1'>1<\/a><\/li>\n\n\n\n<li><a href='?page_no=2'>2<\/a><\/li>\n\n\n\n<li><a>...<\/a><\/li>\n\n\n\n<li><a href='?page_no=341'>341<\/a><\/li>\n\n\n\n<li><a href='?page_no=342'>342<\/a><\/li>\n\n\n\n<li class='active'><a>343<\/a><\/li>\n\n\n\n<li><a href='?page_no=344'>344<\/a><\/li>\n\n\n\n<li><a href='?page_no=345'>345<\/a><\/li>\n\n\n\n<li><a>...<\/a><\/li>\n\n\n\n<li><a href='?page_no=22911'>22911<\/a><\/li>\n\n\n\n<li><a href='?page_no=22912'>22912<\/a><\/li>\n\n    \n\t\n\n<li >\n\t<a href='?page_no=344'>Next<\/a>\n\t<\/li>\n\n\n    \n\n<li><a href='?page_no=22912'>Last &rsaquo;&rsaquo;<\/a><\/li>\n\n<\/ul>\n\n\n--><br \/>\n<\/body><\/p>\n","protected":false},"excerpt":{"rendered":"<p>diariodominicano.com Santo Domingo, R. D., 7 de agosto, 2020.- La comisi\u00f3n de transici\u00f3n del Ministerio de Educaci\u00f3n, encabezada por el director de Gabinete Ministerial, Henry Santos, entreg\u00f3 a las autoridades que iniciar\u00e1n la nueva gesti\u00f3n el 16 de agosto, el informe completo sobre la \u00abReevaluaci\u00f3n de Libros de Textos de los Niveles Inicial y Primario [&hellip;]<\/p>\n","protected":false},"author":3,"featured_media":0,"comment_status":"open","ping_status":"open","sticky":false,"template":"","format":"standard","meta":{"footnotes":""},"categories":[21],"tags":[],"class_list":["post-50940","post","type-post","status-publish","format-standard","hentry","category-cultura"],"_links":{"self":[{"href":"https:\/\/diariodominicano.com\/index.php?rest_route=\/wp\/v2\/posts\/50940","targetHints":{"allow":["GET"]}}],"collection":[{"href":"https:\/\/diariodominicano.com\/index.php?rest_route=\/wp\/v2\/posts"}],"about":[{"href":"https:\/\/diariodominicano.com\/index.php?rest_route=\/wp\/v2\/types\/post"}],"author":[{"embeddable":true,"href":"https:\/\/diariodominicano.com\/index.php?rest_route=\/wp\/v2\/users\/3"}],"replies":[{"embeddable":true,"href":"https:\/\/diariodominicano.com\/index.php?rest_route=%2Fwp%2Fv2%2Fcomments&post=50940"}],"version-history":[{"count":0,"href":"https:\/\/diariodominicano.com\/index.php?rest_route=\/wp\/v2\/posts\/50940\/revisions"}],"wp:attachment":[{"href":"https:\/\/diariodominicano.com\/index.php?rest_route=%2Fwp%2Fv2%2Fmedia&parent=50940"}],"wp:term":[{"taxonomy":"category","embeddable":true,"href":"https:\/\/diariodominicano.com\/index.php?rest_route=%2Fwp%2Fv2%2Fcategories&post=50940"},{"taxonomy":"post_tag","embeddable":true,"href":"https:\/\/diariodominicano.com\/index.php?rest_route=%2Fwp%2Fv2%2Ftags&post=50940"}],"curies":[{"name":"wp","href":"https:\/\/api.w.org\/{rel}","templated":true}]}}