{"id":509358,"date":"2024-02-18T20:11:04","date_gmt":"2024-02-19T00:11:04","guid":{"rendered":"https:\/\/diariodominicano.com\/?p=509358"},"modified":"2024-02-18T23:43:59","modified_gmt":"2024-02-19T03:43:59","slug":"el-presidente-abinader-se-dirigira-al-pais","status":"publish","type":"post","link":"https:\/\/diariodominicano.com\/?p=509358","title":{"rendered":"El presidente Abinader se dirigir\u00e1 al pa\u00eds"},"content":{"rendered":"\n<p>El vocero de la Presidencia de la Rep\u00fablica, Homero Figueroa anunci\u00f3 la tarde del domingo que el presidente Luis Abinader se dirigir\u00e1 al pa\u00eds hoy a las 10 de\u2002la noche para hablar sobre las elecciones municipales celebradas hoy.<\/p>\n\n\n\n<p><a href=\"https:\/\/twitter.com\/LuisAbinader\">@LuisAbinader<\/a><\/p>\n\n\n\n<p>Se dirigir\u00e1 al pa\u00eds a las <a href=\"https:\/\/twitter.com\/HomeroFigueroaG\/status\/1759346712471040327?t=600\">10:00<\/a> PM de esta noche, para hablar sobre las elecciones municipales celebradas hoy. Su discurso ser\u00e1 transmitido tanto por medios tradicionales como digitales. Pedimos a los ciudadanos estar atentos a este mensaje. <a href=\"https:\/\/twitter.com\/hashtag\/EleccionesRD?src=hashtag_click\">#EleccionesRD<\/a><\/p>\n\n\n\n<p><a href=\"https:\/\/twitter.com\/HomeroFigueroaG\/status\/1759346712471040327\/photo\/1\"><\/a><\/p>\n\n\n\n<figure class=\"wp-block-image\"><a href=\"https:\/\/twitter.com\/HomeroFigueroaG\/status\/1759346712471040327\/photo\/1\"><img decoding=\"async\" src=\"https:\/\/pbs.twimg.com\/media\/GGp0gZ1XUAAanKa?format=jpg&amp;name=small\" alt=\"Imagen\"\/><\/a><\/figure>\n\n\n\n<p><a href=\"https:\/\/twitter.com\/HomeroFigueroaG\/status\/1759346712471040327\/media_tags\">ComunicacionesRD y 7 m\u00e1s<\/a><\/p>\n\n\n\n<p><a href=\"https:\/\/twitter.com\/HomeroFigueroaG\/status\/1759346712471040327\"><time datetime=\"2024-02-18T22:38:37.000Z\">6:38 p. m. \u00b7 18 feb. 2024<\/time><\/a> <\/p>\n\n\n\n<p>\u00b7<\/p>\n\n\n\n<p>A trav\u00e9s de su cuenta de X\u2002el Portavoz de la Presidencia de la Rep\u00fablica Dominicana Homero Figueroa comunic\u00f3 que el discurso del presidente Abinader ser\u00e1 transmitido tanto por medios tradicionales como digitales.<\/p>\n\n\n\n<p>Homero Figueroa (@HomeroFigueroaG) poste\u00f3 a las 6:38 p.\u00a0m. on dom, feb. 18, 2024:<br>El presidente @LuisAbinader se dirigir\u00e1 al pa\u00eds a las 10:00 PM de esta noche, para hablar sobre las elecciones municipales celebradas hoy. Su discurso ser\u00e1 transmitido tanto por medios tradicionales como digitales. Pedimos a los ciudadanos estar atentos a este mensaje.\u2026\u00a0<a href=\"https:\/\/t.co\/BuVxEf0LYM\" target=\"_blank\" rel=\"noreferrer noopener\">https:\/\/t.co\/BuVxEf0LYM<\/a><br>(<a href=\"https:\/\/x.com\/HomeroFigueroaG\/status\/1759346712471040327?t=ERIoFIMPJ65ljEAHE-Gn-w&amp;s=03\" target=\"_blank\" rel=\"noreferrer noopener\">https:\/\/x.com\/HomeroFigueroaG\/status\/1759346712471040327?t=ERIoFIMPJ65ljEAHE-Gn-w&amp;s=03<\/a>)\u00a0<\/p>\n\n\n\n<p>Pidi\u00f3 a los ciudadanos estar atentos a este mensaje. El vocero de la Presidencia, se\u00f1or Homero  Figueroa, poste\u00f3 a las 6.38 minutos de la tarde, es decir, una hora y 38 minutos tras\u2002el cierre de los colegios electorales, a las 5 de la tarde del domingo 18 de febrero.<\/p>\n\n\n\n<p><\/p>\n","protected":false},"excerpt":{"rendered":"<p>El vocero de la Presidencia de la Rep\u00fablica, Homero Figueroa anunci\u00f3 la tarde del domingo que el presidente Luis Abinader se dirigir\u00e1 al pa\u00eds hoy a las 10 de\u2002la noche para hablar sobre las elecciones municipales celebradas hoy. @LuisAbinader Se dirigir\u00e1 al pa\u00eds a las 10:00 PM de esta noche, para hablar sobre las elecciones [&hellip;]<\/p>\n","protected":false},"author":28,"featured_media":0,"comment_status":"closed","ping_status":"","sticky":false,"template":"","format":"standard","meta":{"footnotes":""},"categories":[20,22],"tags":[],"class_list":["post-509358","post","type-post","status-publish","format-standard","hentry","category-dominicana-hoy","category-politica"],"_links":{"self":[{"href":"https:\/\/diariodominicano.com\/index.php?rest_route=\/wp\/v2\/posts\/509358","targetHints":{"allow":["GET"]}}],"collection":[{"href":"https:\/\/diariodominicano.com\/index.php?rest_route=\/wp\/v2\/posts"}],"about":[{"href":"https:\/\/diariodominicano.com\/index.php?rest_route=\/wp\/v2\/types\/post"}],"author":[{"embeddable":true,"href":"https:\/\/diariodominicano.com\/index.php?rest_route=\/wp\/v2\/users\/28"}],"replies":[{"embeddable":true,"href":"https:\/\/diariodominicano.com\/index.php?rest_route=%2Fwp%2Fv2%2Fcomments&post=509358"}],"version-history":[{"count":3,"href":"https:\/\/diariodominicano.com\/index.php?rest_route=\/wp\/v2\/posts\/509358\/revisions"}],"predecessor-version":[{"id":509371,"href":"https:\/\/diariodominicano.com\/index.php?rest_route=\/wp\/v2\/posts\/509358\/revisions\/509371"}],"wp:attachment":[{"href":"https:\/\/diariodominicano.com\/index.php?rest_route=%2Fwp%2Fv2%2Fmedia&parent=509358"}],"wp:term":[{"taxonomy":"category","embeddable":true,"href":"https:\/\/diariodominicano.com\/index.php?rest_route=%2Fwp%2Fv2%2Fcategories&post=509358"},{"taxonomy":"post_tag","embeddable":true,"href":"https:\/\/diariodominicano.com\/index.php?rest_route=%2Fwp%2Fv2%2Ftags&post=509358"}],"curies":[{"name":"wp","href":"https:\/\/api.w.org\/{rel}","templated":true}]}}