{"id":509293,"date":"2024-02-18T00:07:08","date_gmt":"2024-02-18T04:07:08","guid":{"rendered":"https:\/\/diariodominicano.com\/?p=509293"},"modified":"2024-02-18T00:07:08","modified_gmt":"2024-02-18T04:07:08","slug":"a-votar-horarios-de-dirigentes-y-de-candidatos-de-la-fuerza-del-pueblo","status":"publish","type":"post","link":"https:\/\/diariodominicano.com\/?p=509293","title":{"rendered":"A votar: Horarios de dirigentes y de candidatos de la Fuerza del Pueblo"},"content":{"rendered":"\n<p>SANTO DOMINGO. &#8211; El partido Fuerza del Pueblo dio a conocer, los horarios de sus principales dirigentes y de los candidatos, en Santo Domingo.<\/p>\n\n\n\n<p>A las 8:30 a.m.<\/p>\n\n\n\n<p>Domingo Contreras, candidato a alcalde del Distrito Nacional, votar\u00e1 en la mesa n\u00famero 0313E del recinto electoral ubicado en el Club Los Prados de la capital dominicana.<\/p>\n\n\n\n<p>A las 9:00 a.m.<\/p>\n\n\n\n<p>&#8211; Radham\u00e9s Jim\u00e9nez, vicepresidente de la Fuerza del Pueblo, votar\u00e1 en el Colegio Babeque, ubicado en Av. Roberto Pastoriza.<\/p>\n\n\n\n<p>A las 9:30 a.m.<\/p>\n\n\n\n<p>&#8211; Rub\u00e9n Maldonado, coordinador Nacional de Campa\u00f1a, votar\u00e1 en el Centro Educativo Enma Balaguer, Calle# 12 Lotes y Servicios Sabana Perdida, Santo Domingo Norte.<\/p>\n\n\n\n<p>A las 10:00 a.m.<\/p>\n\n\n\n<p>&#8211; Antonio Flori\u00e1n, secretario general de la Fuerza del Pueblo, votar\u00e1 en la mesa 30, del Colegio Ebenecer en Haina, San Crist\u00f3bal<\/p>\n\n\n\n<p>&#8211; Rafael Alburquerque, exvicepresidente de Rep\u00fablica, votar\u00e1 en la mesa n\u00famero 0187 de la Escuela Santa Teresa de Jes\u00fas.<\/p>\n\n\n\n<p>A las 10:30 a.m.<\/p>\n\n\n\n<p>&#8211; Omar Fern\u00e1ndez, diputado y candidato a senador por el Distrito Nacional estar\u00e1 ejerciendo su derecho al voto en el colegio electoral 0261C, del Instituto San Juan Bautista (detr\u00e1s de Bella Vista Mall).<\/p>\n\n\n\n<p>A las 11:00 a.m.<\/p>\n\n\n\n<p>&#8211; Aquilino Serrata, candidato a alcalde de Santo Domingo Oeste, votar\u00e1 en la Escuela Las Palmas, ubicado en la calle 4 del sector Las Palmas del municipio SDO.&nbsp;<\/p>\n\n\n\n<p>&#8211; Cristian Encarnaci\u00f3n, alcalde y candidato al mismo puesto en Los Alcarrizos, votar\u00e1 en&nbsp; la mesa n\u00famero 1283 de la Escuela F\u00e9lix Mar\u00eda del Monte.<\/p>\n\n\n\n<p>A las 11:30 a.m.<\/p>\n\n\n\n<p>&#8211; Julio Romero, candidato a alcalde de Santo Domingo Este (SDE), votar\u00e1 en la Escuela Alma Rosa Chothen (Calle A, casi esq. Calle 8, Savica de Mendoza).<\/p>\n\n\n\n<p>A las 12:00 m.<\/p>\n\n\n\n<p>&#8211; Carlos Guzm\u00e1n, alcalde de Santo Domingo Norte acudir\u00e1 a votar despu\u00e9s de las 12:00 del mediod\u00eda, en la Escuela B\u00e1sica Francisco J. Cabral L\u00f3pez, colegio 1127E, en la calle S\u00e1nchez, pr\u00f3ximo al Batey de Los Guaricanos.<\/p>\n\n\n\n<p>A las 12:30 p.m.<\/p>\n\n\n\n<p>&#8211; Leonel Fern\u00e1ndez, expresidente de la Rep\u00fablica y presidente de la Fuerza del Pueblo, votar\u00e1 en la mesa n\u00famero 0529, ubicada en la Escuela Rep\u00fablica Dominicana, del sector de Villa Juana.<\/p>\n\n\n\n<p>Secretar\u00eda de Comunicaciones<\/p>\n\n\n\n<p>Fuerza del Pueblo<\/p>\n","protected":false},"excerpt":{"rendered":"<p>SANTO DOMINGO. &#8211; El partido Fuerza del Pueblo dio a conocer, los horarios de sus principales dirigentes y de los candidatos, en Santo Domingo. A las 8:30 a.m. Domingo Contreras, candidato a alcalde del Distrito Nacional, votar\u00e1 en la mesa n\u00famero 0313E del recinto electoral ubicado en el Club Los Prados de la capital dominicana. [&hellip;]<\/p>\n","protected":false},"author":28,"featured_media":509294,"comment_status":"closed","ping_status":"","sticky":true,"template":"","format":"standard","meta":{"footnotes":""},"categories":[22,27],"tags":[],"class_list":["post-509293","post","type-post","status-publish","format-standard","has-post-thumbnail","hentry","category-politica","category-portada"],"_links":{"self":[{"href":"https:\/\/diariodominicano.com\/index.php?rest_route=\/wp\/v2\/posts\/509293","targetHints":{"allow":["GET"]}}],"collection":[{"href":"https:\/\/diariodominicano.com\/index.php?rest_route=\/wp\/v2\/posts"}],"about":[{"href":"https:\/\/diariodominicano.com\/index.php?rest_route=\/wp\/v2\/types\/post"}],"author":[{"embeddable":true,"href":"https:\/\/diariodominicano.com\/index.php?rest_route=\/wp\/v2\/users\/28"}],"replies":[{"embeddable":true,"href":"https:\/\/diariodominicano.com\/index.php?rest_route=%2Fwp%2Fv2%2Fcomments&post=509293"}],"version-history":[{"count":1,"href":"https:\/\/diariodominicano.com\/index.php?rest_route=\/wp\/v2\/posts\/509293\/revisions"}],"predecessor-version":[{"id":509295,"href":"https:\/\/diariodominicano.com\/index.php?rest_route=\/wp\/v2\/posts\/509293\/revisions\/509295"}],"wp:featuredmedia":[{"embeddable":true,"href":"https:\/\/diariodominicano.com\/index.php?rest_route=\/wp\/v2\/media\/509294"}],"wp:attachment":[{"href":"https:\/\/diariodominicano.com\/index.php?rest_route=%2Fwp%2Fv2%2Fmedia&parent=509293"}],"wp:term":[{"taxonomy":"category","embeddable":true,"href":"https:\/\/diariodominicano.com\/index.php?rest_route=%2Fwp%2Fv2%2Fcategories&post=509293"},{"taxonomy":"post_tag","embeddable":true,"href":"https:\/\/diariodominicano.com\/index.php?rest_route=%2Fwp%2Fv2%2Ftags&post=509293"}],"curies":[{"name":"wp","href":"https:\/\/api.w.org\/{rel}","templated":true}]}}