{"id":509249,"date":"2024-02-17T21:47:30","date_gmt":"2024-02-18T01:47:30","guid":{"rendered":"https:\/\/diariodominicano.com\/?p=509249"},"modified":"2024-02-17T21:47:30","modified_gmt":"2024-02-18T01:47:30","slug":"75-anos-de-relaciones-diplomaticas-entre-estados-unidos-y-el-reino-hachemita-de-jordania","status":"publish","type":"post","link":"https:\/\/diariodominicano.com\/?p=509249","title":{"rendered":"75 a\u00f1os de relaciones diplom\u00e1ticas entre Estados Unidos y el Reino Hachemita de Jordania"},"content":{"rendered":"\n<p>Antony J. Blinken, Secretario de Estado<\/p>\n\n\n\n<p>Hoy celebramos 75 a\u00f1os de relaciones diplom\u00e1ticas entre los Estados Unidos y el Reino Hachemita de Jordania. El 18 de febrero de 1949, Wells Stabler present\u00f3 sus credenciales como primer encargado de negocios&nbsp;<em>interino<\/em>&nbsp;estadounidense en Jordania. Desde entonces, nuestros pa\u00edses han sido socios, aliados y amigos cercanos. Nuestra relaci\u00f3n ha sido testimonio de una visi\u00f3n compartida de paz, seguridad y prosperidad para toda la regi\u00f3n.<\/p>\n\n\n\n<p>A lo largo de m\u00e1s de siete d\u00e9cadas de asociaci\u00f3n, nuestra relaci\u00f3n se ha ampliado para promover el desarrollo econ\u00f3mico inclusivo, mejorar las oportunidades para las mujeres y los j\u00f3venes, garantizar el acceso sostenible al agua potable y promover los v\u00ednculos comerciales. Fortalecer nuestra cooperaci\u00f3n en materia de seguridad, promover la estabilidad regional y sostener los esfuerzos humanitarios han sido las piedras angulares de nuestra relaci\u00f3n bilateral. Nuestra asociaci\u00f3n ha prosperado durante los \u00faltimos 75 a\u00f1os gracias a los v\u00ednculos firmes entre los pueblos de nuestros dos pa\u00edses, as\u00ed como entre nuestros l\u00edderes.<\/p>\n\n\n\n<p>Esa base s\u00f3lida nos permitir\u00e1 fortalecer a\u00fan m\u00e1s la asociaci\u00f3n estrat\u00e9gica entre Estados Unidos y Jordania en el futuro. Seguimos dedicados a apoyar a Jordania en su camino hacia una mayor prosperidad y estabilidad bajo el liderazgo de Su Majestad el Rey Abdullah II y esperamos profundizar nuestros hist\u00f3ricos v\u00ednculos econ\u00f3micos, culturales y de seguridad.<\/p>\n\n\n\n<p>U.S. Department of State<\/p>\n\n\n\n<p><a target=\"_blank\" href=\"mailto:usstatebpa@public.govdelivery.com\" rel=\"noreferrer noopener\">usstatebpa@public.govdelivery.com<\/a><\/p>\n\n\n\n<p>17\/02\/2024 08:07 p. m. EST<\/p>\n","protected":false},"excerpt":{"rendered":"<p>Antony J. Blinken, Secretario de Estado Hoy celebramos 75 a\u00f1os de relaciones diplom\u00e1ticas entre los Estados Unidos y el Reino Hachemita de Jordania. El 18 de febrero de 1949, Wells Stabler present\u00f3 sus credenciales como primer encargado de negocios&nbsp;interino&nbsp;estadounidense en Jordania. Desde entonces, nuestros pa\u00edses han sido socios, aliados y amigos cercanos. Nuestra relaci\u00f3n ha [&hellip;]<\/p>\n","protected":false},"author":28,"featured_media":419346,"comment_status":"closed","ping_status":"","sticky":true,"template":"","format":"standard","meta":{"footnotes":""},"categories":[36,26,23,27],"tags":[],"class_list":["post-509249","post","type-post","status-publish","format-standard","has-post-thumbnail","hentry","category-hombresmujeresycosas","category-efemerides","category-internacional","category-portada"],"_links":{"self":[{"href":"https:\/\/diariodominicano.com\/index.php?rest_route=\/wp\/v2\/posts\/509249","targetHints":{"allow":["GET"]}}],"collection":[{"href":"https:\/\/diariodominicano.com\/index.php?rest_route=\/wp\/v2\/posts"}],"about":[{"href":"https:\/\/diariodominicano.com\/index.php?rest_route=\/wp\/v2\/types\/post"}],"author":[{"embeddable":true,"href":"https:\/\/diariodominicano.com\/index.php?rest_route=\/wp\/v2\/users\/28"}],"replies":[{"embeddable":true,"href":"https:\/\/diariodominicano.com\/index.php?rest_route=%2Fwp%2Fv2%2Fcomments&post=509249"}],"version-history":[{"count":1,"href":"https:\/\/diariodominicano.com\/index.php?rest_route=\/wp\/v2\/posts\/509249\/revisions"}],"predecessor-version":[{"id":509251,"href":"https:\/\/diariodominicano.com\/index.php?rest_route=\/wp\/v2\/posts\/509249\/revisions\/509251"}],"wp:featuredmedia":[{"embeddable":true,"href":"https:\/\/diariodominicano.com\/index.php?rest_route=\/wp\/v2\/media\/419346"}],"wp:attachment":[{"href":"https:\/\/diariodominicano.com\/index.php?rest_route=%2Fwp%2Fv2%2Fmedia&parent=509249"}],"wp:term":[{"taxonomy":"category","embeddable":true,"href":"https:\/\/diariodominicano.com\/index.php?rest_route=%2Fwp%2Fv2%2Fcategories&post=509249"},{"taxonomy":"post_tag","embeddable":true,"href":"https:\/\/diariodominicano.com\/index.php?rest_route=%2Fwp%2Fv2%2Ftags&post=509249"}],"curies":[{"name":"wp","href":"https:\/\/api.w.org\/{rel}","templated":true}]}}