{"id":509236,"date":"2024-02-17T21:24:48","date_gmt":"2024-02-18T01:24:48","guid":{"rendered":"https:\/\/diariodominicano.com\/?p=509236"},"modified":"2024-02-17T21:24:48","modified_gmt":"2024-02-18T01:24:48","slug":"compartiendo-dialogos-conmigo-mismo-22","status":"publish","type":"post","link":"https:\/\/diariodominicano.com\/?p=509236","title":{"rendered":"COMPARTIENDO DI\u00c1LOGOS CONMIGO MISMO"},"content":{"rendered":"\n<p><strong>RECONCILIARSE CONSIGO MISMO<\/strong><\/p>\n\n\n\n<p><strong>Y PROCEDER SEG\u00daN EL EVANGELIO<\/strong><\/p>\n\n\n\n<p><strong><em>(Ha llegado el instante preciso y precioso de reaparecer en la m\u00edstica, de caminar como un aut\u00e9ntico poeta en guardia, de enmendarse con la fuerza del amor, sin cadenas terr\u00edcolas. Despojados de mundo, pasaremos de la muerte a la vida, previo revolvernos hacia s\u00ed y volvernos a la dimensi\u00f3n contemplativa, de la que nunca debimos ausentarnos. Con la valent\u00eda del reencuentro consigo mismo, a trav\u00e9s de la alianza beat\u00edfica, hallaremos el camino de la misericordia a la luz de la verdad redentora, que es lo que nos trasciende y enciende el destello de un in\u00e9dito anhelo).<\/em><\/strong><\/p>\n\n\n\n<p><strong>I.- LA VENIDA DE DIOS<\/strong><\/p>\n\n\n\n<p><strong>EST\u00c1 EN FIJAR SU VOZ EN NOSOTROS<\/strong><\/p>\n\n\n\n<p><a>Cultivar el sentido de la presencia divina,<\/a><\/p>\n\n\n\n<p>mediante la escucha de su palabra orante,<\/p>\n\n\n\n<p>la ceremonia de los diversos sacramentos,<\/p>\n\n\n\n<p>y la asistencia a los hermanos en camino,<\/p>\n\n\n\n<p>nos lleva a lo vivido en nosotros por Jes\u00fas. &nbsp;<\/p>\n\n\n\n<p>En el desierto Dios nos gu\u00eda hacia el bien,&nbsp; &nbsp;<\/p>\n\n\n\n<p>nos llama sin descanso a su inmortal cielo,<\/p>\n\n\n\n<p>requiere de nuestra presencia a su conf\u00edn,<\/p>\n\n\n\n<p>con la cual emprender un camino de paz,<\/p>\n\n\n\n<p>al son del nervio arm\u00f3nico que nos nutre.<\/p>\n\n\n\n<p>Fuera el gent\u00edo de \u00eddolos que nos abaten,<\/p>\n\n\n\n<p>la multitud de apegos que nos aprisionan;<\/p>\n\n\n\n<p>movilicemos nuevas energ\u00edas celestiales,<\/p>\n\n\n\n<p>que nos orienten hacia el poema sin pena,<\/p>\n\n\n\n<p>hacia el alba sin ning\u00fan ocaso en el alma.<\/p>\n\n\n\n<p><strong>II.- LA PASI\u00d3N DE DIOS<\/strong><\/p>\n\n\n\n<p><strong>EST\u00c1 EN ASENTAR SU REINO EN NOSOTROS<\/strong><\/p>\n\n\n\n<p>La Cuaresma es un tiempo para crecerse,<\/p>\n\n\n\n<p>para crear sosiego en nuestro mar interno,<\/p>\n\n\n\n<p>y para creer en Jes\u00fas que nos reconduce;<\/p>\n\n\n\n<p>s\u00f3lo hay que permitirle poner su morada<\/p>\n\n\n\n<p>en nuestra alma y dejarnos llevar por \u00c9l.<\/p>\n\n\n\n<p>En este soplo de cambio que nos vemos,<\/p>\n\n\n\n<p>avivemos la an\u00edmica espera de la ilusi\u00f3n,<\/p>\n\n\n\n<p>reunidos vivamos la fe a coraz\u00f3n abierto,<\/p>\n\n\n\n<p>revivamos el pulso reconciliador entre s\u00ed,<\/p>\n\n\n\n<p>vaciados de mundo y colmados de amor.<\/p>\n\n\n\n<p>Seguir a Cristo cada d\u00eda es nuestra pugna,<\/p>\n\n\n\n<p>ver que se revela como el siervo de Dios,<\/p>\n\n\n\n<p>totalmente obediente a la voluntad divina,<\/p>\n\n\n\n<p>descabezando todo aguij\u00f3n de desaliento,<\/p>\n\n\n\n<p>con el aliento triunfante de la santa Cruz.<\/p>\n\n\n\n<p><strong>III.- LA SALVACI\u00d3N DE DIOS<\/strong><\/p>\n\n\n\n<p><strong>EST\u00c1 EN SENTAR LA CARIDAD EN NOSOTROS<\/strong><\/p>\n\n\n\n<p>La piedad es un h\u00e1lito libre que est\u00e1 ah\u00ed,<\/p>\n\n\n\n<p>a la espera de ser acogido por la mente,<\/p>\n\n\n\n<p>lo que requiere y quiere querer sin m\u00e1s,<\/p>\n\n\n\n<p>con una revuelta decisiva de conciencia,<\/p>\n\n\n\n<p>y con una vuelta axiom\u00e1tica de actitud.<\/p>\n\n\n\n<p>Hay que salir de este mundo de enga\u00f1o,<\/p>\n\n\n\n<p>para entrar en el espacio de la evidencia,<\/p>\n\n\n\n<p>donde todo es verso y poes\u00eda, no poder,<\/p>\n\n\n\n<p>donde todo es luminaria y no opacidad,<\/p>\n\n\n\n<p>donde todo se sirve en donaci\u00f3n de luz.<\/p>\n\n\n\n<p>S\u00f3lo hay que ser acogedores y humildes,<\/p>\n\n\n\n<p>estar dispuestos a darnos y a conocernos,<\/p>\n\n\n\n<p>mediante el reencuentro y la conversi\u00f3n,<\/p>\n\n\n\n<p>antes de que la vida se nos vaya y vuele,<\/p>\n\n\n\n<p>sin amar a nadie y no ser algo en alguien.<\/p>\n\n\n\n<p><strong>V\u00edctor CORCOBA HERRERO<\/strong><\/p>\n\n\n\n<p><a href=\"mailto:corcoba@telefonica.net\"><strong>corcoba@telefonica.net<\/strong><\/a><\/p>\n\n\n\n<p><strong>17 de febrero de 2024.-<\/strong><\/p>\n","protected":false},"excerpt":{"rendered":"<p>RECONCILIARSE CONSIGO MISMO Y PROCEDER SEG\u00daN EL EVANGELIO (Ha llegado el instante preciso y precioso de reaparecer en la m\u00edstica, de caminar como un aut\u00e9ntico poeta en guardia, de enmendarse con la fuerza del amor, sin cadenas terr\u00edcolas. Despojados de mundo, pasaremos de la muerte a la vida, previo revolvernos hacia s\u00ed y volvernos a [&hellip;]<\/p>\n","protected":false},"author":28,"featured_media":497195,"comment_status":"closed","ping_status":"","sticky":false,"template":"","format":"standard","meta":{"footnotes":""},"categories":[21,25,19],"tags":[],"class_list":["post-509236","post","type-post","status-publish","format-standard","has-post-thumbnail","hentry","category-cultura","category-gente","category-mi-voz"],"_links":{"self":[{"href":"https:\/\/diariodominicano.com\/index.php?rest_route=\/wp\/v2\/posts\/509236","targetHints":{"allow":["GET"]}}],"collection":[{"href":"https:\/\/diariodominicano.com\/index.php?rest_route=\/wp\/v2\/posts"}],"about":[{"href":"https:\/\/diariodominicano.com\/index.php?rest_route=\/wp\/v2\/types\/post"}],"author":[{"embeddable":true,"href":"https:\/\/diariodominicano.com\/index.php?rest_route=\/wp\/v2\/users\/28"}],"replies":[{"embeddable":true,"href":"https:\/\/diariodominicano.com\/index.php?rest_route=%2Fwp%2Fv2%2Fcomments&post=509236"}],"version-history":[{"count":1,"href":"https:\/\/diariodominicano.com\/index.php?rest_route=\/wp\/v2\/posts\/509236\/revisions"}],"predecessor-version":[{"id":509237,"href":"https:\/\/diariodominicano.com\/index.php?rest_route=\/wp\/v2\/posts\/509236\/revisions\/509237"}],"wp:featuredmedia":[{"embeddable":true,"href":"https:\/\/diariodominicano.com\/index.php?rest_route=\/wp\/v2\/media\/497195"}],"wp:attachment":[{"href":"https:\/\/diariodominicano.com\/index.php?rest_route=%2Fwp%2Fv2%2Fmedia&parent=509236"}],"wp:term":[{"taxonomy":"category","embeddable":true,"href":"https:\/\/diariodominicano.com\/index.php?rest_route=%2Fwp%2Fv2%2Fcategories&post=509236"},{"taxonomy":"post_tag","embeddable":true,"href":"https:\/\/diariodominicano.com\/index.php?rest_route=%2Fwp%2Fv2%2Ftags&post=509236"}],"curies":[{"name":"wp","href":"https:\/\/api.w.org\/{rel}","templated":true}]}}